{"id":272221,"date":"2025-07-25T07:10:12","date_gmt":"2025-07-25T07:10:12","guid":{"rendered":"https:\/\/www.europesays.com\/fr\/272221\/"},"modified":"2025-07-25T07:10:12","modified_gmt":"2025-07-25T07:10:12","slug":"la-france-va-reconnaitre-la-palestine-liberation-de-georges-abdallah-conflit-entre-la-thailande-et-le-cambodge-lactu-de-ce-vendredi-25-juillet-au-matin-liberation","status":"publish","type":"post","link":"https:\/\/www.europesays.com\/fr\/272221\/","title":{"rendered":"La France va reconna\u00eetre la Palestine, lib\u00e9ration de Georges Abdallah, conflit entre la Tha\u00eflande et le Cambodge\u2026 L\u2019actu de ce vendredi 25\u00a0juillet au matin \u2013 Lib\u00e9ration"},"content":{"rendered":"<p class=\"sc-ksZaOG ehjQrN text-element\">Chaque matin, la r\u00e9daction de Lib\u00e9 s\u00e9lectionne les actualit\u00e9s incontournables en France, dans le reste du monde et celles \u00e0 suivre au cours de la journ\u00e9e.<\/p>\n<p class=\"sc-ksZaOG ehjQrN text-element\">Alors que l\u2019\u00e9chec de nouveaux pourparlers en vue d\u2019un cessez-le-feu \u00e0 Gaza a \u00e9t\u00e9 act\u00e9, Emmanuel Macron esp\u00e8re cr\u00e9er une dynamique collective : le pr\u00e9sident fran\u00e7ais a annonc\u00e9, jeudi soir, que la France allait <a href=\"https:\/\/www.liberation.fr\/international\/moyen-orient\/macron-annonce-que-la-france-va-reconnaitre-letat-de-palestine-en-septembre-20250724_FHPQBFCBPRDYVB4S2YLJCEPWLM\/\" target=\"_blank\" rel=\"nofollow noopener\" title=\"https:\/\/www.liberation.fr\/international\/moyen-orient\/macron-annonce-que-la-france-va-reconnaitre-letat-de-palestine-en-septembre-20250724_FHPQBFCBPRDYVB4S2YLJCEPWLM\/\">reconna\u00eetre l\u2019Etat de Palestine en septembre<\/a>. D\u00e9cision <a href=\"https:\/\/www.liberation.fr\/international\/moyen-orient\/reconnaissance-de-letat-de-palestine-pour-netanyahou-macron-recompense-la-terreur-le-hamas-appelle-dautres-etats-a-suivre-paris-20250725_HUHIOZXXFVFLTOH2KJOEMYTWBI\/\" target=\"_blank\" rel=\"nofollow noopener\" title=\"https:\/\/www.liberation.fr\/international\/moyen-orient\/reconnaissance-de-letat-de-palestine-pour-netanyahou-macron-recompense-la-terreur-le-hamas-appelle-dautres-etats-a-suivre-paris-20250725_HUHIOZXXFVFLTOH2KJOEMYTWBI\/\">aussit\u00f4t d\u00e9cri\u00e9e par Isra\u00ebl<\/a> &#8211; une \u00abr\u00e9compense [de] la terreur\u00bb, a fustig\u00e9 Benyamin N\u00e9tanyahou, r\u00e9f\u00e9rence \u00e0 l\u2019attaque du 7 octobre. Les Etats-Unis, proches alli\u00e9s d\u2019Isra\u00ebl, ont eux aussi \u00abfermement\u00bb rejet\u00e9 le projet fran\u00e7ais, jug\u00e9 \u00abimprudent\u00bb, ce vendredi matin.<\/p>\n<p class=\"sc-ksZaOG ehjQrN text-element\">Apr\u00e8s 40 ans derri\u00e8re les barreaux, le militant libanais propalestinien a quitt\u00e9 la <a href=\"https:\/\/www.liberation.fr\/france\/2017\/10\/22\/a-lannemezan-une-mobilisation-pour-le-plus-ancien-detenu-de-france_1604913\/\" target=\"_blank\" rel=\"nofollow noopener\" title=\"https:\/\/www.liberation.fr\/france\/2017\/10\/22\/a-lannemezan-une-mobilisation-pour-le-plus-ancien-detenu-de-france_1604913\/\">prison de Lannemezan<\/a> (Hautes-Pyr\u00e9n\u00e9es) dans la nuit de jeudi \u00e0 vendredi. <a href=\"https:\/\/www.liberation.fr\/societe\/police-justice\/liberation-de-georges-abdallah-detenu-depuis-quarante-ans-20250717_5Q6Q5AE76NFRPNDIGFTOZYV5QQ\/?redirected=1\" target=\"_blank\" rel=\"nofollow noopener\" title=\"https:\/\/www.liberation.fr\/societe\/police-justice\/liberation-de-georges-abdallah-detenu-depuis-quarante-ans-20250717_5Q6Q5AE76NFRPNDIGFTOZYV5QQ\/?redirected=1\">Georges Abdallah<\/a> avait \u00e9t\u00e9 condamn\u00e9 dans les ann\u00e9es 1980 pour complicit\u00e9 d\u2019assassinats de diplomates am\u00e9ricain et isra\u00e9lien et \u00e9tait consid\u00e9r\u00e9 <a href=\"https:\/\/www.liberation.fr\/societe\/police-justice\/le-militant-propalestinien-georges-abdallah-va-retrouver-la-liberte-apres-avoir-passe-la-moitie-de-sa-vie-en-prison-20241115_VGPUJFJKXBEPRNYSXXIPHMYD7Y\/\" target=\"_blank\" rel=\"nofollow noopener\" title=\"https:\/\/www.liberation.fr\/societe\/police-justice\/le-militant-propalestinien-georges-abdallah-va-retrouver-la-liberte-apres-avoir-passe-la-moitie-de-sa-vie-en-prison-20241115_VGPUJFJKXBEPRNYSXXIPHMYD7Y\/\">comme l\u2019un des plus anciens prisonniers de France<\/a>. Il devait \u00eatre amen\u00e9 \u00e0 l\u2019a\u00e9roport vers Paris, pour ensuite d\u00e9coller pour le Liban d\u00e8s ce vendredi matin. Le parquet g\u00e9n\u00e9ral de Paris avait annonc\u00e9, le 21 juillet, <a href=\"https:\/\/www.liberation.fr\/societe\/police-justice\/liberation-de-georges-abdallah-le-parquet-general-de-paris-annonce-se-pourvoir-en-cassation-20250721_YAE4YPXBCJFEJFBP4SS3WFYXI4\/\" target=\"_blank\" rel=\"nofollow noopener\" title=\"https:\/\/www.liberation.fr\/societe\/police-justice\/liberation-de-georges-abdallah-le-parquet-general-de-paris-annonce-se-pourvoir-en-cassation-20250721_YAE4YPXBCJFEJFBP4SS3WFYXI4\/\">se pourvoir en cassation<\/a> contre cette d\u00e9cision de lib\u00e9ration.<\/p>\n<p class=\"sc-ksZaOG ehjQrN text-element\">Des affrontements qui \u00abpourraient devenir une guerre\u00bb : au deuxi\u00e8me jour du <a href=\"https:\/\/www.liberation.fr\/international\/asie-pacifique\/escalade-meurtriere-entre-la-thailande-et-cambodge-les-racines-dun-vieux-conflit-frontalier-20250725_FDUW6D7B65HF3OD5GL4H5T2P5Y\/\" target=\"_blank\" rel=\"nofollow noopener\" title=\"https:\/\/www.liberation.fr\/international\/asie-pacifique\/escalade-meurtriere-entre-la-thailande-et-cambodge-les-racines-dun-vieux-conflit-frontalier-20250725_FDUW6D7B65HF3OD5GL4H5T2P5Y\/\">conflit dans six zones de la fronti\u00e8re entre la Tha\u00eflande et le Cambodge<\/a>, Bangkok lance un avertissement. C\u00f4t\u00e9 tha\u00eflandais, 138 000 civils ont \u00e9t\u00e9 \u00e9vacu\u00e9s, et le minist\u00e8re de la Sant\u00e9 fait \u00e9tat de 15 morts, dont un militaire ; le Cambodge d\u00e9plore pour sa part un mort et cinq bless\u00e9s. Le diff\u00e9rend frontalier entre les deux pays d\u2019Asie du Sud-Est <a href=\"https:\/\/www.liberation.fr\/international\/asie-pacifique\/de-nouveaux-affrontements-a-la-frontiere-entre-la-thailande-et-le-cambodge-font-un-mort-20250724_H7XFM5NWBRGK5M5OJBCINUZG3A\/\" target=\"_blank\" rel=\"nofollow noopener\" title=\"https:\/\/www.liberation.fr\/international\/asie-pacifique\/de-nouveaux-affrontements-a-la-frontiere-entre-la-thailande-et-le-cambodge-font-un-mort-20250724_H7XFM5NWBRGK5M5OJBCINUZG3A\/\">engendre un niveau de violence<\/a> jamais vue depuis 2011, impliquant des avions de combat, des tanks, des troupes au sol et des tirs d\u2019artillerie dans plusieurs endroits disput\u00e9s.<\/p>\n<p class=\"sc-ksZaOG ehjQrN text-element\"><b>L\u2019Iran et les Europ\u00e9ens discutent du nucl\u00e9aire en Turquie<\/b><\/p>\n<p class=\"sc-ksZaOG ehjQrN text-element\">Une d\u00e9l\u00e9gation iranienne retrouve vendredi \u00e0 Istanbul des \u00e9missaires fran\u00e7ais, britanniques et allemands pour de <a href=\"https:\/\/www.liberation.fr\/international\/moyen-orient\/nucleaire-iranien-les-europeens-menacent-de-retablir-les-sanctions-20250719_BJ3KMUZ5CZFZTCHRF2AI4KDGXM\/\" target=\"_blank\" rel=\"nofollow noopener\" title=\"https:\/\/www.liberation.fr\/international\/moyen-orient\/nucleaire-iranien-les-europeens-menacent-de-retablir-les-sanctions-20250719_BJ3KMUZ5CZFZTCHRF2AI4KDGXM\/\">nouveaux pourparlers sur le programme nucl\u00e9aire<\/a> iranien, \u00e0 l\u2019heure o\u00f9 les trois puissances europ\u00e9ennes menacent de r\u00e9tablir les sanctions contre T\u00e9h\u00e9ran. Cette r\u00e9union est la premi\u00e8re <a href=\"https:\/\/www.liberation.fr\/international\/moyen-orient\/un-mois-apres-loffensive-israelienne-les-iraniens-se-debattent-dans-un-present-sans-futur-20250718_J2XVYUITURBTTMSR23VAVPYEOI\/\" target=\"_blank\" rel=\"nofollow noopener\" title=\"https:\/\/www.liberation.fr\/international\/moyen-orient\/un-mois-apres-loffensive-israelienne-les-iraniens-se-debattent-dans-un-present-sans-futur-20250718_J2XVYUITURBTTMSR23VAVPYEOI\/\">depuis l\u2019attaque isra\u00e9lienne contre l\u2019Iran \u00e0 la mi-juin<\/a>, qui a vis\u00e9 des sites nucl\u00e9aires et militaires cl\u00e9s et d\u00e9clench\u00e9 une guerre de 12 jours.<\/p>\n<p class=\"sc-ksZaOG ehjQrN text-element\"><b>19e \u00e9tape du Tour de France dans les Alpes, raccourcie apr\u00e8s la d\u00e9couverte de bovins malades<\/b><\/p>\n<p class=\"sc-ksZaOG ehjQrN text-element\">Les cyclistes vont bien s\u2019\u00e9lancer d\u2019Albertville, commune savoyarde, jusqu\u2019\u00e0 La Plage, mais leur circuit va \u00eatre raccourci. Sur les 129,9 kilom\u00e8tres pr\u00e9vus, la 19e \u00e9tape <a href=\"https:\/\/www.liberation.fr\/sports\/cyclisme\/tour-de-france-2025-laustralien-ben-oconnor-winner-a-la-loze-20250724_IGKG7EZC75F7JAG5FPONC4N4UA\/\" target=\"_blank\" rel=\"nofollow noopener\" title=\"https:\/\/www.liberation.fr\/sports\/cyclisme\/tour-de-france-2025-laustralien-ben-oconnor-winner-a-la-loze-20250724_IGKG7EZC75F7JAG5FPONC4N4UA\/\">du Tour de France<\/a> n\u2019en fera plus que 95. En cause : \u00abLa d\u00e9couverte au sein d\u2019un troupeau situ\u00e9 pr\u00e9cis\u00e9ment dans le col des Saisies d\u2019un <a href=\"https:\/\/www.liberation.fr\/environnement\/agriculture\/ici-tout-le-monde-a-peur-en-savoie-la-ministre-de-lagriculture-soigne-sa-comaupres-des-eleveurs-impactes-par-la-dermatose-nodulaire-contagieuse-20250724_4XRD3DHVBFGSDC7TYF7UXCLTEE\/\" target=\"_blank\" rel=\"nofollow noopener\" title=\"https:\/\/www.liberation.fr\/environnement\/agriculture\/ici-tout-le-monde-a-peur-en-savoie-la-ministre-de-lagriculture-soigne-sa-comaupres-des-eleveurs-impactes-par-la-dermatose-nodulaire-contagieuse-20250724_4XRD3DHVBFGSDC7TYF7UXCLTEE\/\">foyer de dermatose nodulaire contagieuse<\/a> touchant les bovins doit conduire \u00e0 l\u2019abattage des animaux\u00bb, a annonc\u00e9 jeudi soir ASO, la soci\u00e9t\u00e9 organisatrice de l\u2019\u00e9v\u00e9nement. Le d\u00e9part fictif sera donn\u00e9 une heure plus tard qu\u2019initialement pr\u00e9vu, \u00e0 14 h 30.<\/p>\n","protected":false},"excerpt":{"rendered":"Chaque matin, la r\u00e9daction de Lib\u00e9 s\u00e9lectionne les actualit\u00e9s incontournables en France, dans le reste du monde et&hellip;\n","protected":false},"author":2,"featured_media":272222,"comment_status":"","ping_status":"","sticky":false,"template":"","format":"standard","meta":{"footnotes":""},"categories":[4],"tags":[11,9265,1011,27,664,12,3518,4702,25,1684,210],"class_list":{"0":"post-272221","1":"post","2":"type-post","3":"status-publish","4":"format-standard","5":"has-post-thumbnail","7":"category-france","8":"tag-actualites","9":"tag-cambodge","10":"tag-fr","11":"tag-france","12":"tag-israel","13":"tag-news","14":"tag-palestine","15":"tag-recap-actu","16":"tag-republique-francaise","17":"tag-thailande","18":"tag-tour-de-france"},"share_on_mastodon":{"url":"https:\/\/pubeurope.com\/@fr\/114912626153274894","error":""},"_links":{"self":[{"href":"https:\/\/www.europesays.com\/fr\/wp-json\/wp\/v2\/posts\/272221","targetHints":{"allow":["GET"]}}],"collection":[{"href":"https:\/\/www.europesays.com\/fr\/wp-json\/wp\/v2\/posts"}],"about":[{"href":"https:\/\/www.europesays.com\/fr\/wp-json\/wp\/v2\/types\/post"}],"author":[{"embeddable":true,"href":"https:\/\/www.europesays.com\/fr\/wp-json\/wp\/v2\/users\/2"}],"replies":[{"embeddable":true,"href":"https:\/\/www.europesays.com\/fr\/wp-json\/wp\/v2\/comments?post=272221"}],"version-history":[{"count":0,"href":"https:\/\/www.europesays.com\/fr\/wp-json\/wp\/v2\/posts\/272221\/revisions"}],"wp:featuredmedia":[{"embeddable":true,"href":"https:\/\/www.europesays.com\/fr\/wp-json\/wp\/v2\/media\/272222"}],"wp:attachment":[{"href":"https:\/\/www.europesays.com\/fr\/wp-json\/wp\/v2\/media?parent=272221"}],"wp:term":[{"taxonomy":"category","embeddable":true,"href":"https:\/\/www.europesays.com\/fr\/wp-json\/wp\/v2\/categories?post=272221"},{"taxonomy":"post_tag","embeddable":true,"href":"https:\/\/www.europesays.com\/fr\/wp-json\/wp\/v2\/tags?post=272221"}],"curies":[{"name":"wp","href":"https:\/\/api.w.org\/{rel}","templated":true}]}}