{"id":272225,"date":"2025-07-25T07:13:10","date_gmt":"2025-07-25T07:13:10","guid":{"rendered":"https:\/\/www.europesays.com\/fr\/272225\/"},"modified":"2025-07-25T07:13:10","modified_gmt":"2025-07-25T07:13:10","slug":"antoine-dupont-la-demande-tres-embarrassante","status":"publish","type":"post","link":"https:\/\/www.europesays.com\/fr\/272225\/","title":{"rendered":"Antoine Dupont, la demande tr\u00e8s embarrassante"},"content":{"rendered":"<p><strong>Le demi de m\u00eal\u00e9e du Stade<br \/>\nToulousain est revenu sur son r\u00f4le de capitaine, qu\u2019il tient chez<br \/>\nles Bleus comme chez les Rouge et Noir.<\/strong><\/p>\n<p>Antoine Dupont est le leader incontest\u00e9 du Stade Toulousain<br \/>\ncomme du XV de France. Un statut qu\u2019il doit en premier lieu \u00e0 son<br \/>\ntalent et \u00e0 sa facult\u00e9 \u00e0 changer le cours d\u2019un match sur une simple<br \/>\naction. Mais l\u2019ancien Castrais est \u00e9galement depuis de nombreuses<br \/>\nann\u00e9es le capitaine des Bleus et l\u2019est \u00e9galement r\u00e9cemment devenu \u00e0<br \/>\nToulouse.<\/p>\n<p>De son propre aveu, le natif de Lannemezan n\u2019a pourtant pas<br \/>\nsaut\u00e9 de joie lorsque Fabien Galthi\u00e9 lui a propos\u00e9 le r\u00f4le de<br \/>\ncapitaine. Bien au contraire. \u00ab On ne m\u2019a trop laiss\u00e9 le choix<br \/>\n! Ce n\u2019est pas un r\u00f4le dans lequel je me sentais \u00e0 l\u2019aise, j\u2019avais<br \/>\njuste envie d\u2019aller sur le terrain et de jouer au rugby, le ballon<br \/>\nsous le bras \u00bb, a-t-il ainsi expliqu\u00e9 dans le podcast Sous le<br \/>\nsoleil de Platon.<\/p>\n<blockquote class=\"twitter-tweet\"><p><a class=\"twitter-link\" rel=\"noindex, nofollow noopener\" href=\"https:\/\/twitter.com\/sports_fr\/status\/1947595804392186228\" target=\"_blank\"><\/p><\/blockquote>\n<p>\u00ab\u00a0 Les num\u00e9ros 9 restent des capitaines dans l\u2019\u00e2me,<br \/>\nc\u2019\u00e9tait un c\u00f4t\u00e9 de mon jeu que je n\u2019avais pas beaucoup d\u00e9velopp\u00e9,<br \/>\net encore une fois qui ne m\u2019int\u00e9ressait pas alors que ce n\u2019\u00e9tait<br \/>\npas une bonne chose car il fallait que je l\u2019ai, a-t-il<br \/>\npoursuivi. Le coach m\u2019a pouss\u00e9 \u00e0 ce r\u00f4le-l\u00e0 parce qu\u2019il savait<br \/>\nque \u00e7a allait me faire \u00e9voluer aussi en tant que<br \/>\njoueur.\u00a0\u00bb<\/p>\n<p>Antoine Dupont n\u2019a pas fait comme Fabien Galthi\u00e9<\/p>\n<p>Pour autant, Antoine Dupont n\u2019a pas envisag\u00e9 de refuser ce r\u00f4le<br \/>\nde capitaine. A l\u2019inverse de\u2026 Fabien Galthi\u00e9 lorsqu\u2019il \u00e9tait<br \/>\njoueur, comme il l\u2019a lui-m\u00eame racont\u00e9 \u00e0 son demi de m\u00eal\u00e9e.<\/p>\n<p>\u00ab\u00a0\u00c7a peut se refuser. J\u2019ai eu la discussion avec Fabien<br \/>\nGalthi\u00e9 o\u00f9 lui m\u2019avait dit qu\u2019il l\u2019avait refus\u00e9 dans un premier<br \/>\ntemps quand il \u00e9tait joueur pour finalement l\u2019accepter un peu de<br \/>\nforce plus tard, a-t-il expliqu\u00e9. \u00c7a peut se refuser m\u00eame<br \/>\nsi c\u2019est difficile. \u00c7a reste quand m\u00eame un honneur. C\u2019est dur \u00e0<br \/>\nrefuser, mais je l\u2019ai accept\u00e9 car je me sentais<br \/>\npr\u00eat.\u00a0\u00bb<\/p>\n<p><script async src=\"https:\/\/platform.twitter.com\/widgets.js\" charset=\"utf-8\"><\/script><\/p>\n","protected":false},"excerpt":{"rendered":"Le demi de m\u00eal\u00e9e du Stade Toulousain est revenu sur son r\u00f4le de capitaine, qu\u2019il tient chez les&hellip;\n","protected":false},"author":2,"featured_media":272226,"comment_status":"","ping_status":"","sticky":false,"template":"","format":"standard","meta":{"footnotes":""},"categories":[1416],"tags":[1011,27,479,1468,60],"class_list":{"0":"post-272225","1":"post","2":"type-post","3":"status-publish","4":"format-standard","5":"has-post-thumbnail","7":"category-rugby","8":"tag-fr","9":"tag-france","10":"tag-rugby","11":"tag-rugby-football","12":"tag-sports"},"share_on_mastodon":{"url":"https:\/\/pubeurope.com\/@fr\/114912638030232036","error":""},"_links":{"self":[{"href":"https:\/\/www.europesays.com\/fr\/wp-json\/wp\/v2\/posts\/272225","targetHints":{"allow":["GET"]}}],"collection":[{"href":"https:\/\/www.europesays.com\/fr\/wp-json\/wp\/v2\/posts"}],"about":[{"href":"https:\/\/www.europesays.com\/fr\/wp-json\/wp\/v2\/types\/post"}],"author":[{"embeddable":true,"href":"https:\/\/www.europesays.com\/fr\/wp-json\/wp\/v2\/users\/2"}],"replies":[{"embeddable":true,"href":"https:\/\/www.europesays.com\/fr\/wp-json\/wp\/v2\/comments?post=272225"}],"version-history":[{"count":0,"href":"https:\/\/www.europesays.com\/fr\/wp-json\/wp\/v2\/posts\/272225\/revisions"}],"wp:featuredmedia":[{"embeddable":true,"href":"https:\/\/www.europesays.com\/fr\/wp-json\/wp\/v2\/media\/272226"}],"wp:attachment":[{"href":"https:\/\/www.europesays.com\/fr\/wp-json\/wp\/v2\/media?parent=272225"}],"wp:term":[{"taxonomy":"category","embeddable":true,"href":"https:\/\/www.europesays.com\/fr\/wp-json\/wp\/v2\/categories?post=272225"},{"taxonomy":"post_tag","embeddable":true,"href":"https:\/\/www.europesays.com\/fr\/wp-json\/wp\/v2\/tags?post=272225"}],"curies":[{"name":"wp","href":"https:\/\/api.w.org\/{rel}","templated":true}]}}