{"id":272227,"date":"2025-07-25T07:14:11","date_gmt":"2025-07-25T07:14:11","guid":{"rendered":"https:\/\/www.europesays.com\/fr\/272227\/"},"modified":"2025-07-25T07:14:11","modified_gmt":"2025-07-25T07:14:11","slug":"je-sais-que-je-vais-mieux-jouer-venus-williams-eliminee-en-8es-de-finale-a-washington-par-magdalena-frech-lequipe","status":"publish","type":"post","link":"https:\/\/www.europesays.com\/fr\/272227\/","title":{"rendered":"\u00ab Je sais que je vais mieux jouer \u00bb : Venus Williams \u00e9limin\u00e9e en 8es de finale \u00e0 Washington par Magdalena Frech &#8211; L&#039;\u00c9quipe"},"content":{"rendered":"<ol>\n<li><a href=\"https:\/\/news.google.com\/rss\/articles\/CBMi6wFBVV95cUxPeXYwa1RRVlh0d0FlZ204OFFabGJnRG5oWGZaWnJrYnBBdy1DaXg2T1RvVzVULWVnSF9kRmxGQ2haaEVIb2V4Zlo2QUZLN2owaUlxWVJUeXRUSW9rSXhlRTBhMzFrb1hVV0JjOFQwZG1lWl8zX2tuZkpsd04xc0lSUmtESjRzdGl2UTIzSVVFSVEwSWpyeXRRcE5KMnJVWUpWSlpXbEIxS25VajJmeEp2dzNuRVp3ajllZmJwQWxTcjVRTEJkVEJsYTFHS0htZG5UYWxEYUpaalVieWhBYlJJY0F3TFdsOGJjWURJ?oc=5\" target=\"_blank\" rel=\"nofollow noopener\">\u00ab Je sais que je vais mieux jouer \u00bb : Venus Williams \u00e9limin\u00e9e en 8es de finale \u00e0 Washington par Magdalena Frech<\/a>&nbsp;&nbsp;L&rsquo;\u00c9quipe<\/li>\n<li><a href=\"https:\/\/news.google.com\/rss\/articles\/CBMitwFBVV95cUxPbnRoSkRNejJoN3VxNGE5OVFXRkE5VzMtQ0FIQnpXXzhyTlBTZGpfWGNhc3BSWklITjB6R0wyeTJNbHVUUjdZanZEZWZXWUU3SXdnWk8xUk9oOHJxS0t0bjFCZC1nbllsUU42ODRSTEU3LWFxaU13UmpndXhpaEZkTmhwQ1ZHeXpzRFdEd25sZlhuMk9xdEpabnd5Snc5b1JiYk9hM0NtVlZidnVBdVpvODFVeHNYZzjSAbYBQVVfeXFMT1RFLTI2NTZHMElvOHBuNVJpbDl6cTJobTVnMFNOWEVCZ1JBRS03N1I1TGgyVFJjdkduVG5CZ0JSSldKQ1JleHhSd2c4RnY0TFUtRzM3eFlkdm4yYS13dHNBUGpTQkNkMGkyVnNlbFV6d1FGSk5HVkFmVGtIblc5cnZXWklhMmthaUk0dlUtbWhwSHgzLUVyejF3UkJmY2xGX25mZ3dqc29SLWk3c3dDbXYxdGtPaWc?oc=5\" target=\"_blank\" rel=\"nofollow noopener\">WTA &#8211; Washington : Pas de nouvel exploit pour V.Williams<\/a>&nbsp;&nbsp;Orange Actualit\u00e9s | Sports<\/li>\n<li><a href=\"https:\/\/news.google.com\/rss\/articles\/CBMi_AFBVV95cUxPVk5JTjV1Z3g3T0hjaHpWa1otZjhwMWhSWGlPbGdmQlZvTDg0Nzh3TTlGclBRLVhydEVQVEhOUjdkdjVmSW1GcC1YcXpidC15cnlqNHZ5QkxPcnE1LVZ1bUhjTmFaRnpZUTVzal9EQlhxU1laSFVKNWdpVW54NlVPczY5RzkxZnBlaE5MZ2dSdWlzNUNPbjFvU1VfUzVhUHR3ZFBhRTVLUndIMDZ0T3ppRDFDOXhQVDZfTUVSTVk3bjgtNkFldi1uWHhwUHJxenBtajZ2TV91Uk9lbUNlQUZHczA2REJKM01iRjlSQU1uLXIwcm13Snh6TGptMm8?oc=5\" target=\"_blank\" rel=\"nofollow noopener\">\u00ab\u00a0Je n&rsquo;avais plus de jus\u00a0\u00bb : Venus Williams stopp\u00e9e net par Magdalena Frech en huiti\u00e8mes de finale<\/a>&nbsp;&nbsp;Eurosport<\/li>\n<li><a href=\"https:\/\/news.google.com\/rss\/articles\/CBMi2wFBVV95cUxOdk5JSXA2Q0cyT3pORVJNaUp1S0R4ZTl0VmNJcktUWU5EU1NiVkdYbzZwbzNMek1FRXlZbmZmazFjUmFsN2I1WEFQWnVnYXRFTFo5X2ZtV3BCZzMtY0FpTjFjcHJVbFQyNjhScE95cHRIckd3bTk3U19uTXZqSDh3QmlMMkxhakhvb2c2Z0lLNDVveERLVUtvUjB2eGUwcWxnUjVvaVJRWDdvdWpNYWNKX3R2cWtUZzVCNDZlQnNJdlB6dV8ySkdnWmx6eWFaOHF2YnNIQVdtTzFCVnM?oc=5\" target=\"_blank\" rel=\"nofollow noopener\">Qu\u2019est-ce que le fibrome ut\u00e9rin, cette maladie qui a impact\u00e9 la carri\u00e8re de Venus Williams ?<\/a>&nbsp;&nbsp;Le Point<\/li>\n<li><a href=\"https:\/\/news.google.com\/rss\/articles\/CBMizgJBVV95cUxNQkhBTmk5ZzdlVVRtQUJ4NklsS3R1a1BPT3FReFBhUzF5cG9WbXExS2ZpMW80Y1k4YTkyckExQ0F5ek5yV2xxbUFfZU5WZHRxR3RfSzh6SWNJeW55czlRY1YzZGNvcXFsMWhRYW5SU3B6NVpiMVN4MjcwMlR1UG5MZ2FwSC12NU42dWpYMWtOT0FkYW5JcVBLTHV0c21YYlhHU2MtRDl0dzg0SFptWGo4N2xlMUxDZ0t1VlZkTUszUlItQ0huczlCNlJ0SmZBWGw4VVdkVUVNRkQtWkhueEdzdGY1STVGX3o5UmhNUG5wMC0yOXE4bnZCRm0xS2RnM2tyZThnaWZzbEo5YS1hbjhhclI1MTcyZ3BTdnBUUDlwUHZLTlRfcVFUTDlmTHJBYU5FYTRtNFR6Z1FwUUVBS2ZMSHZlVTlIRkNwZjZtNGJR?oc=5\" target=\"_blank\" rel=\"nofollow noopener\">WTA &#8211; Washington &gt; Andy Roddick sur le retour de Venus Williams \u00e0 45 ans : \u00ab\u00a0Si demain, Roger Federer demande une wild card pour la semaine prochaine, et que vous \u00eates directeur de tournoi, vous la lui donnez\u00a0\u00bb<\/a>&nbsp;&nbsp;We Love Tennis<\/li>\n<\/ol>\n","protected":false},"excerpt":{"rendered":"\u00ab Je sais que je vais mieux jouer \u00bb : Venus Williams \u00e9limin\u00e9e en 8es de finale \u00e0&hellip;\n","protected":false},"author":2,"featured_media":272228,"comment_status":"","ping_status":"","sticky":false,"template":"","format":"standard","meta":{"footnotes":""},"categories":[1415],"tags":[1011,27,60,1467],"class_list":{"0":"post-272227","1":"post","2":"type-post","3":"status-publish","4":"format-standard","5":"has-post-thumbnail","7":"category-tennis","8":"tag-fr","9":"tag-france","10":"tag-sports","11":"tag-tennis"},"share_on_mastodon":{"url":"https:\/\/pubeurope.com\/@fr\/114912641851176895","error":""},"_links":{"self":[{"href":"https:\/\/www.europesays.com\/fr\/wp-json\/wp\/v2\/posts\/272227","targetHints":{"allow":["GET"]}}],"collection":[{"href":"https:\/\/www.europesays.com\/fr\/wp-json\/wp\/v2\/posts"}],"about":[{"href":"https:\/\/www.europesays.com\/fr\/wp-json\/wp\/v2\/types\/post"}],"author":[{"embeddable":true,"href":"https:\/\/www.europesays.com\/fr\/wp-json\/wp\/v2\/users\/2"}],"replies":[{"embeddable":true,"href":"https:\/\/www.europesays.com\/fr\/wp-json\/wp\/v2\/comments?post=272227"}],"version-history":[{"count":0,"href":"https:\/\/www.europesays.com\/fr\/wp-json\/wp\/v2\/posts\/272227\/revisions"}],"wp:featuredmedia":[{"embeddable":true,"href":"https:\/\/www.europesays.com\/fr\/wp-json\/wp\/v2\/media\/272228"}],"wp:attachment":[{"href":"https:\/\/www.europesays.com\/fr\/wp-json\/wp\/v2\/media?parent=272227"}],"wp:term":[{"taxonomy":"category","embeddable":true,"href":"https:\/\/www.europesays.com\/fr\/wp-json\/wp\/v2\/categories?post=272227"},{"taxonomy":"post_tag","embeddable":true,"href":"https:\/\/www.europesays.com\/fr\/wp-json\/wp\/v2\/tags?post=272227"}],"curies":[{"name":"wp","href":"https:\/\/api.w.org\/{rel}","templated":true}]}}