{"id":272229,"date":"2025-07-25T07:16:12","date_gmt":"2025-07-25T07:16:12","guid":{"rendered":"https:\/\/www.europesays.com\/fr\/272229\/"},"modified":"2025-07-25T07:16:12","modified_gmt":"2025-07-25T07:16:12","slug":"motogp-brad-binder-a-pris-tous-les-risques-pour-gagner-le-minigp","status":"publish","type":"post","link":"https:\/\/www.europesays.com\/fr\/272229\/","title":{"rendered":"MotoGP, Brad Binder a pris tous les risques pour gagner le &lsquo;MiniGP&rsquo;"},"content":{"rendered":"<p><img loading=\"lazy\" decoding=\"async\" src=\"https:\/\/www.europesays.com\/fr\/wp-content\/uploads\/2025\/07\/Reseaux-sociaux-Recupere-Recupere-4.png\" alt=\"MotoGP, Binder\" class=\"\" width=\"1080\" height=\"675\"\/><\/p>\n<p class=\"my-0\"><strong>Vous n\u2019\u00eates pas assez int\u00e9ress\u00e9 par les<br \/>\nr\u00e9seaux sociaux pour suivre plusieurs centaines de pilotes, mais<br \/>\nvous n\u2019aimez pas rater aucune des petites histoires qui animent le<br \/>\nMotoGP (Moto2 et Moto3), le <a class=\"break-word hover:text-super hover:decoration-super underline decoration-from-font underline-offset-1 transition-all duration-300\" href=\"https:\/\/www.worldsbk.com\/\" target=\"_blank\" rel=\"nofollow noopener\">WorldSBK<\/a> et les autres cat\u00e9gories ?<br \/>\nCette\u202frubrique quotidienne\u202fest faite pour vous, pour bien commencer<br \/>\nla journ\u00e9e en attendant des articles plus cons\u00e9quents mais parfois<br \/>\nmoins insolites ! Aujourd\u2019hui, des stars du MotoGP qui ont laiss\u00e9<br \/>\nde c\u00f4t\u00e9 leurs prototypes <a href=\"https:\/\/www.instagram.com\/p\/DMajZ86CGIM\/\" rel=\"nofollow noopener\" target=\"_blank\">pour s\u2019affronter\u2026 en<br \/>\nMini GP<\/a>.\u00a0<\/strong><\/p>\n<p class=\"my-0\">Le lundi suivant le Grand Prix d\u2019Allemagne, le Red<br \/>\nBull Ring a vu d\u00e9barquer non pas des prototypes surpuissants, mais<br \/>\nBrad Binder, Pedro Acosta, Miguel Oliveira, Johannes Wimber et<br \/>\nDominika Grnova, pr\u00eats \u00e0 en d\u00e9coudre\u2026 sur le minuscule et technique<br \/>\ncircuit MiniMoto du Driving Center de Spielberg. Dans l\u2019esprit d\u2019un<br \/>\n\u00ab\u202ftout est permis\u202f\u00bb, les pilotes MotoGP et leurs acolytes se sont<br \/>\nlivr\u00e9s \u00e0 une course aussi courte qu\u2019intense.<\/p>\n<p class=\"my-0\">Cerise sur le g\u00e2teau\u202f: le d\u00e9part a \u00e9t\u00e9 donn\u00e9 par<br \/>\n\u00c1lex M\u00e1rquez, qui a ainsi profit\u00e9 de l\u2019\u00e9v\u00e9nement en bord de piste,<br \/>\nne pouvant pas concourir en raison d\u2019une blessure \u00e0 la main. Cet<br \/>\n\u00e9v\u00e9nement venait teaser le Grand Prix d\u2019Autriche de MotoGP \u00e0<br \/>\nSpielberg, qui aura lieu du 15 au 17 ao\u00fbt, signant la reprise de la<br \/>\nsaison 2025 de MotoGP.<\/p>\n<p><a href=\"https:\/\/www.paddock-gp.com\/wp-content\/uploads\/2025\/07\/Capture-decran-2025-07-24-a-12.24.04.png\" rel=\"nofollow noopener\" target=\"_blank\"><br \/>\n<img loading=\"lazy\" decoding=\"async\" class=\"aligncenter wp-image-1313892 size-large\" src=\"https:\/\/www.europesays.com\/fr\/wp-content\/uploads\/2025\/07\/Capture-decran-2025-07-24-a-12.24.04-600x394.png\" alt=\"\" width=\"600\" height=\"394\"  \/><\/a><\/p>\n<p><script async src=\"\/\/www.instagram.com\/embed.js\"><\/script><\/p>\n","protected":false},"excerpt":{"rendered":"Vous n\u2019\u00eates pas assez int\u00e9ress\u00e9 par les r\u00e9seaux sociaux pour suivre plusieurs centaines de pilotes, mais vous n\u2019aimez&hellip;\n","protected":false},"author":2,"featured_media":272230,"comment_status":"","ping_status":"","sticky":false,"template":"","format":"standard","meta":{"footnotes":""},"categories":[1413],"tags":[1011,27,1457,1456,60],"class_list":{"0":"post-272229","1":"post","2":"type-post","3":"status-publish","4":"format-standard","5":"has-post-thumbnail","7":"category-moto","8":"tag-fr","9":"tag-france","10":"tag-moto","11":"tag-motocycle","12":"tag-sports"},"share_on_mastodon":{"url":"https:\/\/pubeurope.com\/@fr\/114912649938620493","error":""},"_links":{"self":[{"href":"https:\/\/www.europesays.com\/fr\/wp-json\/wp\/v2\/posts\/272229","targetHints":{"allow":["GET"]}}],"collection":[{"href":"https:\/\/www.europesays.com\/fr\/wp-json\/wp\/v2\/posts"}],"about":[{"href":"https:\/\/www.europesays.com\/fr\/wp-json\/wp\/v2\/types\/post"}],"author":[{"embeddable":true,"href":"https:\/\/www.europesays.com\/fr\/wp-json\/wp\/v2\/users\/2"}],"replies":[{"embeddable":true,"href":"https:\/\/www.europesays.com\/fr\/wp-json\/wp\/v2\/comments?post=272229"}],"version-history":[{"count":0,"href":"https:\/\/www.europesays.com\/fr\/wp-json\/wp\/v2\/posts\/272229\/revisions"}],"wp:featuredmedia":[{"embeddable":true,"href":"https:\/\/www.europesays.com\/fr\/wp-json\/wp\/v2\/media\/272230"}],"wp:attachment":[{"href":"https:\/\/www.europesays.com\/fr\/wp-json\/wp\/v2\/media?parent=272229"}],"wp:term":[{"taxonomy":"category","embeddable":true,"href":"https:\/\/www.europesays.com\/fr\/wp-json\/wp\/v2\/categories?post=272229"},{"taxonomy":"post_tag","embeddable":true,"href":"https:\/\/www.europesays.com\/fr\/wp-json\/wp\/v2\/tags?post=272229"}],"curies":[{"name":"wp","href":"https:\/\/api.w.org\/{rel}","templated":true}]}}