{"id":27223,"date":"2025-04-15T18:43:16","date_gmt":"2025-04-15T18:43:16","guid":{"rendered":"https:\/\/www.europesays.com\/fr\/27223\/"},"modified":"2025-04-15T18:43:16","modified_gmt":"2025-04-15T18:43:16","slug":"evor-createur-de-la-jungle-interieure-a-nantes-jai-concu-ce-jardin-par-plaisir-il-mapporte-un-bien-etre-et-une-connexion-au-present","status":"publish","type":"post","link":"https:\/\/www.europesays.com\/fr\/27223\/","title":{"rendered":"Evor, cr\u00e9ateur de La Jungle int\u00e9rieure \u00e0 Nantes\u00a0: \u00ab\u00a0j\u2019ai con\u00e7u ce jardin par plaisir. Il m\u2019apporte un bien-\u00eatre et une connexion au pr\u00e9sent\u00a0\u00bb"},"content":{"rendered":"<p>Dans le centre historique de Nantes, l\u00e0 o\u00f9 les pav\u00e9s r\u00e9sonnent de bruit presque jour et nuit, une petite enclave verte et fleurie surgit au milieu d\u2019un carr\u00e9 de vieux immeubles h\u00e9riss\u00e9s de chemin\u00e9es. \u00c0 l\u2019ombre du beffroi de l\u2019\u00e9glise Sainte-Croix, cet improbable et foisonnant jardin urbain a pris vie dans la grisaille d\u2019une cour sans \u00e2me du passage Bouchaud.<\/p>\n<p>Une des \u00e9tapes du voyage \u00e0 Nantes<\/p>\n<p>Baptis\u00e9 La Jungle int\u00e9rieure, il est aujourd\u2019hui l\u2019une des \u00e9tapes permanentes du Voyage \u00e0 Nantes (Van), parcours artistique contemporain qui irradie dans toute la ville. \u00ab J\u2019ai commenc\u00e9 en 2006 avec quelques plantes en pots, puis j\u2019ai pouss\u00e9 les poubelles, investi un bout de toit puis le toit en entier, puis un deuxi\u00e8me\u2026 Je n\u2019ai rien pr\u00e9m\u00e9dit\u00e9 et je n\u2019ai pas demand\u00e9 d\u2019autorisation ! J\u2019ai longtemps \u00e9t\u00e9 un squatteur \u00bb, raconte Evor, l\u2019artiste-plasticien qui a dessin\u00e9, plante apr\u00e8s plante, ce lieu incroyable sous les fen\u00eatres de son appartement. Dans son jardin, des foug\u00e8res arborescentes, du lierre grimpant, des papyrus, des bananiers ou encore des cactus voisinent avec des succulentes, des gramin\u00e9es, des tro\u00e8nes, un jeune fr\u00eane et des rosiers.<\/p>\n<blockquote><p>Je suis avant tout guid\u00e9 par le respect de la plante : je fais ce que je peux en fonction de ses besoins d\u2019ombre ou de lumi\u00e8re.<\/p><\/blockquote>\n<p>Riche de plus de 2 300 vari\u00e9t\u00e9s diff\u00e9rentes, cette jungle, toute en pot, s\u2019\u00e9tend aujourd\u2019hui sur 600 m\u00e8tres carr\u00e9s, colonise dix toits et deux cours, part \u00e0 l\u2019assaut des balcons et des pignons, et se d\u00e9ploie le long des vitrines des boutiques voisines. \u00ab C\u2019est devenu une pulsion, une compulsion. Plus je sens que le jardin est l\u00e9gitime et plus j\u2019explose mon budget, mais tant qu\u2019il y a de la place, je continue ! Heureusement, je suis pass\u00e9 ma\u00eetre dans l\u2019art d\u2019agr\u00e9menter les pommes de terre. \u00bb<\/p>\n<p>Un cleptomane assum\u00e9<\/p>\n<p>Pour faire vivre son jardin, dont la particularit\u00e9 est d\u2019\u00eatre enti\u00e8rement hors-sol, Evor lui consacre plusieurs heures chaque jour. Il lui a fallu acheter, chiner ou r\u00e9cup\u00e9rer des pots de toute taille, du terreau, des tuteurs, des plantes\u2026 Mais pas n\u2019importe o\u00f9. Attach\u00e9 aux m\u00e9thodes de production, il s\u2019approvisionne aupr\u00e8s des p\u00e9pini\u00e9ristes sp\u00e9cialis\u00e9s capables d\u2019acclimater des esp\u00e8ces rares ou en danger. Par chance, ce passionn\u00e9 de botanique depuis l\u2019enfance, qui \u00ab recycle, \u00e9change, d\u00e9tourne et gaspille le moins possible \u00bb, est aussi un glaneur de premi\u00e8re !<\/p>\n<p>De balade en voyage, chaque rencontre v\u00e9g\u00e9tale est l\u2019occasion d\u2019une cueillette de graines lui offrant ensuite le \u00ab bonheur indescriptible \u00bb de semer et de voir germer. Dans son jardin, des petits ch\u00eanes glauques (Quercus glauca) issus de glands trouv\u00e9s \u00e0 Osaka et \u00e0 Kyoto c\u00f4toient des micropins d\u2019une for\u00eat berlinoise. D\u2019une visite au Jardin botanique de Berlin, il a rapport\u00e9 des rosiers, des berb\u00e9ris, des cl\u00e9matites mais aussi des graines d\u2019hostas et de Decaisnea fargesii, l\u2019arbre aux haricots bleus. Sur le chemin de son atelier, sur l\u2019\u00eele de Nantes, il cueille parfois quelques graines de palmier nain\u2026 \u00ab Je suis un cleptomane ! J\u2019ai toujours une paire de ciseaux et des petits sachets sur moi, et mon appartement est plein de minip\u00e9pini\u00e8res. Mais si j\u2019avais plus d\u2019espace, j\u2019aurais aussi une roseraie et des collections d\u2019iris et de pivoines. \u00bb Dans un rapport au v\u00e9g\u00e9tal plein d\u2019empathie, Evor multiplie les boutures et r\u00e9cup\u00e8re jusqu\u2019aux chutes li\u00e9es \u00e0 la taille de ses arbustes.<\/p>\n<p class=\"titre\">Mini bio<\/p>\n<p class=\"date\">1975<\/p>\n<p>Naissance \u00e0 Nantes<\/p>\n<p class=\"date\">1994-2000<\/p>\n<p>Evor \u00e9tudie aux Beaux-Arts de Nantes-Saint-Nazaire<\/p>\n<p class=\"date\">2006<\/p>\n<p>Le plasticien installe ses premi\u00e8res plantes en pots dans la cour de son immeuble, puis investit peut \u00e0 peu les toits<\/p>\n<p class=\"date\">2018<\/p>\n<p>Ouverture de la Jungle int\u00e9rieure au public, lors du festival estival Le Voyage \u00e0 Nantes<\/p>\n<p class=\"date\">2023<\/p>\n<p>\u00ab Carte verte \u00bb au festival international des jardins de Chaumont-sur-Loire (Loir-et-Cher), et cr\u00e9ation d\u2019un jardin luxuriant<\/p>\n<p>Une jungle ma\u00eetris\u00e9e<\/p>\n<p>\u00ab Ce lieu d\u2019une ultrafragilit\u00e9 est aussi source d\u2019angoisse. Lorsque je perds une plante, c\u2019est une perte de vie et c\u2019est dur. Je n\u2019aime pas laisser \u00e0 d\u2019autres le soin de s\u2019en occuper car il y a des passages de mulot entre chaque plante et il faut \u00eatre minutieux \u00bb, avoue-t-il. Terroir d\u2019une mise en sc\u00e8ne permanente, son jardin d\u2019artiste \u00e9volue au rythme des d\u00e9placements des pots, totalement invisibles aux visiteurs depuis la plate-forme en bois am\u00e9nag\u00e9e par le Van. Derri\u00e8re cet apparent bazar, qui ne doit \u00e9videmment rien au hasard, s\u2019inscrit en fait une qu\u00eate esth\u00e9tique, proche de la sculpture. \u00ab Je suis avant tout guid\u00e9 par le respect de la plante : je fais ce que je peux en fonction de ses besoins d\u2019ombre ou de lumi\u00e8re. Mais je veux que tout soit parfait, m\u00eame les recoins que l\u2019on ne distingue pas. Aujourd\u2019hui, j\u2019aimerais pousser la finesse encore plus loin. L\u2019\u00e9chelle restreinte permet d\u2019\u00eatre dans le d\u00e9tail. \u00bb<\/p>\n<blockquote><p>Avoir les mains dans la terre permet de remettre les choses en place. C\u2019est un temps pour la contemplation et pour prendre soin de soi.<\/p><\/blockquote>\n<p>Prot\u00e9g\u00e9es par les hauts murs des immeubles en tufeau du centre-ville, les plantes b\u00e9n\u00e9ficient d\u2019un microclimat favorable. Pour autant, une centaine d\u2019entre elles, comme les cactus, doit hiverner \u00e0 l\u2019abri. \u00ab Ce n\u2019est pas le moment le plus agr\u00e9able, surtout lorsqu\u2019il faut grimper trois \u00e9chelles pour les r\u00e9cup\u00e9rer ! \u00bb Mais ce passager d\u00e9sagr\u00e9ment est largement compens\u00e9 par d\u2019autres bonheurs.<\/p>\n<p><a class=\"tlg-kiosque tlg-kiosque-bretagne-magazine gtm-kiosque-bretagne-magazine\" href=\"https:\/\/www.bretagne-magazine.fr\/\" target=\"_blank\" rel=\"noopener\"><img decoding=\"async\" src=\"https:\/\/www.europesays.com\/fr\/wp-content\/uploads\/2025\/04\/BMAG_une_complete.png\" alt=\"Couverture Bretagne Magazine\"\/><\/p>\n<p>Bretagne Magazine<\/p>\n<p>(Re)d\u00e9couvrez la Bretagne !<\/p>\n<p>En savoir plus<\/a>Des vertus th\u00e9rapeutiques<\/p>\n<p>Pour son cr\u00e9ateur, La Jungle int\u00e9rieure pr\u00e9sente en effet des vertus th\u00e9rapeutiques. \u00ab J\u2019ai con\u00e7u ce jardin par plaisir. Il m\u2019apporte un bien-\u00eatre et une connexion au pr\u00e9sent. Avoir les mains dans la terre permet de remettre les choses en place. C\u2019est un temps pour la contemplation et pour prendre soin de soi. \u00bb Le lieu insolite invite aussi aux ap\u00e9ros entre voisins et aux rencontres. Certains visiteurs reviennent sp\u00e9cialement \u00e0 Nantes pour suivre son \u00e9volution. D\u2019autres, et pas des moindres, s\u2019enthousiasment devant ce jardin cr\u00e9\u00e9 de toutes pi\u00e8ces. \u00ab J\u2019ai eu la chance d\u2019y rencontrer les paysagistes Gilles Cl\u00e9ment et \u00c9ric Lenoir, et de d\u00e9couvrir que plus les gens sont \u00e9rudits et moins ils donnent de conseils \u00bb, pr\u00e9cise-t-il avec douceur. Jardinier atypique, paysagiste, artiste et metteur en sc\u00e8ne du v\u00e9g\u00e9tal, <a href=\"https:\/\/www.letelegramme.fr\/morbihan\/auray-56400\/a-auray-la-societe-d-horticulture-remplace-les-jardins-de-monet-par-la-jungle-interieure-362569.php\" target=\"_blank\" rel=\"noopener\">Evor<\/a> a su f\u00e9d\u00e9rer autour de ce havre de verdure et s\u2019est cr\u00e9\u00e9 une jolie carte de visite. Depuis 2018, il est soutenu par la direction des espaces verts de la ville (Nature et jardins) et le Van. Sa copropri\u00e9t\u00e9 paie \u00e9galement l\u2019eau n\u00e9cessaire \u00e0 l\u2019arrosage des plantes. \u00ab Il se fait au goutte-\u00e0-goutte et uniquement de nuit. Nous avons aussi une toile g\u00e9otextile qui optimise le d\u00e9veloppement des racines en dehors des pots et une grande densit\u00e9 de feuilles, qui ralentissent l\u2019\u00e9vaporation. \u00bb Evor, qui r\u00eave d\u2019envahir la ville, souhaite toucher les visiteurs. \u00ab J\u2019aimerais simplement leur donner l\u2019envie de ressentir, de respirer l\u2019instant pr\u00e9sent, de contempler et de se laisser surprendre par ce lieu inattendu. \u00bb Et on se pla\u00eet \u00e0 r\u00eaver \u00e0 la douceur des villes si d\u2019autres jardins \u00e9mergeaient l\u00e0 o\u00f9 on ne les attend pas.<\/p>\n<p><a href=\"https:\/\/erwanbalanca.fr\/\" target=\"_blank\" rel=\"noopener\">D\u00e9couvrez l\u2019univers du photographe Erwan Balan\u00e7a<\/a><\/p>\n<p>Cet article est paru dans le Bretagne Magazine n\u00b0137 (mai-juin 2024)<\/p>\n<p><strong>Visite perch\u00e9e<\/strong><br \/>R\u00e9v\u00e9l\u00e9e lors du Voyage \u00e0 Nantes (Van) 2018, La Jungle int\u00e9rieure d\u2019Evor se visite d\u00e9sormais toute l\u2019ann\u00e9e, passage Bouchaud, dans le centre-ville. Les curieux peuvent se hisser \u00e0 quelques m\u00e8tres du sol via un escalier en bois, pour un point de vue in\u00e9dit sur ce jardin botanique miniature, domin\u00e9 par le beffroi de l\u2019\u00e9glise Sainte-Croix. Depuis 2006, Evor a progressivement v\u00e9g\u00e9talis\u00e9 les toits-terrasses et cours de l\u2019immeuble o\u00f9 il r\u00e9side, soit 600 m\u00e8tres carr\u00e9s auxquels il acc\u00e8de lui-m\u00eame par un jeu d\u2019\u00e9chelles pour l\u2019entretien.<\/p>\n","protected":false},"excerpt":{"rendered":"Dans le centre historique de Nantes, l\u00e0 o\u00f9 les pav\u00e9s r\u00e9sonnent de bruit presque jour et nuit, une&hellip;\n","protected":false},"author":2,"featured_media":27224,"comment_status":"","ping_status":"","sticky":false,"template":"","format":"standard","meta":{"footnotes":""},"categories":[2818],"tags":[1111,11,1777,674,9586,1011,27,9583,766,12,2636,25,9584,9585],"class_list":{"0":"post-27223","1":"post","2":"type-post","3":"status-publish","4":"format-standard","5":"has-post-thumbnail","7":"category-nantes","8":"tag-actu","9":"tag-actualites","10":"tag-eu","11":"tag-europe","12":"tag-experiences-bretonnes","13":"tag-fr","14":"tag-france","15":"tag-jardins-en-bretagne","16":"tag-nantes","17":"tag-news","18":"tag-pays-de-la-loire","19":"tag-republique-francaise","20":"tag-tourisme-en-bretagne","21":"tag-visiter-la-bretagne"},"share_on_mastodon":{"url":"https:\/\/pubeurope.com\/@fr\/114343457849986229","error":""},"_links":{"self":[{"href":"https:\/\/www.europesays.com\/fr\/wp-json\/wp\/v2\/posts\/27223","targetHints":{"allow":["GET"]}}],"collection":[{"href":"https:\/\/www.europesays.com\/fr\/wp-json\/wp\/v2\/posts"}],"about":[{"href":"https:\/\/www.europesays.com\/fr\/wp-json\/wp\/v2\/types\/post"}],"author":[{"embeddable":true,"href":"https:\/\/www.europesays.com\/fr\/wp-json\/wp\/v2\/users\/2"}],"replies":[{"embeddable":true,"href":"https:\/\/www.europesays.com\/fr\/wp-json\/wp\/v2\/comments?post=27223"}],"version-history":[{"count":0,"href":"https:\/\/www.europesays.com\/fr\/wp-json\/wp\/v2\/posts\/27223\/revisions"}],"wp:featuredmedia":[{"embeddable":true,"href":"https:\/\/www.europesays.com\/fr\/wp-json\/wp\/v2\/media\/27224"}],"wp:attachment":[{"href":"https:\/\/www.europesays.com\/fr\/wp-json\/wp\/v2\/media?parent=27223"}],"wp:term":[{"taxonomy":"category","embeddable":true,"href":"https:\/\/www.europesays.com\/fr\/wp-json\/wp\/v2\/categories?post=27223"},{"taxonomy":"post_tag","embeddable":true,"href":"https:\/\/www.europesays.com\/fr\/wp-json\/wp\/v2\/tags?post=27223"}],"curies":[{"name":"wp","href":"https:\/\/api.w.org\/{rel}","templated":true}]}}