{"id":272231,"date":"2025-07-25T07:17:12","date_gmt":"2025-07-25T07:17:12","guid":{"rendered":"https:\/\/www.europesays.com\/fr\/272231\/"},"modified":"2025-07-25T07:17:12","modified_gmt":"2025-07-25T07:17:12","slug":"battre-hamilton-nest-pas-mon-objectif-actuellement","status":"publish","type":"post","link":"https:\/\/www.europesays.com\/fr\/272231\/","title":{"rendered":"Battre Hamilton n&rsquo;est pas mon objectif actuellement"},"content":{"rendered":"<p><a href=\"https:\/\/fr.motorsport.com\/driver\/charles-leclerc\/109632\/\" target=\"_blank\" rel=\"noopener\">Charles Leclerc<\/a> ne se pr\u00e9occupe pour le moment pas d&rsquo;une \u00e9ventuelle lutte interne contre <a href=\"https:\/\/fr.motorsport.com\/driver\/lewis-hamilton\/76878\/\" target=\"_blank\" rel=\"noopener\">Lewis Hamilton<\/a> chez <a href=\"https:\/\/fr.motorsport.com\/team\/ferrari\/615\/\" target=\"_blank\" rel=\"noopener\">Ferrari<\/a>, le Mon\u00e9gasque mettant surtout l&rsquo;accent sur le fait que l&rsquo;\u00e9curie italienne \u00ab\u00a0ne se bat pas pour des positions tr\u00e8s int\u00e9ressantes\u00a0\u00bb en 2025.<\/p>\n<p>Il faut dire qu&rsquo;apr\u00e8s avoir termin\u00e9 la campagne 2024 en boulet de canon, au point de s&rsquo;offrir une finale pour le titre constructeurs \u00e0 Abu Dhabi face \u00e0 <a href=\"https:\/\/fr.motorsport.com\/team\/mclaren\/609\/\" target=\"_blank\" rel=\"noopener\">McLaren<\/a>, l&rsquo;\u00e9curie italienne n&rsquo;a pas d\u00e9marr\u00e9 2025 sur les m\u00eames bases. Jugeant le potentiel de sa monoplace pr\u00e9c\u00e9dente trop limit\u00e9, la Scuderia a revu plusieurs zones fondamentales sur la SF-25. Mais celle-ci ne s&rsquo;est pas av\u00e9r\u00e9e \u00eatre aussi performante qu&rsquo;esp\u00e9r\u00e9.<\/p>\n<p>Si des podiums ont pu \u00eatre accroch\u00e9s ici et l\u00e0, tous \u00e0 mettre au cr\u00e9dit de Leclerc le dimanche, cela est bien loin de rivaliser avec les neuf succ\u00e8s conquis par McLaren dans le m\u00eame temps, l&rsquo;\u00e9curie britannique dominant par ailleurs <a href=\"https:\/\/fr.motorsport.com\/f1\/standings\/2025\/\" target=\"_self\" rel=\"noopener\">les deux classements<\/a>. D\u00e9j\u00e0 battue pour 2025, Ferrari doit donc se tourner vers 2026 pour esp\u00e9rer son salut et mettre fin \u00e0 la longue disette qu&rsquo;elle conna\u00eet depuis son dernier titre, en 2008.\u00a0<\/p>\n<p>S&rsquo;exprimant sur le sujet ce jeudi \u00e0 Spa, <a href=\"https:\/\/fr.motorsport.com\/f1\/news\/hamilton-revolte-ferrari-refuse-pas-titrer\/10744654\/\" target=\"_self\" rel=\"noopener\">Hamilton s&rsquo;est montr\u00e9 particuli\u00e8rement volontaire concernant son implication \u00e0 Maranello<\/a>, souhaitant ne rien laisser au hasard pour que la prochaine \u00e8re r\u00e9glementaire soit un succ\u00e8s. Une ambition qui habite aussi Leclerc, ce dernier ne cachant qu&rsquo;il s&rsquo;agissait de sa principale pr\u00e9occupation, et non de battre son septuple champion du monde d&rsquo;\u00e9quipier.<\/p>\n<p>   <img decoding=\"async\" draggable=\"false\" src=\"https:\/\/www.europesays.com\/fr\/wp-content\/uploads\/2025\/07\/1753427832_446_charles-leclerc-ferrari.jpg\" alt=\"Charles Leclerc (Ferrari)\" width=\"1200\" height=\"800\" loading=\"lazy\"\/> <\/p>\n<p class=\"title\">Charles Leclerc (Ferrari)<\/p>\n<p class=\"photographer\">Photo de: Andy Hone\/ LAT Images via Getty Images<\/p>\n<p>\u00ab\u00a0C&rsquo;est quelque chose qui reste vraiment en arri\u00e8re-plan pour l&rsquo;instant\u00a0\u00bb, a d\u00e9clar\u00e9 Leclerc \u00e0 propos de sa volont\u00e9 de battre Hamilton. \u00ab\u00a0On y pense toujours d&rsquo;une mani\u00e8re ou d&rsquo;une autre, mais pour \u00eatre honn\u00eate, quand on se bat pour la quatri\u00e8me, cinqui\u00e8me ou sixi\u00e8me place, ce n&rsquo;est pas vraiment quelque chose qui m&rsquo;int\u00e9resse beaucoup.\u00a0\u00bb <\/p>\n<p>\u00ab\u00a0Ensuite, bien s\u00fbr, quand on commence \u00e0 se battre pour la victoire, on regarde ces choses de beaucoup plus pr\u00e8s.\u00a0Mais cela ne fait pas vraiment partie de mon&#8230; J&rsquo;essaie d&rsquo;apprendre autant que possible de Lewis, ce qui pourrait m&rsquo;\u00eatre utile en tant que pilote, puis de me concentrer sur moi-m\u00eame avec pour objectif de faire le meilleur travail possible, ce qui signifie battre Lewis, mais pas seulement.\u00a0\u00bb<\/p>\n<p>\u00ab\u00a0Je pense que l&rsquo;objectif principal de l&rsquo;\u00e9quipe et mon objectif principal pour le moment est de ramener Ferrari au sommet. Et, oui, Lewis n&rsquo;est pas mon objectif actuellement, car nous ne nous battons pas pour des positions tr\u00e8s int\u00e9ressantes.\u00a0\u00bb<\/p>\n<p>Une nouvelle suspension arri\u00e8re \u00e0 tester<\/p>\n<p>Ferrari arrive en Belgique avec une nouvelle suspension arri\u00e8re, <a href=\"https:\/\/fr.motorsport.com\/f1\/news\/ferrari-nouvelle-suspension-test-mugello\/10742427\/\" target=\"_blank\" rel=\"noopener\">\u00e9trenn\u00e9e lors d&rsquo;une journ\u00e9e de tournage promotionnel au Mugello la semaine pass\u00e9e<\/a>. Leclerc n&rsquo;a pas not\u00e9 de r\u00e9elle diff\u00e9rence dans le comportement lors de son run initial, mais se garde bien de r\u00e9v\u00e9ler beaucoup de d\u00e9tails sur le sujet\u00a0:\u00a0\u00ab\u00a0Nous n&rsquo;avons pas [remarqu\u00e9 de changement dans le comportement de la voiture] et je ne vais pas commenter le comportement sp\u00e9cifique de cette suspension.\u00a0\u00bb<\/p>\n<p>\u00ab\u00a0\u00c9videmment, ce sont des choses qui nous appartiennent et il serait assez stupide de notre part de commenter publiquement ce qui se passe. Mais nous verrons bien demain en piste.\u00a0Je ne pense pas que cela changera la fa\u00e7on dont nous r\u00e9glons la voiture. Je peux trouver de la confiance si je r\u00e8gle la monoplace diff\u00e9remment. Donc, si j&rsquo;ai besoin de confiance, je le ferai.\u00a0\u00bb<\/p>\n<p>\u00ab\u00a0Mais pour l&rsquo;instant, je pr\u00e9f\u00e8re privil\u00e9gier la performance plut\u00f4t que la confiance. Cela ne paie pas toujours et je pense que nous l&rsquo;avons vu lors du dernier GP \u00e0 Silverstone, o\u00f9 j&rsquo;ai clairement eu des difficult\u00e9s, notamment sur le mouill\u00e9.\u00a0\u00bb<\/p>\n<p>\u00ab\u00a0Et je sais que c&rsquo;est le risque quand on opte pour une configuration aussi extr\u00eame. Je ne pense pas que cela am\u00e9liorera les choses, car nous devons toujours r\u00e9gler la voiture dans une position relativement similaire afin d&rsquo;en tirer le maximum. Mais je suis heureux de suivre cette voie.\u00a0\u00bb<\/p>\n<p style=\"text-align: right;\">Avec\u00a0Benjamin Vinel et\u00a0Jake Boxall-Legge<\/p>\n<p>Lire aussi :<\/p>\n<p>Dans cet article<\/p>\n<p>Soyez le premier inform\u00e9 et souscrivez aux alertes mails pour recevoir les infos en temps r\u00e9el<\/p>\n<p>    S&rsquo;abonner aux alertes de news<\/p>\n","protected":false},"excerpt":{"rendered":"Charles Leclerc ne se pr\u00e9occupe pour le moment pas d&rsquo;une \u00e9ventuelle lutte interne contre Lewis Hamilton chez Ferrari,&hellip;\n","protected":false},"author":2,"featured_media":272232,"comment_status":"","ping_status":"","sticky":false,"template":"","format":"standard","meta":{"footnotes":""},"categories":[1412],"tags":[2240,1451,2251,1452,1453,1454,1455,1011,27,38196,1975,19528,60],"class_list":{"0":"post-272231","1":"post","2":"type-post","3":"status-publish","4":"format-standard","5":"has-post-thumbnail","7":"category-f1","8":"tag-charles-leclerc","9":"tag-f1","10":"tag-ferrari","11":"tag-formula-1","12":"tag-formula1","13":"tag-formule-1","14":"tag-formule1","15":"tag-fr","16":"tag-france","17":"tag-gp-de-belgique","18":"tag-lewis-hamilton","19":"tag-spa-francorchamps","20":"tag-sports"},"share_on_mastodon":{"url":"https:\/\/pubeurope.com\/@fr\/114912653753625378","error":""},"_links":{"self":[{"href":"https:\/\/www.europesays.com\/fr\/wp-json\/wp\/v2\/posts\/272231","targetHints":{"allow":["GET"]}}],"collection":[{"href":"https:\/\/www.europesays.com\/fr\/wp-json\/wp\/v2\/posts"}],"about":[{"href":"https:\/\/www.europesays.com\/fr\/wp-json\/wp\/v2\/types\/post"}],"author":[{"embeddable":true,"href":"https:\/\/www.europesays.com\/fr\/wp-json\/wp\/v2\/users\/2"}],"replies":[{"embeddable":true,"href":"https:\/\/www.europesays.com\/fr\/wp-json\/wp\/v2\/comments?post=272231"}],"version-history":[{"count":0,"href":"https:\/\/www.europesays.com\/fr\/wp-json\/wp\/v2\/posts\/272231\/revisions"}],"wp:featuredmedia":[{"embeddable":true,"href":"https:\/\/www.europesays.com\/fr\/wp-json\/wp\/v2\/media\/272232"}],"wp:attachment":[{"href":"https:\/\/www.europesays.com\/fr\/wp-json\/wp\/v2\/media?parent=272231"}],"wp:term":[{"taxonomy":"category","embeddable":true,"href":"https:\/\/www.europesays.com\/fr\/wp-json\/wp\/v2\/categories?post=272231"},{"taxonomy":"post_tag","embeddable":true,"href":"https:\/\/www.europesays.com\/fr\/wp-json\/wp\/v2\/tags?post=272231"}],"curies":[{"name":"wp","href":"https:\/\/api.w.org\/{rel}","templated":true}]}}