{"id":272233,"date":"2025-07-25T07:18:10","date_gmt":"2025-07-25T07:18:10","guid":{"rendered":"https:\/\/www.europesays.com\/fr\/272233\/"},"modified":"2025-07-25T07:18:10","modified_gmt":"2025-07-25T07:18:10","slug":"cyclisme-tour-de-france-femmes","status":"publish","type":"post","link":"https:\/\/www.europesays.com\/fr\/272233\/","title":{"rendered":"Cyclisme. Tour de France Femmes"},"content":{"rendered":"<p>\u00c0 quelques jours du coup d&rsquo;envoi du <strong>Tour de France Femmes avec Zwift<\/strong> (26 juillet au 3\u202fao\u00fbt), avec un Grand D\u00e9part pr\u00e9vu \u00e0 Vannes samedi,\u00a0<strong><a href=\"https:\/\/www.cyclismactu.net\/..\/news-tour-de-france-femmes-route-pauline-ferrand-prevot-et-visma-parees-pour-tour-89157.html\" target=\"_blank\" rel=\"nofollow noopener\">Pauline Ferrand\u2011Pr\u00e9vot<\/a> <\/strong>s\u2019est exprim\u00e9e ce mercredi 23 juillet lors d&rsquo;une longue visioconf\u00e9rence de presse. Apr\u00e8s un d\u00e9but de saison fulgurant marqu\u00e9 par une victoire historique sur <strong>Paris\u2011Roubaix Femmes <\/strong>en avril, la Fran\u00e7aise de la<strong> Visma | Lease a Bike<\/strong> a connu un passage compliqu\u00e9 suite \u00e0 une blessure \u00e0 la cheville et \u00e0 plusieurs maladies.\u00a0Absente des pelotons depuis plus de deux mois, la championne olympique de VTT revient plus aff\u00fbt\u00e9e que jamais : d\u00e9tendue, lucide et ambitieuse, elle d\u00e9taille ses objectifs, la mont\u00e9e en puissance du cyclisme f\u00e9minin\u2026 et son r\u00eave de toujours : le <strong>Tour de France<\/strong>.<\/p>\n<p>\u00a0<\/p>\n<p>\u00ab\u00a0Je n\u2019aime pas vivre dans le pass\u00e9\u00a0\u00bb<\/p>\n<p><strong>Comment te sens-tu aujourd\u2019hui ?<\/strong><\/p>\n<p>J\u2019ai termin\u00e9 mon stage, et au-del\u00e0 de la performance, je garderai un souvenir \u00e0 vie de cette p\u00e9riode. On a vraiment pass\u00e9 de bons moments.<\/p>\n<p>\u00a0<\/p>\n<p><strong>Apr\u00e8s ta m\u00e9daille d\u2019or olympique, tu as tr\u00e8s vite choisi de revenir sur la route. Pourquoi ce besoin si rapide de te relancer dans un nouveau d\u00e9fi ?<\/strong><\/p>\n<p>Avant m\u00eame les Jeux, je me posais d\u00e9j\u00e0 la question de ce que je voulais faire ensuite. Pour moi, c\u2019\u00e9tait important de prendre le d\u00e9part des Jeux en sachant ce qui m\u2019attendrait apr\u00e8s. Je sais aussi que l\u2019ann\u00e9e qui suit les Jeux est une p\u00e9riode de transition un peu floue, pas toujours agr\u00e9able : on a encore trois ans avant la prochaine \u00e9ch\u00e9ance, et on peut vite se sentir perdu. Je n\u2019avais pas envie de vivre \u00e7a. Alors j\u2019ai pris la d\u00e9cision de changer compl\u00e8tement de discipline, de revenir sur la route, pour ne pas sombrer dans cette sorte de vide. \u00c7a m\u2019a permis d\u2019avoir un objectif tout de suite apr\u00e8s les Jeux, de rester motiv\u00e9e. Et je ne regrette vraiment pas : quand les Jeux sont encore si loin, on a besoin de se raccrocher \u00e0 autre chose.<\/p>\n<p>\u00a0<\/p>\n<p><strong>Ce retour sur route t\u2019a permis de tourner la page des Jeux ?<\/strong><\/p>\n<p>Oui, clairement. Je n\u2019aime pas vivre dans le pass\u00e9. M\u00eame si c\u2019\u00e9tait un moment incroyable, je ne veux pas m\u2019y accrocher sans cesse. J\u2019ai besoin d\u2019avancer, de progresser. Ce que j\u2019ai fait, c\u2019est fait. Maintenant, place \u00e0 la suite. Je veux \u00e9crire la suite de mon histoire.<\/p>\n<p>\u00a0<\/p>\n<p>\u00ab\u00a0Si je ne gagne pas le Tour de France&#8230;\u00a0\u00bb<\/p>\n<p><strong>D\u00e8s le premier week-end en Bretagne, on aura deux \u00e9tapes compliqu\u00e9es. Comment les abordes-tu ?<\/strong><\/p>\n<p>Je les ai reconnues. Ce sont deux \u00e9tapes qui vont \u00eatre difficiles. La premi\u00e8re est assez courte, avec des petites routes, ce qui la rend nerveuse. Et la deuxi\u00e8me est d\u00e9j\u00e0 vraiment dure. On ne pourra probablement pas gagner le Tour d\u00e8s ces deux \u00e9tapes, mais on peut le perdre. Il faudra rester vigilante, courir devant, \u00eatre \u00e0 l\u2019aff\u00fbt. La mont\u00e9e de la Madeleine, elle, durera une heure et demie : l\u00e0, on ne parle plus d\u2019\u00e9carts en secondes, mais en minutes. Il faudra trouver le bon \u00e9quilibre entre \u00eatre pr\u00e9sente d\u00e8s le d\u00e9part, sans br\u00fbler trop d\u2019\u00e9nergie en vue de la fin du Tour.<\/p>\n<p>\u00a0<\/p>\n<p><strong>Dans ta carri\u00e8re, o\u00f9 places-tu l\u2019objectif de gagner le Tour par rapport aux autres ?<\/strong><\/p>\n<p>C\u2019est une tr\u00e8s bonne question. Gagner les Jeux, c\u2019\u00e9tait devenu une obsession. Si je ne l\u2019avais pas fait, j\u2019aurais eu le sentiment de ne pas avoir accompli ma carri\u00e8re. Le Tour, c\u2019est diff\u00e9rent. C\u2019est un r\u00eave de petite fille. Ce n\u2019est pas une obsession, c\u2019est quelque chose que j\u2019ai envie de conqu\u00e9rir. Si j\u2019y arrive, ce sera magnifique. Si ce n\u2019est pas le cas, ce ne sera pas la fin du monde. Contrairement aux Jeux, qui \u00e9taient vraiment l\u2019objectif de ma vie.<\/p>\n<p>\u00a0<\/p>\n<p>\u00ab\u00a0Les deux derni\u00e8res \u00e9tapes seront tr\u00e8s, tr\u00e8s dures\u00a0\u00bb<\/p>\n<p><strong>Le Col de Joux-Plane arrive dimanche, assez loin de l\u2019arriv\u00e9e. Quelle importance lui accordes-tu ?<\/strong><\/p>\n<p>Je suis curieuse de voir comment le peloton va r\u00e9cup\u00e9rer apr\u00e8s une \u00e9tape comme celle de la Madeleine. Tout le monde voudra tout donner dans les derniers jours. Joux-Plane va se grimper vite, m\u00eame si c\u2019est plus court et moins dur que la Madeleine. Il y a quelques passages raides, mais globalement, c\u2019est plus roulant. Derri\u00e8re, il y a encore le col du Corbier, une descente, et une arriv\u00e9e qui est toujours un peu en prise. Les deux derni\u00e8res \u00e9tapes seront tr\u00e8s, tr\u00e8s dures. C\u2019est pour \u00e7a qu\u2019il faudra garder des forces.<\/p>\n<p>\u00a0<\/p>\n<p><strong>Si une opportunit\u00e9 se pr\u00e9sente pour prendre le maillot jaune d\u00e8s le d\u00e9but, la saisiras-tu ou pr\u00e9f\u00e8res-tu temporiser ?<\/strong><\/p>\n<p>C\u2019est une tr\u00e8s bonne question, mais ce sera aussi le r\u00f4le de Marianne [Vos] sur les deux premi\u00e8res \u00e9tapes. Ce sont des bosses qui lui conviennent bien. De mon c\u00f4t\u00e9, je suis moins punchy que lors des classiques, car j\u2019ai progress\u00e9 dans les longues ascensions. Donc on aura chacune notre r\u00f4le : elle sur les premi\u00e8res \u00e9tapes, moi pour la suite.<\/p>\n<p>\u00a0<\/p>\n<p><strong>Ta jeune co\u00e9quipi\u00e8re Marion Bunel, quel regard portes-tu sur elle, et sur votre relation ?<\/strong><\/p>\n<p>J\u2019ai d\u00e9couvert Marion l\u2019an dernier sur les Mondiaux route. C\u2019\u00e9tait un peu le petit b\u00e9b\u00e9 de l\u2019\u00e9quipe. J\u2019\u00e9tais vraiment contente qu\u2019elle rejoigne Visma. \u00c7a m\u2019a rappel\u00e9 mes d\u00e9buts chez Rabobank, avec Marianne (Vos) et Annemiek (Van Vleuten). Ce sont des souvenirs que je garderai toute ma vie. Je me suis dit : si je peux faire la m\u00eame chose pour Marion, l\u2019accompagner, r\u00e9pondre \u00e0 ses questions, \u00eatre l\u00e0 si elle a besoin, alors je le ferai. Mais elle est d\u00e9j\u00e0 tr\u00e8s mature, tr\u00e8s intelligente, et je me rends compte que c\u2019est parfois elle qui m\u2019apprend des choses. C\u2019est une super personne, et c\u2019est bien, en tant que Fran\u00e7aise, de se soutenir entre nous. Je me rappelle quand j\u2019\u00e9tais la seule Fran\u00e7aise chez Rabobank, ce n\u2019\u00e9tait pas simple au d\u00e9but. Je pense que ma pr\u00e9sence la rassure un peu. Aujourd\u2019hui, elle est bien int\u00e9gr\u00e9e, c\u2019est un peu la mascotte de l\u2019\u00e9quipe. C\u2019est un vrai bonheur de l\u2019avoir avec nous.<\/p>\n<p>\u00a0<\/p>\n<p>\u00ab\u00a0Quand j\u2019\u00e9tais petite, j\u2019\u00e9tais scotch\u00e9e \u00e0 la t\u00e9l\u00e9 tout l\u2019\u00e9t\u00e9\u00a0\u00bb<\/p>\n<p><strong>Le Tour de France, tu dis que c\u2019est un r\u00eave de petite fille. Peux-tu d\u00e9velopper ce que repr\u00e9sente cette course pour toi ?<\/strong><\/p>\n<p>Quand j\u2019\u00e9tais petite, j\u2019\u00e9tais scotch\u00e9e \u00e0 la t\u00e9l\u00e9 tout l\u2019\u00e9t\u00e9. Je suivais chaque \u00e9tape, j\u2019avais un cahier o\u00f9 je notais les noms des vainqueurs. Je collectionnais les cartes de coureurs. Le Tour, c\u2019\u00e9tait une passion. J\u2019\u00e9tais fascin\u00e9e, et un peu d\u00e9\u00e7ue de voir qu\u2019il n\u2019y avait pas de Tour f\u00e9minin aussi visible que chez les hommes. On ne se rendait pas compte \u00e0 l\u2019\u00e9poque qu\u2019il en existait un. Le Tour, c\u2019\u00e9tait les grandes vacances, l\u2019\u00e9t\u00e9, une p\u00e9riode qui sentait la libert\u00e9. Il y a beaucoup de souvenirs qui remontent avec cette course.<\/p>\n<p>\u00a0<\/p>\n<p><strong>Quelles sont les \u00e9quipes que tu identifies comme les plus dangereuses pour le classement g\u00e9n\u00e9ral ?<\/strong><\/p>\n<p>Il y en a beaucoup. FDJ-SUEZ, bien s\u00fbr, qui est ultra-favorite. Kasia (Niewiadoma) aussi, avec Canyon-SRAM : elle sait parfaitement se pr\u00e9parer pour ses grands objectifs. SD Worx est toujours solide. UAE, avec Elisa (Longo Borghini), qui vient de remporter le Giro. Il y aura beaucoup de densit\u00e9 cette ann\u00e9e. Ce sera un beau Tour de France, avec du suspense. C\u2019est important. J\u2019avoue que chez les hommes, apr\u00e8s la domination de Pogacar, je m\u2019\u00e9tais un peu d\u00e9tach\u00e9e, en me disant \u00ab\u00a0Bon, il a d\u00e9j\u00e0 gagn\u00e9.\u00a0\u00bb Chez les filles, je pense que le suspense tiendra plus longtemps, au moins jusqu\u2019\u00e0 l\u2019\u00e9tape de la Madeleine. C\u2019est une bonne chose.<\/p>\n<p>\u00a0<\/p>\n<p><strong>Le peloton f\u00e9minin \u00e9volue vite. Est-ce que tu le ressens sur la route ?<\/strong><\/p>\n<p>Oui, forc\u00e9ment. Les v\u00e9los et le mat\u00e9riel \u00e9voluent, mais c\u2019est surtout la densit\u00e9 du peloton qui a chang\u00e9. Il y a dix ans, on \u00e9tait une dizaine \u00e0 pouvoir jouer devant, et le reste du peloton \u00e9tait beaucoup plus en retrait. Il y avait moins d\u2019organisation, moins de r\u00f4les d\u00e9finis. Aujourd\u2019hui, c\u2019est vraiment devenu un sport d\u2019\u00e9quipe. On travaille ensemble, on discute des r\u00f4les de chacune, on construit des strat\u00e9gies. Ce n\u2019est plus \u00ab\u00a0toi, tu fais \u00e7a, point\u00a0\u00bb. On \u00e9change, on d\u00e9cide ensemble. Et je pense que c\u2019est plus efficace, plus motivant. C\u2019est ce professionnalisme que j\u2019aime dans notre \u00e9quipe.<\/p>\n","protected":false},"excerpt":{"rendered":"\u00c0 quelques jours du coup d&rsquo;envoi du Tour de France Femmes avec Zwift (26 juillet au 3\u202fao\u00fbt), avec&hellip;\n","protected":false},"author":2,"featured_media":272234,"comment_status":"","ping_status":"","sticky":false,"template":"","format":"standard","meta":{"footnotes":""},"categories":[1411],"tags":[1154,207,211,1011,27,209,60,210,11098,212,208,213],"class_list":{"0":"post-272233","1":"post","2":"type-post","3":"status-publish","4":"format-standard","5":"has-post-thumbnail","7":"category-cyclisme","8":"tag-cycling","9":"tag-cyclisme","10":"tag-ffc","11":"tag-fr","12":"tag-france","13":"tag-route","14":"tag-sports","15":"tag-tour-de-france","16":"tag-tour-de-france-femmes","17":"tag-uci","18":"tag-velo","19":"tag-world-tour"},"share_on_mastodon":{"url":"https:\/\/pubeurope.com\/@fr\/114912657671824069","error":""},"_links":{"self":[{"href":"https:\/\/www.europesays.com\/fr\/wp-json\/wp\/v2\/posts\/272233","targetHints":{"allow":["GET"]}}],"collection":[{"href":"https:\/\/www.europesays.com\/fr\/wp-json\/wp\/v2\/posts"}],"about":[{"href":"https:\/\/www.europesays.com\/fr\/wp-json\/wp\/v2\/types\/post"}],"author":[{"embeddable":true,"href":"https:\/\/www.europesays.com\/fr\/wp-json\/wp\/v2\/users\/2"}],"replies":[{"embeddable":true,"href":"https:\/\/www.europesays.com\/fr\/wp-json\/wp\/v2\/comments?post=272233"}],"version-history":[{"count":0,"href":"https:\/\/www.europesays.com\/fr\/wp-json\/wp\/v2\/posts\/272233\/revisions"}],"wp:featuredmedia":[{"embeddable":true,"href":"https:\/\/www.europesays.com\/fr\/wp-json\/wp\/v2\/media\/272234"}],"wp:attachment":[{"href":"https:\/\/www.europesays.com\/fr\/wp-json\/wp\/v2\/media?parent=272233"}],"wp:term":[{"taxonomy":"category","embeddable":true,"href":"https:\/\/www.europesays.com\/fr\/wp-json\/wp\/v2\/categories?post=272233"},{"taxonomy":"post_tag","embeddable":true,"href":"https:\/\/www.europesays.com\/fr\/wp-json\/wp\/v2\/tags?post=272233"}],"curies":[{"name":"wp","href":"https:\/\/api.w.org\/{rel}","templated":true}]}}