{"id":272239,"date":"2025-07-25T07:21:12","date_gmt":"2025-07-25T07:21:12","guid":{"rendered":"https:\/\/www.europesays.com\/fr\/272239\/"},"modified":"2025-07-25T07:21:12","modified_gmt":"2025-07-25T07:21:12","slug":"apres-un-accident-une-artiste-realise-son-exposition-avec-une-seule-main","status":"publish","type":"post","link":"https:\/\/www.europesays.com\/fr\/272239\/","title":{"rendered":"apr\u00e8s un accident, une artiste r\u00e9alise son exposition avec une seule main"},"content":{"rendered":"<p class=\"article__intro\">Connue pour ses paysages du Larzac, Anne-Marie Letort s&rsquo;est lanc\u00e9 le d\u00e9fi de r\u00e9aliser sa 25e exposition \u00e0 90 ans. Le tout, sans user de la main droite, rest\u00e9e inutilisable apr\u00e8s un accident. Ses \u0153uvres sont \u00e0 voir jusqu&rsquo;au 15 septembre, \u00e0 Saucli\u00e8res, dans l&rsquo;Aveyron.<\/p>\n<p>\n      La Quotidienne Soci\u00e9t\u00e9\n    <\/p>\n<p>\n      De la vie quotidienne aux grands enjeux, recevez tous les jours les sujets qui font la soci\u00e9t\u00e9 locale, comme la justice, l\u2019\u00e9ducation, la sant\u00e9 et la famille.\n    <\/p>\n<p>    France T\u00e9l\u00e9visions utilise votre adresse e-mail afin de vous envoyer la newsletter \u00ab\u00a0La Quotidienne Soci\u00e9t\u00e9\u00a0\u00bb. Vous pouvez vous d\u00e9sinscrire \u00e0 tout moment via le lien en bas de cette newsletter. <a target=\"_blank\" href=\"https:\/\/www.francetelevisions.fr\/groupe\/confidentialite\/politique-de-confidentialite\/politique-de-confidentialite-de-france-televisions-6503\" rel=\"nofollow noopener\">Notre politique de confidentialit\u00e9<\/a><\/p>\n<p>Des dessins au fusain d&rsquo;hommes, de bisons et d&rsquo;autres b\u00eates sauvages sont accroch\u00e9s aux murs. Ils ressemblent \u00e0 ceux de nos anc\u00eatres pr\u00e9historiques.<\/p>\n<p>Plus connue pour <a href=\"https:\/\/france3-regions.franceinfo.fr\/occitanie\/aveyron\/millau\/escapade-larzac-ame-templiers-lutte-paysanne-1911766.html\" target=\"_blank\" rel=\"noopener nofollow\">ses paysages du Larzac<\/a>, la peintre Anne-Marie Letort a chang\u00e9 son style pour cette exposition particuli\u00e8re, qui a d\u00e9but\u00e9 le 5 juillet dernier, \u00e0 Saucli\u00e8res, dans l&rsquo;Aveyron.<\/p>\n<p><a data-article-figure=\"\" href=\"https:\/\/france3-regions.franceinfo.fr\/image\/3HK-CSUlGb9TAKU67Qzl8zQisLE\/1920x1080\/regions\/2025\/07\/23\/s12-millau-exposition-d-une-artiste-handicap-e-d-une-main-00-00-13-05-68810928e7aed246237733.jpg\" data-pswp-width=\"1920\" data-pswp-height=\"1080\" target=\"_blank\" rel=\"nofollow noopener\"><\/p>\n<p>          <img width=\"600\" height=\"400\" class=\"article-image lazy\" data-src=\"https:\/\/www.europesays.com\/fr\/wp-content\/uploads\/2025\/07\/s12-millau-exposition-d-une-artiste-handicap-e-d-une-main-00-00-13-05-68810928e7aed246237733.jpg\" alt=\"Pour sa 25e exposition, Anne-Marie Letort a d\u00e9cid\u00e9 d'explorer l'univers de la pr\u00e9histoire.\" fetchpriority=\"high\" as=\"image\"\/><\/p>\n<p>\n            Pour sa 25e exposition, Anne-Marie Letort a d\u00e9cid\u00e9 d&rsquo;explorer l&rsquo;univers de la pr\u00e9histoire.<br \/>\n                           \u2022<br \/>\n                                      \u00a9 Camille Saiseau \/ FranceTV\n                      <\/p>\n<p><\/a><\/p>\n<p>Apr\u00e8s un accident, l&rsquo;artiste a perdu l&rsquo;usage de sa main droite. \u00c0 90 ans, elle s&rsquo;est lanc\u00e9 le d\u00e9fi de produire seulement de la main gauche.<\/p>\n<p>\u00ab\u00a0C&rsquo;est une autre vie de peintre qui se pr\u00e9sente \u00e0 moi. \u00c7a m&rsquo;a mis dans une esp\u00e8ce de tohu-bohu, je ne sais pas, comme une esp\u00e8ce de r\u00e9surrection, mais qui \u00e9tait tr\u00e8s d\u00e9courag\u00e9e parce que je me disais, je ne peux plus peindre avec ma main, se confie Anne-Marie Letort. Aussit\u00f4t, la main gauche, elle s&rsquo;est mise \u00e0 dessiner beaucoup, beaucoup. Et je suis persuad\u00e9e que tous les dessins qui sont l\u00e0, je n&rsquo;aurais pas fait \u00e7a avec la main droite.\u00a0\u00bb<\/p>\n<p>Avec son exposition, elle souhaite faire voyager le spectateur \u00e0 travers la pr\u00e9histoire, avec tous les myst\u00e8res qui tournent autour.<\/p>\n<p>\u00ab\u00a0Comment ont-ils su, comment ont-ils fait pour dessiner d&rsquo;une fa\u00e7on si juste ? Il n&rsquo;y a pas de repentir, tout le trac\u00e9 est d&#8217;embl\u00e9e juste. Le volume, la forme, le mouvement, ils ont tout trouv\u00e9, analyse l&rsquo;artiste. On arrive au moment de l&rsquo;intelligence artificielle, on n&rsquo;a pas de progr\u00e8s. Il y a des diff\u00e9rences, mais il n&rsquo;y a pas de progr\u00e8s. Ils avaient d\u00e9j\u00e0 tout donn\u00e9, tout.\u00a0\u00bb<\/p>\n<\/p>\n<p>L&rsquo;exposition durera jusqu&rsquo;au 15 septembre 2025.<\/p>\n<p>\u00c9crit avec Mathilde De Flamesnil et Camille Saiseau<\/p>\n","protected":false},"excerpt":{"rendered":"Connue pour ses paysages du Larzac, Anne-Marie Letort s&rsquo;est lanc\u00e9 le d\u00e9fi de r\u00e9aliser sa 25e exposition \u00e0&hellip;\n","protected":false},"author":2,"featured_media":272240,"comment_status":"","ping_status":"","sticky":false,"template":"","format":"standard","meta":{"footnotes":""},"categories":[1358],"tags":[1348,1384,1385,1386,58,59,1011,27],"class_list":{"0":"post-272239","1":"post","2":"type-post","3":"status-publish","4":"format-standard","5":"has-post-thumbnail","7":"category-arts-et-design","8":"tag-arts","9":"tag-arts-and-design","10":"tag-arts-et-design","11":"tag-design","12":"tag-divertissement","13":"tag-entertainment","14":"tag-fr","15":"tag-france"},"share_on_mastodon":{"url":"https:\/\/pubeurope.com\/@fr\/114912669445683022","error":""},"_links":{"self":[{"href":"https:\/\/www.europesays.com\/fr\/wp-json\/wp\/v2\/posts\/272239","targetHints":{"allow":["GET"]}}],"collection":[{"href":"https:\/\/www.europesays.com\/fr\/wp-json\/wp\/v2\/posts"}],"about":[{"href":"https:\/\/www.europesays.com\/fr\/wp-json\/wp\/v2\/types\/post"}],"author":[{"embeddable":true,"href":"https:\/\/www.europesays.com\/fr\/wp-json\/wp\/v2\/users\/2"}],"replies":[{"embeddable":true,"href":"https:\/\/www.europesays.com\/fr\/wp-json\/wp\/v2\/comments?post=272239"}],"version-history":[{"count":0,"href":"https:\/\/www.europesays.com\/fr\/wp-json\/wp\/v2\/posts\/272239\/revisions"}],"wp:featuredmedia":[{"embeddable":true,"href":"https:\/\/www.europesays.com\/fr\/wp-json\/wp\/v2\/media\/272240"}],"wp:attachment":[{"href":"https:\/\/www.europesays.com\/fr\/wp-json\/wp\/v2\/media?parent=272239"}],"wp:term":[{"taxonomy":"category","embeddable":true,"href":"https:\/\/www.europesays.com\/fr\/wp-json\/wp\/v2\/categories?post=272239"},{"taxonomy":"post_tag","embeddable":true,"href":"https:\/\/www.europesays.com\/fr\/wp-json\/wp\/v2\/tags?post=272239"}],"curies":[{"name":"wp","href":"https:\/\/api.w.org\/{rel}","templated":true}]}}