{"id":272241,"date":"2025-07-25T07:22:15","date_gmt":"2025-07-25T07:22:15","guid":{"rendered":"https:\/\/www.europesays.com\/fr\/272241\/"},"modified":"2025-07-25T07:22:15","modified_gmt":"2025-07-25T07:22:15","slug":"chatillon-sur-seine-ecrivain-a-succes-il-va-ouvrir-une-residence-litteraire-dans-la-commune","status":"publish","type":"post","link":"https:\/\/www.europesays.com\/fr\/272241\/","title":{"rendered":"Ch\u00e2tillon-sur-Seine. \u00c9crivain \u00e0 succ\u00e8s, il va ouvrir une r\u00e9sidence litt\u00e9raire dans la commune"},"content":{"rendered":"<p>Son roman Kukum  &#8211; paru la premi\u00e8re fois en 2019 aux \u00e9ditions Libre expression &#8211; s\u2019est vendu \u00e0 plus de 300\u00a0000 exemplaires dans le monde et c\u2019est \u00e0 Ch\u00e2tillon-sur-Seine qu\u2019il a choisi de poser ses bagages plusieurs fois par an\u00a0: Michel Jean, \u00e9crivain qu\u00e9b\u00e9cois d\u2019origine innue*, va y ouvrir une r\u00e9sidence litt\u00e9raire d\u00e8s l\u2019ann\u00e9e prochaine. Il a choisi de lui donner le nom de son arri\u00e8re-grand-m\u00e8re, Almanda Sim\u00e9on.<\/p>\n<p>L\u2019ancien journaliste de Radio Canada \u00e9crit depuis 2009 des livres sur son peuple, qui vivait au Canada des milliers d\u2019ann\u00e9es avant que le navigateur Jacques Cartier ne \u00ab\u00a0d\u00e9couvre\u00a0\u00bb le pays. Lui-m\u00eame descendant de cette nation, a plong\u00e9 dans ses racines pour en raconter l\u2019histoire, longtemps mise \u00e0 l\u2019\u00e9cart. Ses livres s\u2019arrachent dans toute l\u2019Europe.<\/p>\n<p>Depuis 2020, il sillonne la France, l\u2019Allemagne et l\u2019Italie et c\u2019est aussi pour cette raison qu\u2019il a choisi le Ch\u00e2tillonnais pour se poser.<\/p>\n<p>Une b\u00e2tisse datant de 1654<\/p>\n<p>\u00ab\u00a0Je cherchais un point de chute qui soit assez central en&#8230;<\/p>\n","protected":false},"excerpt":{"rendered":"Son roman Kukum &#8211; paru la premi\u00e8re fois en 2019 aux \u00e9ditions Libre expression &#8211; s\u2019est vendu \u00e0&hellip;\n","protected":false},"author":2,"featured_media":272242,"comment_status":"","ping_status":"","sticky":false,"template":"","format":"standard","meta":{"footnotes":""},"categories":[1357],"tags":[1379,38922,38923,650,1687,58,11743,59,107,1011,27,1757,1380,2410,104,2205],"class_list":{"0":"post-272241","1":"post","2":"type-post","3":"status-publish","4":"format-standard","5":"has-post-thumbnail","7":"category-livres","8":"tag-books","9":"tag-chatillon-sur-seine","10":"tag-chatillon-sur-seine-bassin","11":"tag-cinema","12":"tag-culture-loisirs","13":"tag-divertissement","14":"tag-edition-haute-cote-dor","15":"tag-entertainment","16":"tag-fil-info","17":"tag-fr","18":"tag-france","19":"tag-insolite","20":"tag-livres","21":"tag-livres-bd","22":"tag-societe","23":"tag-television-medias"},"share_on_mastodon":{"url":"https:\/\/pubeurope.com\/@fr\/114912673481350464","error":""},"_links":{"self":[{"href":"https:\/\/www.europesays.com\/fr\/wp-json\/wp\/v2\/posts\/272241","targetHints":{"allow":["GET"]}}],"collection":[{"href":"https:\/\/www.europesays.com\/fr\/wp-json\/wp\/v2\/posts"}],"about":[{"href":"https:\/\/www.europesays.com\/fr\/wp-json\/wp\/v2\/types\/post"}],"author":[{"embeddable":true,"href":"https:\/\/www.europesays.com\/fr\/wp-json\/wp\/v2\/users\/2"}],"replies":[{"embeddable":true,"href":"https:\/\/www.europesays.com\/fr\/wp-json\/wp\/v2\/comments?post=272241"}],"version-history":[{"count":0,"href":"https:\/\/www.europesays.com\/fr\/wp-json\/wp\/v2\/posts\/272241\/revisions"}],"wp:featuredmedia":[{"embeddable":true,"href":"https:\/\/www.europesays.com\/fr\/wp-json\/wp\/v2\/media\/272242"}],"wp:attachment":[{"href":"https:\/\/www.europesays.com\/fr\/wp-json\/wp\/v2\/media?parent=272241"}],"wp:term":[{"taxonomy":"category","embeddable":true,"href":"https:\/\/www.europesays.com\/fr\/wp-json\/wp\/v2\/categories?post=272241"},{"taxonomy":"post_tag","embeddable":true,"href":"https:\/\/www.europesays.com\/fr\/wp-json\/wp\/v2\/tags?post=272241"}],"curies":[{"name":"wp","href":"https:\/\/api.w.org\/{rel}","templated":true}]}}