{"id":272251,"date":"2025-07-25T07:27:16","date_gmt":"2025-07-25T07:27:16","guid":{"rendered":"https:\/\/www.europesays.com\/fr\/272251\/"},"modified":"2025-07-25T07:27:16","modified_gmt":"2025-07-25T07:27:16","slug":"isak-le-psg-pret-a-frapper-fort","status":"publish","type":"post","link":"https:\/\/www.europesays.com\/fr\/272251\/","title":{"rendered":"Isak, le PSG pr\u00eat \u00e0 frapper fort ?"},"content":{"rendered":"<p><strong>Alexander Isak, attaquant de 25 ans de Newcastle (contrat jusqu\u2019en 2028) et la Su\u00e8de, fait partie des nombreux joueurs qui ont \u00e9t\u00e9 cit\u00e9s dans le viseur du Paris Saint-Germain pour le mercato. Pas particuli\u00e8rement derni\u00e8rement, alors que de nombreux clubs sont \u00e9voqu\u00e9s suite \u00e0 une demande de d\u00e9part formul\u00e9e d\u2019apr\u00e8s les m\u00e9dias. Mais ce vendredi,\u00a0The Athletic\u00a0fait du PSG un s\u00e9rieux candidat.<\/strong><\/p>\n<p>\u00ab\u00a0la question est de savoir si le PSG est pr\u00eat \u00e0 investir autant d\u2019argent dans un seul avant-centre.\u00a0\u00bb<\/p>\n<blockquote>\n<p>\u00ab S\u2019il y a une \u00e9quipe europ\u00e9enne qui pourrait se permettre d\u2019aller chercher Isak, c\u2019est probablement le vainqueur de la Ligue des champions de la saison derni\u00e8re. Ces derniers temps, cependant, le PSG se montre un peu plus r\u00e9serv\u00e9 et l\u2019entra\u00eeneur Luis Enrique a mis au point un syst\u00e8me finement r\u00e9gl\u00e9 qui n\u2019utilise pas n\u00e9cessairement un num\u00e9ro 9 classique.<\/p>\n<p>Au d\u00e9but de ce mercato, Isak ne figurait pas parmi les priorit\u00e9s du PSG, mais il reste \u00e0 voir si cela pourrait changer maintenant qu\u2019il fait publiquement pression pour un transfert.<\/p>\n<p>Randal Kolo Muani et Goncalo Ramos pourraient partir, lib\u00e9rant ainsi une place pour un attaquant, mais la question est de savoir si le PSG est pr\u00eat \u00e0 investir autant d\u2019argent dans un seul avant-centre. \u00bb<\/p>\n<\/blockquote>\n<p>Un transfert d\u2019Isak, \u00e9valu\u00e9 bien plus haut que 100 millions d\u2019euros, n\u2019est pas totalement impossible. Le PSG a des moyens et le Su\u00e9dois est un buteur assez complet qui pourrait plaire au coach Luis Enrique. Cependant, il n\u2019y a rien de plus avanc\u00e9 que cela.<\/p>\n<p>Paris n\u2019a pas forc\u00e9ment, comme le souligne finalement le m\u00e9dia sportif, la volont\u00e9 de faire une telle d\u00e9pense \u00e0 ce poste. Isak peut aussi avoir d\u2019autres envies, m\u00eame si le PSG peut \u00eatre une destination tentante. Sans oublier que sa demande de d\u00e9part n\u2019est pas officielle. Cela vient de son absence pour la tourn\u00e9e de pr\u00e9saison. Certains ont plut\u00f4t \u00e9voqu\u00e9 une blessure.<\/p>\n<p>C\u2019est donc le grand flou et de nombreux clubs ont \u00e9t\u00e9 annonc\u00e9s dans ce dossier, sans la moindre confirmation. Il n\u2019est pas \u00e9tonnant que le PSG, avec ses moyens et son importance m\u00e9diatique, y soit m\u00eal\u00e9. Mais ce n\u2019est pas assez, pour le moment, afin d\u2019envisager s\u00e9rieusement un transfert. Simplement, la surprise n\u2019est pas impensable.<\/p>\n<p>\t\t\t\t\t\t\t\t\t\t\t\t\t\t\t\t\t\t\t\t\t\t\t<img loading=\"lazy\" src=\"https:\/\/www.europesays.com\/fr\/wp-content\/uploads\/2025\/04\/ParisFans_Logo.png\" decoding=\"async\" class=\"lazyload\" width=\"240\" height=\"54\" data-eio-rwidth=\"240\" data-eio-rheight=\"54\"\/><\/p>\n","protected":false},"excerpt":{"rendered":"Alexander Isak, attaquant de 25 ans de Newcastle (contrat jusqu\u2019en 2028) et la Su\u00e8de, fait partie des nombreux&hellip;\n","protected":false},"author":2,"featured_media":272252,"comment_status":"","ping_status":"","sticky":false,"template":"","format":"standard","meta":{"footnotes":""},"categories":[9],"tags":[9152,1011,27,60,96],"class_list":{"0":"post-272251","1":"post","2":"type-post","3":"status-publish","4":"format-standard","5":"has-post-thumbnail","7":"category-sports","8":"tag-alexander-isak","9":"tag-fr","10":"tag-france","11":"tag-sports","12":"tag-une"},"share_on_mastodon":{"url":"https:\/\/pubeurope.com\/@fr\/114912693138177875","error":""},"_links":{"self":[{"href":"https:\/\/www.europesays.com\/fr\/wp-json\/wp\/v2\/posts\/272251","targetHints":{"allow":["GET"]}}],"collection":[{"href":"https:\/\/www.europesays.com\/fr\/wp-json\/wp\/v2\/posts"}],"about":[{"href":"https:\/\/www.europesays.com\/fr\/wp-json\/wp\/v2\/types\/post"}],"author":[{"embeddable":true,"href":"https:\/\/www.europesays.com\/fr\/wp-json\/wp\/v2\/users\/2"}],"replies":[{"embeddable":true,"href":"https:\/\/www.europesays.com\/fr\/wp-json\/wp\/v2\/comments?post=272251"}],"version-history":[{"count":0,"href":"https:\/\/www.europesays.com\/fr\/wp-json\/wp\/v2\/posts\/272251\/revisions"}],"wp:featuredmedia":[{"embeddable":true,"href":"https:\/\/www.europesays.com\/fr\/wp-json\/wp\/v2\/media\/272252"}],"wp:attachment":[{"href":"https:\/\/www.europesays.com\/fr\/wp-json\/wp\/v2\/media?parent=272251"}],"wp:term":[{"taxonomy":"category","embeddable":true,"href":"https:\/\/www.europesays.com\/fr\/wp-json\/wp\/v2\/categories?post=272251"},{"taxonomy":"post_tag","embeddable":true,"href":"https:\/\/www.europesays.com\/fr\/wp-json\/wp\/v2\/tags?post=272251"}],"curies":[{"name":"wp","href":"https:\/\/api.w.org\/{rel}","templated":true}]}}