{"id":272259,"date":"2025-07-25T07:31:15","date_gmt":"2025-07-25T07:31:15","guid":{"rendered":"https:\/\/www.europesays.com\/fr\/272259\/"},"modified":"2025-07-25T07:31:15","modified_gmt":"2025-07-25T07:31:15","slug":"course-aux-drones-en-afrique-resultats-incertains-pour-les-armees-devastateurs-pour-les-civils-actualites","status":"publish","type":"post","link":"https:\/\/www.europesays.com\/fr\/272259\/","title":{"rendered":"Course aux drones en Afrique : r\u00e9sultats incertains pour les arm\u00e9es, d\u00e9vastateurs pour les civils : Actualit\u00e9s"},"content":{"rendered":"<p class=\"lead \">Les c\u00e9l\u00e9brations de P\u00e2ques devaient \u00eatre une rare parenth\u00e8se de r\u00e9pit \u00e0 Gedeb, dans le nord de l&rsquo;Ethiopie. Le 17 avril a vir\u00e9 au carnage dans cette petite ville de l&rsquo;Amhara, rattrap\u00e9e par la guerre qui oppose l&rsquo;arm\u00e9e \u00e0 la r\u00e9bellion Fano. Et comme souvent, la mort est tomb\u00e9e du ciel.<\/p>\n<p class=\"lead \">A l&rsquo;occasion de cette importante f\u00eate religieuse pour les orthodoxes et protestants \u00e9thiopiens, de nombreuses familles s&rsquo;\u00e9taient rassembl\u00e9es dans la matin\u00e9e pour r\u00e9parer l&rsquo;\u00e9cole primaire locale.<\/p>\n<p class=\"lead \">Soudain, peu avant 11H00, \u00ab\u00a0un drone a tir\u00e9 sur la foule et pulv\u00e9ris\u00e9 beaucoup de gens sous mes yeux\u00a0\u00bb, raconte \u00e0 l&rsquo;AFP un habitant qui participait aux travaux.<\/p>\n<p class=\"lead \">Un vendeur de chaussures pr\u00e9sent sur les lieux, dont le neveu a \u00e9t\u00e9 tu\u00e9 sur le coup, met lui aussi en cause un drone arm\u00e9, qui a continu\u00e9 de \u00ab\u00a0planer dans les airs\u00a0\u00bb une vingtaine de minutes apr\u00e8s la frappe.<\/p>\n<p class=\"lead \">\u00ab\u00a0Le spectacle \u00e9tait horrible: il y avait des t\u00eates, des torses, des membres projet\u00e9s un peu partout, et des personnes gri\u00e8vement bless\u00e9es qui hurlaient de douleur\u00a0\u00bb, se souvient-il.<\/p>\n<p class=\"lead \">Les autorit\u00e9s \u00e9thiopiennes n&rsquo;ont pas communiqu\u00e9 sur cette attaque en Amhara, o\u00f9 la situation s\u00e9curitaire rend certaines zones tr\u00e8s difficiles d&rsquo;acc\u00e8s, et les communications sont soumises \u00e0 d&rsquo;importantes restrictions.<\/p>\n<p class=\"lead \">D&rsquo;apr\u00e8s l&rsquo;un des deux habitants contact\u00e9s par l&rsquo;AFP, la frappe a fait \u00ab\u00a0au moins\u00a0\u00bb 50 morts, et selon le deuxi\u00e8me, plus de 100, un bilan corrobor\u00e9 par plusieurs m\u00e9dias locaux.<\/p>\n<p class=\"lead \">L&rsquo;\u00c9thiopie, et de nombreux pays africains avec elle, mise de plus en plus sur les drones comme un moyen peu co\u00fbteux de mener une guerre, souvent avec des r\u00e9sultats militaires mitig\u00e9s mais des cons\u00e9quences d\u00e9vastatrices pour les populations civiles.<\/p>\n<p class=\"lead \">La frappe de Gedeb est l&rsquo;une des plus meurtri\u00e8res d&rsquo;une s\u00e9rie d&rsquo;attaques de drones depuis le d\u00e9but du conflit, en ao\u00fbt 2023, opposant l&rsquo;arm\u00e9e \u00e9thiopienne et les Fano, milices populaires traditionnelles \u00ab\u00a0d&rsquo;autod\u00e9fense\u00a0\u00bb de l&rsquo;ethnie Amhara.<\/p>\n<p class=\"lead \">L&rsquo;utilisation de drones par l&rsquo;arm\u00e9e \u00e9thiopienne, qui a commenc\u00e9 durant la sanglante guerre du Tigr\u00e9 (2020-2022), s&rsquo;est \u00e9tendue aux r\u00e9gions de l&rsquo;Amhara et de l&rsquo;Oromia sur fond d&rsquo;insurrections multiples.<\/p>\n<p class=\"lead \">Dans la seule r\u00e9gion de l&rsquo;Amhara, aujourd&rsquo;hui la plus touch\u00e9e, au moins 669 personnes ont \u00e9t\u00e9 tu\u00e9es depuis 2023 dans plus de 70 frappes de drones, selon des donn\u00e9es collect\u00e9es par l&rsquo;ONG Acled et analys\u00e9es par l\u2019AFP. L&rsquo;an pass\u00e9, l&rsquo;Ethiopie a men\u00e9 au total 54 frappes, devanc\u00e9e par le Mali (62), le Burkina Faso (82) et surtout le Soudan (266), selon cette source.<\/p>\n<p class=\"lead \">&#8211; Cinq millions d&rsquo;euros &#8211;<\/p>\n<p class=\"lead \">Technologies bon march\u00e9 omnipr\u00e9sentes dans les conflits actuels, notamment en Ukraine, les engins pilot\u00e9s \u00e0 distance pour la reconnaissance et les frappes suscitent un engouement massif sur le continent.<\/p>\n<p class=\"lead \"><img decoding=\"async\" class=\"w-100\" src=\"https:\/\/www.europesays.com\/fr\/wp-content\/uploads\/2025\/07\/2275\/actu\/afp-news\/73b30e60-4cb2-4277-9658-1f42613c405c-4.jpg\" alt=\"\"\/> Une trentaine de gouvernements africains ont acquis des drones, selon des donn\u00e9es recoup\u00e9es par l&rsquo;AFP \u00e0 partir du \u00ab\u00a0Military Balance\u00a0\u00bb de l&rsquo;Institut international d&rsquo;\u00e9tudes strat\u00e9giques (IISS) et du Drone Proliferation Dataset du Center for a New American Security (CNAS).<\/p>\n<p class=\"lead \">Pendant des d\u00e9cennies, les guerres en Afrique ont \u00e9t\u00e9 terrestres, men\u00e9es surtout par des unit\u00e9s d&rsquo;infanterie l\u00e9g\u00e8re et mobile.<\/p>\n<p class=\"lead \">\u00ab\u00a0Le drone offre aux arm\u00e9es d&rsquo;Afrique subsaharienne un acc\u00e8s plus abordable et flexible \u00e0 la puissance a\u00e9rienne, jusqu&rsquo;ici hors de port\u00e9e en raison de son co\u00fbt et de sa complexit\u00e9 op\u00e9rationnelle\u00a0\u00bb, explique Djenabou Cisse, sp\u00e9cialiste des questions de s\u00e9curit\u00e9 en Afrique de l&rsquo;Ouest \u00e0 la Fondation pour la recherche strat\u00e9gique.<\/p>\n<p class=\"lead \">Et des pays comme la Chine, la Turquie et l&rsquo;Iran pr\u00e9sentent l&rsquo;avantage de vendre des drones \u00ab\u00a0sans y attacher de conditionnalit\u00e9 politique li\u00e9e au respect des droits humains\u00a0\u00bb, ajoute-t-elle.<\/p>\n<p class=\"lead \">Au sein des \u00e9tats-majors africains, le plus populaire est sans conteste le drone turc Bayraktar TB2, qui, avec son grand-fr\u00e8re l&rsquo;Akinci, a d\u00e9tr\u00f4n\u00e9 le Wing Loon chinois ces derni\u00e8res ann\u00e9es. <\/p>\n<p class=\"lead \">Le TB2 a fait une apparition remarqu\u00e9e en 2019 en Libye, premier th\u00e9\u00e2tre africain d&rsquo;une guerre de drones, entre le Gouvernement d&rsquo;union nationale soutenu par Ankara, et son rival de l&rsquo;Est, le mar\u00e9chal Haftar, \u00e9quip\u00e9 d&rsquo;engins chinois fournis par les \u00c9mirats arabes unis.<\/p>\n<p class=\"lead \">L&rsquo;ann\u00e9e suivante, son d\u00e9ploiement dans le Karabakh pendant le conflit entre l&rsquo;Arm\u00e9nie et l&rsquo;Azerba\u00efdjan, puis en Ukraine \u00e0 partir de 2022, font grimper sa cote. Les commandes explosent et les listes d&rsquo;attente s&rsquo;\u00e9tirent.<\/p>\n<p class=\"lead \">Si les d\u00e9tails des contrats sont gard\u00e9s secrets, des experts consult\u00e9s par l&rsquo;AFP chiffrent \u00e0 5 millions d&rsquo;euros un \u00ab\u00a0syst\u00e8me\u00a0\u00bb de trois drones, contre plusieurs dizaines de millions pour un avion de chasse ou un h\u00e9licopt\u00e8re de combat.<\/p>\n<p class=\"lead \">De quoi compenser une performance plut\u00f4t moyenne, avec un rayon d&rsquo;action limit\u00e9 \u00e0 150 km.<\/p>\n<p class=\"lead \">Ce drone produit par l&rsquo;entreprise priv\u00e9e Baykar, dirig\u00e9e par le gendre du pr\u00e9sident turc Recep Tayyip Erdogan, \u00ab\u00a0fait aujourd&rsquo;hui partie int\u00e9grante de la politique \u00e9trang\u00e8re de la Turquie, dont la strat\u00e9gie consiste \u00e0 exporter ses produits militaires dans le monde entier\u00a0\u00bb, constate Batu Co\u015fkun, chercheur au Sediq Institute \u00e0 Tripoli.<\/p>\n<p class=\"lead \">La perc\u00e9e des drones turcs en Afrique est d&rsquo;autant plus facilit\u00e9e que, contrairement aux Occidentaux, Ankara s&rsquo;affranchit des lourdes proc\u00e9dures de contr\u00f4le des exportations de mat\u00e9riels militaires. \u00ab\u00a0C&rsquo;est essentiellement \u00e0 la discr\u00e9tion du pr\u00e9sident\u00a0\u00bb, rel\u00e8ve-t-il.<\/p>\n<p class=\"lead \">&#8211; Plus grande autonomie &#8211;<\/p>\n<p class=\"lead \">Au Sahel, apr\u00e8s avoir chass\u00e9 la France, les pouvoirs militaires du Mali, du Burkina Faso et du Niger ont fait des drones turcs un vecteur privil\u00e9gi\u00e9 pour frapper leurs ennemis de l&rsquo;int\u00e9rieur, combattants jihadistes ou ind\u00e9pendantistes.<\/p>\n<p class=\"lead \"><img decoding=\"async\" class=\"w-100\" src=\"https:\/\/www.europesays.com\/fr\/wp-content\/uploads\/2025\/07\/2275\/actu\/afp-news\/73b30e60-4cb2-4277-9658-1f42613c405c-7.jpg\" alt=\"\"\/> Comme en d\u00e9cembre 2024, lorsque l&rsquo;arm\u00e9e malienne a \u00e9limin\u00e9 un responsable et plusieurs membres du Front de lib\u00e9ration de l&rsquo;Azawad (FLA), une coalition ind\u00e9pendantiste, dans une attaque de drones sur Tinzaouat\u00e8ne (nord).<\/p>\n<p class=\"lead \">En novembre 2023, ils ont jou\u00e9 un r\u00f4le d\u00e9terminant dans la prise de Kidal aux rebelles majoritairement touaregs du Cadre strat\u00e9gique permanent (CSP), offrant une victoire symbolique au g\u00e9n\u00e9ral Assimi Go\u00efta.<\/p>\n<p class=\"lead \">Sous couvert d&rsquo;anonymat, un officier sup\u00e9rieur malien loue la \u00ab\u00a0discr\u00e9tion\u00a0\u00bb de la coop\u00e9ration militaire turque. \u00ab\u00a0Quand vous payez des \u00e9quipements militaires en Occident, il faut que \u00e7a passe par des accords politiques, des n\u00e9gociations. Avec la Turquie, nous avons une c\u00e9l\u00e9rit\u00e9 que nous n&rsquo;avons pas ailleurs, m\u00eame pas en Russie ou en Chine\u00a0\u00bb, qui fournissent aussi des \u00e9quipements militaires, confie-t-il.<\/p>\n<p class=\"lead \">Selon un jeune pilote malien de drone de surveillance qui souhaite \u00e9galement garder l&rsquo;anonymat, les appareils turcs \u00ab\u00a0ont une facilit\u00e9 de pilotage qui fait que nous n&rsquo;avons pas besoin d&rsquo;un long temps de formation\u00a0\u00bb.<\/p>\n<p class=\"lead \">Au Tchad, quatre drones turcs viennent combler le d\u00e9part des avions de chasse fran\u00e7ais dans les bases avanc\u00e9es qu&rsquo;ils occupaient jusqu&rsquo;\u00e0 la rupture des accords de coop\u00e9ration militaire par N&rsquo;Djamena fin 2024.<\/p>\n<p class=\"lead \">Ces derniers avaient fourni \u00e0 plusieurs reprises un appui a\u00e9rien pour aider le pouvoir tchadien \u00e0 stopper l&rsquo;avanc\u00e9e de rebelles mena\u00e7ant la capitale. N&rsquo;Djamena n&rsquo;est \u00e9quip\u00e9 que de cinq avions Sukho\u00ef russes et d&rsquo;autant d&rsquo;h\u00e9licopt\u00e8res MI-24 vieillissants.<\/p>\n<p class=\"lead \">Contrairement aux relations franco-tchadiennes, \u00ab\u00a0il n&rsquo;y a pas d&rsquo;accord de coop\u00e9ration militaire (entre N&rsquo;Djamena et Ankara, ndlr) mais un accord commercial qui nous permet d&rsquo;acqu\u00e9rir des mat\u00e9riels militaires\u00a0\u00bb, assure un officier tchadien \u00e0 l&rsquo;AFP.<\/p>\n<p class=\"lead \">Des Turcs sont pr\u00e9sents pour fournir une assistance technique, et les ex-bases fran\u00e7aises sont \u00ab\u00a0enti\u00e8rement entre les mains des militaires tchadiens\u00a0\u00bb, revendique la m\u00eame source.<\/p>\n<p class=\"lead \">Cette coop\u00e9ration souple sur les drones illustre bien la volont\u00e9 de certains dirigeants africains d'\u00a0\u00bbaffirmer leur souverainet\u00e9 et une plus grande autonomie strat\u00e9gique\u00a0\u00bb, note la chercheuse Djenabou Cisse.<\/p>\n<p class=\"lead \">&#8211; \u00ab\u00a0Peur extr\u00eame\u00a0\u00bb &#8211;<\/p>\n<p class=\"lead \">Sur le terrain, les gains tactiques et strat\u00e9giques du recours aux drones ne sont pourtant pas toujours au rendez-vous, soulignent plusieurs experts. <\/p>\n<p class=\"lead \">Pour Djenabou Cisse, \u00ab\u00a0les drones ne permettent pas \u00e0 eux seuls de vaincre un adversaire. On l&rsquo;a vu en Libye, o\u00f9 les deux camps disposaient de drones sophistiqu\u00e9s, et plus r\u00e9cemment au Soudan, o\u00f9 chacun utilise des drones, mais avec des capacit\u00e9s tr\u00e8s in\u00e9gales. Non seulement ces pays ne se sont pas pleinement stabilis\u00e9s, mais les conflits se sont souvent enlis\u00e9s voire intensifi\u00e9s\u00a0\u00bb.<\/p>\n<p class=\"lead \">Les drones s&rsquo;av\u00e8rent surtout d\u00e9cisifs en terrain d\u00e9couvert, lorsque l&rsquo;ennemi n&rsquo;est pas capable de se disperser et de se dissimuler comme c&rsquo;est le cas des jihadistes au Sahel, qui ne cessent de gagner du terrain, conclut une \u00e9tude fouill\u00e9e de l&rsquo;Institut allemand pour les affaires internationales et de s\u00e9curit\u00e9 (SWP).<\/p>\n<p class=\"lead \">En Ethiopie, ils ont permis d&rsquo;inverser le cours du conflit au Tigr\u00e9 \u00e0 un moment-cl\u00e9, donnant un avantage d\u00e9cisif aux forces f\u00e9d\u00e9rales sans pour autant permettre une victoire d\u00e9finitive.<\/p>\n<p class=\"lead \">A l&rsquo;\u00e9t\u00e9 2021, une large colonne de forces rebelles du Tigr\u00e9 parvenue \u00e0 moins de 200 km d&rsquo;Addis Abeba, mena\u00e7ant de s&#8217;emparer de la capitale, est stopp\u00e9e in extremis par l&rsquo;arsenal de drones d\u00e9ploy\u00e9s par le gouvernement.<\/p>\n<p class=\"lead \">L&rsquo;analyse d&rsquo;images satellites par l&rsquo;ONG PAX sur plusieurs bases a\u00e9riennes \u00e9thiopiennes atteste de la pr\u00e9sence de plusieurs TB2 et plus r\u00e9cemment de l&rsquo;Akinci, mais aussi de Wing Loon chinois et de Mohajer-6 iraniens.<\/p>\n<p class=\"lead \">Ces drones ont \u00ab\u00a0consid\u00e9rablement accru les possibilit\u00e9s de renseignement, de surveillance et de reconnaissance de l&rsquo;arm\u00e9e \u00e9thiopienne, car ils peuvent r\u00f4der pendant pr\u00e8s de 24 heures, suivre les mouvements de l&rsquo;ennemi, identifier ses positions, fournir des informations de ciblage ou frapper directement des cibles\u00a0\u00bb, affirme \u00e0 l&rsquo;AFP Wim Zwijnenburg, sp\u00e9cialiste des drones pour l&rsquo;ONG PAX. <\/p>\n<p class=\"lead \">Si les combats se sont ensuite concentr\u00e9s principalement au Tigr\u00e9, ils se sont tout de m\u00eame poursuivis jusqu&rsquo;en 2022, et de tr\u00e8s fortes tensions subsistent dans cette r\u00e9gion septentrionale malgr\u00e9 la conclusion d&rsquo;un fragile accord de paix, tandis que d&rsquo;autres foyers d&rsquo;insurrections violentes ont essaim\u00e9 en Amhara et en Oromia.<\/p>\n<p class=\"lead \">Le Premier ministre Abiy Ahmed, laur\u00e9at du Prix Nobel de la Paix en 2019 pour ses efforts de paix avec son voisin \u00e9rythr\u00e9en, est aujourd&rsquo;hui r\u00e9guli\u00e8rement accus\u00e9 d&rsquo;exactions indiscrimin\u00e9es envers les populations.<\/p>\n<p class=\"lead \">\u00ab\u00a0Les drones ont continu\u00e9 \u00e0 cibler des civils malgr\u00e9 la pr\u00e9sence de syst\u00e8mes de capteurs sophistiqu\u00e9s, de cam\u00e9ras haute d\u00e9finition et de vision nocturne\u00a0\u00bb cens\u00e9s permettre de mieux distinguer les menaces, accuse Wim Zwijnenburg, qui d\u00e9plore \u00ab\u00a0un manque de formation des op\u00e9rateurs, ou, dans le pire des cas, une d\u00e9cision d\u00e9lib\u00e9r\u00e9e\u00a0\u00bb.<\/p>\n<p class=\"lead \">A Gedeb, la petite ville d&rsquo;Amhara vis\u00e9e durant la P\u00e2que, les habitants contact\u00e9s par l&rsquo;AFP ont assur\u00e9 qu&rsquo;il n&rsquo;y avait pas eu de combats, ni m\u00eame de miliciens Fano pr\u00e9sents dans la zone les jours pr\u00e9c\u00e9dant l&rsquo;attaque. <\/p>\n<p class=\"lead \">Mais tous redoutent d&rsquo;\u00eatre \u00e0 nouveau pris pour cible.<\/p>\n<p class=\"lead \">\u00ab\u00a0Nous sommes pr\u00eats \u00e0 fuir vers la brousse \u00e0 tout moment en cas de frappe de drone soudaine\u00a0\u00bb, dit l&rsquo;un d&rsquo;eux. \u00ab\u00a0Nous vivons dans une peur extr\u00eame\u00a0\u00bb.<\/p>\n","protected":false},"excerpt":{"rendered":"Les c\u00e9l\u00e9brations de P\u00e2ques devaient \u00eatre une rare parenth\u00e8se de r\u00e9pit \u00e0 Gedeb, dans le nord de l&rsquo;Ethiopie.&hellip;\n","protected":false},"author":2,"featured_media":272260,"comment_status":"","ping_status":"","sticky":false,"template":"","format":"standard","meta":{"footnotes":""},"categories":[5],"tags":[11,879,6376,309,312,19279,8558,1011,27,14,3019,1136,12,10491,3496,28],"class_list":{"0":"post-272259","1":"post","2":"type-post","3":"status-publish","4":"format-standard","5":"has-post-thumbnail","7":"category-international","8":"tag-actualites","9":"tag-afrique","10":"tag-armes","11":"tag-chine","12":"tag-diplomatie","13":"tag-droitshumains","14":"tag-ethiopie","15":"tag-fr","16":"tag-france","17":"tag-international","18":"tag-iran","19":"tag-mali","20":"tag-news","21":"tag-tchad","22":"tag-turquie","23":"tag-world"},"share_on_mastodon":{"url":"https:\/\/pubeurope.com\/@fr\/114912708904437568","error":""},"_links":{"self":[{"href":"https:\/\/www.europesays.com\/fr\/wp-json\/wp\/v2\/posts\/272259","targetHints":{"allow":["GET"]}}],"collection":[{"href":"https:\/\/www.europesays.com\/fr\/wp-json\/wp\/v2\/posts"}],"about":[{"href":"https:\/\/www.europesays.com\/fr\/wp-json\/wp\/v2\/types\/post"}],"author":[{"embeddable":true,"href":"https:\/\/www.europesays.com\/fr\/wp-json\/wp\/v2\/users\/2"}],"replies":[{"embeddable":true,"href":"https:\/\/www.europesays.com\/fr\/wp-json\/wp\/v2\/comments?post=272259"}],"version-history":[{"count":0,"href":"https:\/\/www.europesays.com\/fr\/wp-json\/wp\/v2\/posts\/272259\/revisions"}],"wp:featuredmedia":[{"embeddable":true,"href":"https:\/\/www.europesays.com\/fr\/wp-json\/wp\/v2\/media\/272260"}],"wp:attachment":[{"href":"https:\/\/www.europesays.com\/fr\/wp-json\/wp\/v2\/media?parent=272259"}],"wp:term":[{"taxonomy":"category","embeddable":true,"href":"https:\/\/www.europesays.com\/fr\/wp-json\/wp\/v2\/categories?post=272259"},{"taxonomy":"post_tag","embeddable":true,"href":"https:\/\/www.europesays.com\/fr\/wp-json\/wp\/v2\/tags?post=272259"}],"curies":[{"name":"wp","href":"https:\/\/api.w.org\/{rel}","templated":true}]}}