{"id":27226,"date":"2025-04-15T18:44:16","date_gmt":"2025-04-15T18:44:16","guid":{"rendered":"https:\/\/www.europesays.com\/fr\/27226\/"},"modified":"2025-04-15T18:44:16","modified_gmt":"2025-04-15T18:44:16","slug":"quatre-mineurs-interpelles-la-mairie-porte-plainte","status":"publish","type":"post","link":"https:\/\/www.europesays.com\/fr\/27226\/","title":{"rendered":"quatre mineurs interpell\u00e9s, la mairie porte plainte"},"content":{"rendered":"<p>\u00c2g\u00e9s de 15 \u00e0 17 ans, les adolescents ont notamment d\u00e9grad\u00e9 une porte, vid\u00e9 un extincteur et jet\u00e9 du mat\u00e9riel informatique au sol. Selon la mairie, il n\u2019y a pas eu de vol.<\/p>\n<p class=\"fig-paragraph\">Quatre mineurs ont \u00e9t\u00e9 plac\u00e9s en garde \u00e0 vue lundi soir, \u00e0\u00a0<a href=\"http:\/\/www.lefigaro.fr\/nantes\/un-homme-arrete-pres-de-nantes-apres-avoir-attaque-sa-femme-a-l-arme-blanche-20250414\" target=\"_blank\" data-fig-type=\"NewsFlash\" rel=\"noopener\" data-gtm-custom-categorie=\"navigation\" data-gtm-custom-action=\"crossclick\" data-gtm-custom-label=\"Contextuel\" data-gtm-event=\"customEventSPE\" data-fig-domain=\"LEFIGARO\">Nantes<\/a>, apr\u00e8s s\u2019\u00eatre introduits dans l\u2019\u00e9cole Emile Pehant, a appris Le Figaro de source polici\u00e8re. \u00c2g\u00e9s de 15 \u00e0 17 ans, ils ont \u00e9t\u00e9 interpell\u00e9s \u00e0 la sortie, vers 20h30, alors qu\u2019ils tentaient de prendre la fuite. La police avait \u00e9t\u00e9 pr\u00e9venue par un riverain de leur intrusion.<\/p>\n<p class=\"fig-paragraph\">En pleines\u00a0<a href=\"http:\/\/www.lefigaro.fr\/actualite-france\/les-ecoliers-francais-ont-ils-plus-de-vacances-scolaires-que-les-autres-eleves-europeens-20250203\" target=\"_blank\" data-fig-type=\"Article\" rel=\"noopener\" data-gtm-custom-categorie=\"navigation\" data-gtm-custom-action=\"crossclick\" data-gtm-custom-label=\"Contextuel\" data-gtm-event=\"customEventSPE\" data-fig-domain=\"LEFIGARO\">vacances scolaires<\/a>, les adolescents ont pu entrer dans cet \u00e9tablissement, situ\u00e9 dans le centre de la ville, en brisant une fen\u00eatre. Une fois dedans, \u00abils ont saccag\u00e9 l\u2019int\u00e9rieur\u00bb, confie une source proche du dossier. Porte d\u00e9grad\u00e9e, mat\u00e9riel informatique jet\u00e9 au sol, recoins fouill\u00e9s, extincteur vid\u00e9&#8230; \u00abUne plainte est d\u00e9pos\u00e9e et il n\u2019y a pas eu de vol, au-del\u00e0 des d\u00e9gradations mineures constat\u00e9es\u00bb, indique au Figaro la municipalit\u00e9 de Nantes, en charge des \u00e9coles publiques.<\/p>\n<p class=\"fig-paragraph\">Selon\u00a0<a href=\"https:\/\/www.ouest-france.fr\/societe\/faits-divers\/portes-cassees-ordis-renverses-une-ecole-primaire-vandalisee-a-nantes-quatre-mineurs-interpelles-20f2cda4-19ce-11f0-ace4-8b7d1cc7d31f\" target=\"_blank\" rel=\"noopener\" data-gtm-custom-categorie=\"navigation\" data-gtm-custom-action=\"crossclick\" data-gtm-custom-label=\"Contextuel\" data-gtm-event=\"customEventSPE\">Presse Oc\u00e9an<\/a>, les quatre interpell\u00e9s ont expliqu\u00e9 qu\u2019ils tentaient de r\u00e9cup\u00e9rer un ballon. Le quotidien r\u00e9gional pr\u00e9cise que cet \u00e9v\u00e9nement intervient au moment o\u00f9 un syst\u00e8me d\u2019alarme \u00e9tait en train d\u2019\u00eatre install\u00e9 au sein de l\u2019\u00e9cole, apr\u00e8s plusieurs intrusions et tentatives d\u2019effraction, dont une dans la nuit de dimanche \u00e0 lundi.<\/p>\n","protected":false},"excerpt":{"rendered":"\u00c2g\u00e9s de 15 \u00e0 17 ans, les adolescents ont notamment d\u00e9grad\u00e9 une porte, vid\u00e9 un extincteur et jet\u00e9&hellip;\n","protected":false},"author":2,"featured_media":27227,"comment_status":"","ping_status":"","sticky":false,"template":"","format":"standard","meta":{"footnotes":""},"categories":[2818],"tags":[1111,11,1122,1777,674,462,1011,27,2640,2642,766,2638,2643,2637,2639,2646,2645,2641,2635,2644,2647,12,2636,25],"class_list":{"0":"post-27226","1":"post","2":"type-post","3":"status-publish","4":"format-standard","5":"has-post-thumbnail","7":"category-nantes","8":"tag-actu","9":"tag-actualites","10":"tag-ecole","11":"tag-eu","12":"tag-europe","13":"tag-fc-nantes","14":"tag-fr","15":"tag-france","16":"tag-hauts-paves-saint-felix","17":"tag-ile-de-nantes","18":"tag-nantes","19":"tag-nantes-bellevue-chantenay-sainte-anne","20":"tag-nantes-breil-barberie","21":"tag-nantes-centre-ville","22":"tag-nantes-dervallieres-zola","23":"tag-nantes-doulon-bottiere","24":"tag-nantes-erdre","25":"tag-nantes-malakoff-saint-donatien","26":"tag-nantes-metropole","27":"tag-nantes-nord","28":"tag-nantes-sud","29":"tag-news","30":"tag-pays-de-la-loire","31":"tag-republique-francaise"},"share_on_mastodon":{"url":"https:\/\/pubeurope.com\/@fr\/114343461853450871","error":""},"_links":{"self":[{"href":"https:\/\/www.europesays.com\/fr\/wp-json\/wp\/v2\/posts\/27226","targetHints":{"allow":["GET"]}}],"collection":[{"href":"https:\/\/www.europesays.com\/fr\/wp-json\/wp\/v2\/posts"}],"about":[{"href":"https:\/\/www.europesays.com\/fr\/wp-json\/wp\/v2\/types\/post"}],"author":[{"embeddable":true,"href":"https:\/\/www.europesays.com\/fr\/wp-json\/wp\/v2\/users\/2"}],"replies":[{"embeddable":true,"href":"https:\/\/www.europesays.com\/fr\/wp-json\/wp\/v2\/comments?post=27226"}],"version-history":[{"count":0,"href":"https:\/\/www.europesays.com\/fr\/wp-json\/wp\/v2\/posts\/27226\/revisions"}],"wp:featuredmedia":[{"embeddable":true,"href":"https:\/\/www.europesays.com\/fr\/wp-json\/wp\/v2\/media\/27227"}],"wp:attachment":[{"href":"https:\/\/www.europesays.com\/fr\/wp-json\/wp\/v2\/media?parent=27226"}],"wp:term":[{"taxonomy":"category","embeddable":true,"href":"https:\/\/www.europesays.com\/fr\/wp-json\/wp\/v2\/categories?post=27226"},{"taxonomy":"post_tag","embeddable":true,"href":"https:\/\/www.europesays.com\/fr\/wp-json\/wp\/v2\/tags?post=27226"}],"curies":[{"name":"wp","href":"https:\/\/api.w.org\/{rel}","templated":true}]}}