{"id":272264,"date":"2025-07-25T07:34:18","date_gmt":"2025-07-25T07:34:18","guid":{"rendered":"https:\/\/www.europesays.com\/fr\/272264\/"},"modified":"2025-07-25T07:34:18","modified_gmt":"2025-07-25T07:34:18","slug":"nos-idees-sorties-du-week-end-des-1er-2-et-3-aout-2025-dans-la-loire","status":"publish","type":"post","link":"https:\/\/www.europesays.com\/fr\/272264\/","title":{"rendered":"Nos id\u00e9es sorties du week-end des 1er, 2 et 3 ao\u00fbt 2025 dans la Loire"},"content":{"rendered":"<p class=\"is-style-chapo\">Voici la s\u00e9lection de la r\u00e9daction de If Saint-Etienne pour se divertir et s\u2019amuser dans la Loire le week-end prochain, soit les 1er, 2 et 3 ao\u00fbt. Une liste d\u2019\u00e9v\u00e9nements, s\u00e9lectionn\u00e9s de mani\u00e8re ind\u00e9pendante et, bien entendu, non-exhaustive.<\/p>\n<p><img loading=\"lazy\" decoding=\"async\" width=\"1024\" height=\"576\" src=\"https:\/\/www.europesays.com\/fr\/wp-content\/uploads\/2025\/07\/DSC04910-scaled-e1676371708710-1024x576.jpg\" alt=\"Foreztival\" class=\"wp-image-37327\"  \/>\u00a9CVDG<\/p>\n<p>1 \u2013 Ici c\u2019est le Forez<\/p>\n<p>Le <a href=\"https:\/\/www.foreztival.com\/billetterie\/\" target=\"_blank\" rel=\"noreferrer noopener nofollow\">Foreztival<\/a> est le rendez-vous incontournable de l\u2019\u00e9t\u00e9. Cette ann\u00e9e, \u00e0 Trelins, vous pourrez applaudir Sofiane Pamart, Dub Inc, Ultra Vomit, MC Sollar, ou encore Beat Torrent. Bonne nouvelle pour les retardataires, il reste encore quelques places pour le <a href=\"https:\/\/www.if-saint-etienne.fr\/culture-loisirs\/foreztival-ledition-de-tous-les-records\" target=\"_blank\" rel=\"noreferrer noopener nofollow\">Foreztival<\/a>\u2026<\/p>\n<p>2 \u2013 Morning routine<\/p>\n<p>Du 30 juillet au 6 ao\u00fbt, c\u2019est aussi le <a href=\"https:\/\/www.festival-des-montagnes-du-matin.com\/\" target=\"_blank\" rel=\"noreferrer noopener nofollow\">Festival des Montagnes du matin<\/a> qui sera de retour dans le Forez Est, pour une 17\u00e8me \u00e9dition. Au total, pr\u00e8s de 30 artistes sont programm\u00e9s pour d\u00e9couvrir ou red\u00e9couvrir la musique classique. Samedi 2 ao\u00fbt, Mozart, Schubert et Mendelssohn, raisonneront dans la halle de Cottance. Dimanche, une soir\u00e9e \u201cau fil de l\u2019eau\u201d \u00e0 Salt-en-Donzy d\u00e9butera par Vivaldi jusqu\u2019\u00e0 la \u201csymphonie pastorale\u201d de Beethoven.<\/p>\n<p>3 \u2013 Sur la plage abandonn\u00e9e<\/p>\n<p><a href=\"https:\/\/www.roannais-tourisme.com\/temps-fort\/roanne-plage\/\" target=\"_blank\" rel=\"noreferrer noopener nofollow\">Roanne plage<\/a> se poursuit tout au long de l\u2019\u00e9t\u00e9 avec de nombreuses activit\u00e9s propos\u00e9es sur place pour petits et grands. Dimanche 3 ao\u00fbt, c\u2019est le c\u00e9l\u00e8bre jeu Fort Boyard qui sera de retour pour les parents et leurs enfants, de 15 heures \u00e0 17 heures. Le p\u00e8re Fouras vous attend pour son \u00e9nigme.<\/p>\n<p>4 \u2013 Elementaire\u00a0!<\/p>\n<p>Et si vous meniez l\u2019enqu\u00eate au <a href=\"https:\/\/www.chateau-boutheon.com\/\" target=\"_blank\" rel=\"noreferrer noopener nofollow\">Ch\u00e2teau de Bouth\u00e9on<\/a>\u00a0? Tentez de r\u00e9soudre le myst\u00e8re de la disparition de Berthe en 1 heure, dimanche \u00e0 partir de 16h. Vous serez plong\u00e9 \u00e0 l\u2019automne 1914, durant lequel le Ch\u00e2teau de Bouth\u00e9on accueille l\u2019h\u00f4pital militaire b\u00e9n\u00e9vole HB27bis. Puis, l\u2019infirmi\u00e8re Berthe dispara\u00eet myst\u00e9rieusement\u2026<\/p>\n<p>5 \u2013 To the stars<\/p>\n<p>Samedi 2 ao\u00fbt, ce sera la nuit des \u00e9toiles. Pour l\u2019occasion, des observations guid\u00e9es sont organis\u00e9es \u00e0 partir de 21h30 \u00e0 la station de <a href=\"https:\/\/www.chalmazel-ete.fr\/jcms\/lw_1403200\/fr\/accueil\" target=\"_blank\" rel=\"noreferrer noopener nofollow\">Chalmazel<\/a>, avec le pr\u00e9sident du Club d\u2019astronomie du Roannais. Le tout dans un cadre privil\u00e9gi\u00e9, loin des lumi\u00e8res de la ville. Exceptionnellement, le bar restaurant Les Epilobes sera ouvert pour le d\u00eener.<\/p>\n","protected":false},"excerpt":{"rendered":"Voici la s\u00e9lection de la r\u00e9daction de If Saint-Etienne pour se divertir et s\u2019amuser dans la Loire le&hellip;\n","protected":false},"author":2,"featured_media":272265,"comment_status":"","ping_status":"","sticky":false,"template":"","format":"standard","meta":{"footnotes":""},"categories":[9653],"tags":[14428,1111,11,2430,1777,674,20968,1011,27,14429,12,14430,25,4001,1669,41181],"class_list":{"0":"post-272264","1":"post","2":"type-post","3":"status-publish","4":"format-standard","5":"has-post-thumbnail","7":"category-saint-etienne","8":"tag-activites-week-end-loire","9":"tag-actu","10":"tag-actualites","11":"tag-auvergne-rhone-alpes","12":"tag-eu","13":"tag-europe","14":"tag-foreztival-2025","15":"tag-fr","16":"tag-france","17":"tag-idees-sorties-loire","18":"tag-news","19":"tag-recreatif","20":"tag-republique-francaise","21":"tag-saint-etienne","22":"tag-sorties","23":"tag-station-de-chalmazel"},"share_on_mastodon":{"url":"https:\/\/pubeurope.com\/@fr\/114912720663941843","error":""},"_links":{"self":[{"href":"https:\/\/www.europesays.com\/fr\/wp-json\/wp\/v2\/posts\/272264","targetHints":{"allow":["GET"]}}],"collection":[{"href":"https:\/\/www.europesays.com\/fr\/wp-json\/wp\/v2\/posts"}],"about":[{"href":"https:\/\/www.europesays.com\/fr\/wp-json\/wp\/v2\/types\/post"}],"author":[{"embeddable":true,"href":"https:\/\/www.europesays.com\/fr\/wp-json\/wp\/v2\/users\/2"}],"replies":[{"embeddable":true,"href":"https:\/\/www.europesays.com\/fr\/wp-json\/wp\/v2\/comments?post=272264"}],"version-history":[{"count":0,"href":"https:\/\/www.europesays.com\/fr\/wp-json\/wp\/v2\/posts\/272264\/revisions"}],"wp:featuredmedia":[{"embeddable":true,"href":"https:\/\/www.europesays.com\/fr\/wp-json\/wp\/v2\/media\/272265"}],"wp:attachment":[{"href":"https:\/\/www.europesays.com\/fr\/wp-json\/wp\/v2\/media?parent=272264"}],"wp:term":[{"taxonomy":"category","embeddable":true,"href":"https:\/\/www.europesays.com\/fr\/wp-json\/wp\/v2\/categories?post=272264"},{"taxonomy":"post_tag","embeddable":true,"href":"https:\/\/www.europesays.com\/fr\/wp-json\/wp\/v2\/tags?post=272264"}],"curies":[{"name":"wp","href":"https:\/\/api.w.org\/{rel}","templated":true}]}}