{"id":272270,"date":"2025-07-25T07:37:42","date_gmt":"2025-07-25T07:37:42","guid":{"rendered":"https:\/\/www.europesays.com\/fr\/272270\/"},"modified":"2025-07-25T07:37:42","modified_gmt":"2025-07-25T07:37:42","slug":"12-personnes-mises-en-examen","status":"publish","type":"post","link":"https:\/\/www.europesays.com\/fr\/272270\/","title":{"rendered":"12 personnes mises en examen"},"content":{"rendered":"<p>Douze personnes ont \u00e9t\u00e9 mises en examen dans le cadre d&rsquo;une enqu\u00eate sur une s\u00e9rie <a href=\"https:\/\/www.ledauphine.com\/faits-divers-justice\/2025\/04\/22\/prisons-attaquees-le-gouvernement-au-chevet-des-surveillants\" target=\"_blank\" rel=\"nofollow noopener\">d&rsquo;actions violentes visant des agents p\u00e9nitentiaires,<\/a> a indiqu\u00e9 jeudi la Juridiction interr\u00e9gionale sp\u00e9cialis\u00e9e de Nancy.<\/p>\n<p>A partir du mois d&rsquo;avril, <a href=\"https:\/\/www.ledauphine.com\/faits-divers-justice\/2025\/04\/15\/tags-incendies-de-vehicules-tirs-au-moins-sept-prisons-visees-de-facon-coordonnee\" target=\"_blank\" rel=\"nofollow noopener\">plusieurs incendies ou tentatives d&rsquo;agressions graves<\/a> sont survenus dans le secteur de Nancy aux domiciles ou aux abords des domiciles d&rsquo;agents p\u00e9nitentiaires, a indiqu\u00e9 la JIRS dans un communiqu\u00e9, ajoutant que \u00ab ces actions violentes visaient \u00e0 exercer des pressions sur le personnel de la maison d&rsquo;arr\u00eat de Nancy-Max\u00e9ville \u00bb.<\/p>\n<p>Une \u00ab bande structur\u00e9e\u00a0\u00bb originaire de r\u00e9gion parisienne, du Nord et de la Moselle<\/p>\n<p>Les investigations ont mis en \u00e9vidence \u00ab les agissements d&rsquo;une bande structur\u00e9e \u00bb et \u00ab plusieurs suspects, \u00e2g\u00e9s de 18 \u00e0 26 ans, originaires de la r\u00e9gion parisienne ou des d\u00e9partements du Nord et de la Moselle \u00e9taient mis en cause pour s&rsquo;\u00eatre rendus dans le secteur de Nancy pour commettre des incendies ou des agressions physiques au pr\u00e9judice d&rsquo;agents p\u00e9nitentiaires \u00bb.<\/p>\n<p>\u00ab Une fois sur place, selon les instructions re\u00e7ues des commanditaires, les ex\u00e9cutants se mettaient en attente en vue d&rsquo;agresser les agents vis\u00e9s ou commettaient des destructions ou des d\u00e9gradations par incendie sur les habitations \u00bb, a poursuivi la JIRS. Plusieurs suspects, dont certains \u00e9taient d\u00e9j\u00e0 incarc\u00e9r\u00e9s, ont \u00e9t\u00e9 mis en cause pour avoir donn\u00e9 des instructions en vue de la commission de ces faits.<\/p>\n<p>Depuis le mois de mai, plusieurs op\u00e9rations successives de police judiciaire conduites par la Section de recherches de Nancy et la Division de la criminalit\u00e9 organis\u00e9e et sp\u00e9cialis\u00e9e de Nancy (DCOS) avec l&rsquo;appui du GIGN sous la direction de magistrats instructeurs de la JIRS de Nancy ont conduit \u00e0 l&rsquo;interpellation d&rsquo;une douzaine de personnes.<\/p>\n<p>Neuf d\u00e9tention provisoire<\/p>\n<p>Au total, douze personnes ont \u00e9t\u00e9 mises en examen dont neuf ont \u00e9t\u00e9 plac\u00e9es en d\u00e9tention provisoire et trois sous contr\u00f4le judiciaire, a pr\u00e9cis\u00e9 la JIRS.<\/p>\n<p>Depuis le 13 avril, de nombreuses attaques contre des \u00e9tablissements p\u00e9nitentiaires, ou les domiciles d&rsquo;agents p\u00e9nitentiaires, ont \u00e9t\u00e9 commises un peu partout en France. Le parquet national antiterroriste (Pnat) avait indiqu\u00e9 que 22 interpellations avaient eu lieu le 28 avril partout en France.<\/p>\n<p>Un groupe revendiquant la \u00ab d\u00e9fense des droits des prisonniers fran\u00e7ais \u00bb, ou DDPF, sigle retrouv\u00e9 aux abords des prisons prises pour cibles, a vis\u00e9 les \u00e9tablissements ou agents p\u00e9nitentiaires, publiant vid\u00e9o et menaces sur la messagerie crypt\u00e9e Telegram.<\/p>\n<p>Si le mode op\u00e9ratoire de certains faits porte les marques de la criminalit\u00e9 organis\u00e9e, d&rsquo;autres actions faisaient davantage penser \u00e0 l&rsquo;ultragauche, avait relev\u00e9 une source polici\u00e8re, pour qui certains militants ont pu se greffer sur la campagne initiale.<\/p>\n","protected":false},"excerpt":{"rendered":"Douze personnes ont \u00e9t\u00e9 mises en examen dans le cadre d&rsquo;une enqu\u00eate sur une s\u00e9rie d&rsquo;actions violentes visant&hellip;\n","protected":false},"author":2,"featured_media":272271,"comment_status":"","ping_status":"","sticky":false,"template":"","format":"standard","meta":{"footnotes":""},"categories":[9635],"tags":[1111,11,1777,674,274,107,1011,27,329,775,1702,12,25,104],"class_list":{"0":"post-272270","1":"post","2":"type-post","3":"status-publish","4":"format-standard","5":"has-post-thumbnail","7":"category-nancy","8":"tag-actu","9":"tag-actualites","10":"tag-eu","11":"tag-europe","12":"tag-faits-divers-justice","13":"tag-fil-info","14":"tag-fr","15":"tag-france","16":"tag-france-monde","17":"tag-grand-est","18":"tag-nancy","19":"tag-news","20":"tag-republique-francaise","21":"tag-societe"},"share_on_mastodon":{"url":"https:\/\/pubeurope.com\/@fr\/114912732462887130","error":""},"_links":{"self":[{"href":"https:\/\/www.europesays.com\/fr\/wp-json\/wp\/v2\/posts\/272270","targetHints":{"allow":["GET"]}}],"collection":[{"href":"https:\/\/www.europesays.com\/fr\/wp-json\/wp\/v2\/posts"}],"about":[{"href":"https:\/\/www.europesays.com\/fr\/wp-json\/wp\/v2\/types\/post"}],"author":[{"embeddable":true,"href":"https:\/\/www.europesays.com\/fr\/wp-json\/wp\/v2\/users\/2"}],"replies":[{"embeddable":true,"href":"https:\/\/www.europesays.com\/fr\/wp-json\/wp\/v2\/comments?post=272270"}],"version-history":[{"count":0,"href":"https:\/\/www.europesays.com\/fr\/wp-json\/wp\/v2\/posts\/272270\/revisions"}],"wp:featuredmedia":[{"embeddable":true,"href":"https:\/\/www.europesays.com\/fr\/wp-json\/wp\/v2\/media\/272271"}],"wp:attachment":[{"href":"https:\/\/www.europesays.com\/fr\/wp-json\/wp\/v2\/media?parent=272270"}],"wp:term":[{"taxonomy":"category","embeddable":true,"href":"https:\/\/www.europesays.com\/fr\/wp-json\/wp\/v2\/categories?post=272270"},{"taxonomy":"post_tag","embeddable":true,"href":"https:\/\/www.europesays.com\/fr\/wp-json\/wp\/v2\/tags?post=272270"}],"curies":[{"name":"wp","href":"https:\/\/api.w.org\/{rel}","templated":true}]}}