{"id":272282,"date":"2025-07-25T07:47:10","date_gmt":"2025-07-25T07:47:10","guid":{"rendered":"https:\/\/www.europesays.com\/fr\/272282\/"},"modified":"2025-07-25T07:47:10","modified_gmt":"2025-07-25T07:47:10","slug":"des-logements-dans-un-ancien-site-agricole-et-industriel-de-cette-commune","status":"publish","type":"post","link":"https:\/\/www.europesays.com\/fr\/272282\/","title":{"rendered":"des logements dans un ancien site agricole et industriel de cette commune"},"content":{"rendered":"<p>            Par<br \/>\n        <strong><br \/>\n            <a href=\"https:\/\/actu.fr\/auteur\/redaction-jv\" title=\"Consulter tous les articles de R\u00e9daction Vitr\u00e9\" target=\"_blank\" rel=\"noopener\">R\u00e9daction Vitr\u00e9<\/a><br \/>\n        <\/strong><\/p>\n<p>        Publi\u00e9 le<\/p>\n<p>            25 juil. 2025 \u00e0 9h23        <\/p>\n<p>Situ\u00e9s \u00e0 proximit\u00e9 de la Gare SNCF et des lignes de bus de Rennes M\u00e9tropole, \u00e0 Corps-Nuds (Ille-et-Vilaine), <b>deux \u00eelots <\/b>consolident le projet de renouvellement urbain d\u00e9j\u00e0 entam\u00e9 dans la zone. N\u00e9otoa, en charge de la construction, est un acteur breton de l\u2019habitat social.<\/p>\n<p>Deux \u00eelots distincts<\/p>\n<p class=\" wall-content\">Le premier b\u00e2timent, le KO, incarne cette ambition. Il s\u2019agit de la <b>r\u00e9habilitation <\/b>d\u2019un ancien b\u00e2timent agricole, auparavant une cidrerie puis une usine \u00e0 grains, en quatre logements T4<b> avec jardin <\/b>au c\u0153ur d\u2019une structure pr\u00e9serv\u00e9e en pierres.<\/p>\n<p class=\" wall-content\">En face, l\u2019\u00eelot K1 comprend, au c\u0153ur de la ZAC des Grands Sillons, am\u00e9nag\u00e9e par Territoires &amp; D\u00e9veloppement, des T2 et T4 \u00e9rig\u00e9s sur un ancien site industriel, qui illustre \u00ab\u2009une collaboration concr\u00e8te entre les ambitions de la commune et l\u2019expertise de N\u00e9otoa\u2009\u00bb, explique Justine Collerais, cheffe de projet.<\/p>\n<p>Objectifs de mixit\u00e9 sociale<\/p>\n<p class=\" wall-content\">Ce chantier, soutenu par la Ville de Corps-Nuds et pens\u00e9 avec consid\u00e9ration <b>pour les habitants et le patrimoine<\/b>, t\u00e9moigne de la capacit\u00e9 de N\u00e9otoa \u00e0 faire \u00e9merger des projets durables, m\u00eame complexes.<\/p>\n<p>Vid\u00e9os : en ce moment sur Actu<\/p>\n<p class=\" wall-content\">\u00ab\u2009Gr\u00e2ce \u00e0 un dialogue constant avec les \u00e9lus, cette op\u00e9ration respectera les <b>objectifs de mixit\u00e9 sociale <\/b>via des logements PLAI, PLUs et PLS*\u2009\u00bb, ajoute la responsable N\u00e9otoa.<\/p>\n<p class=\" wall-content\">\u00ab\u2009En ligne avec son nouveau cadre strat\u00e9gique, N\u00e9otoa place ici la p\u00e9rennit\u00e9, l\u2019audace et la solidarit\u00e9 au c\u0153ur de son action\u2009\u00bb, pr\u00e9cise la cheffe de projet.<\/p>\n<p class=\" wall-content\">La livraison du projet global est pr\u00e9vue <b>au quatri\u00e8me trimestre 2026.<\/b> Le financement des travaux est assur\u00e9 par Rennes M\u00e9tropole, la Caisse des d\u00e9p\u00f4ts, l\u2019\u00c9tat et N\u00e9otoa.<\/p>\n<p>*PLAI\u2009: pr\u00eat locatif aid\u00e9 d\u2019int\u00e9gration, attribu\u00e9s aux locataires en situation de grande pr\u00e9carit\u00e9.PLUS\u2009: pr\u00eat locatif \u00e0 usage social.PLS\u2009: pr\u00eat locatif social, attribu\u00e9s aux candidats locataires ne pouvant pr\u00e9tendre aux locations HLM, mais ne disposant pas de revenus suffisants pour se loger dans le priv\u00e9.<\/p>\n<p class=\" wall-content\">Suivez toute l\u2019actualit\u00e9 de vos villes et m\u00e9dias favoris en vous inscrivant \u00e0 <a href=\"https:\/\/moncompte.actu.fr\" title=\"D\u00e9couvez Mon Actu\" rel=\"nofollow noopener\" data-trk=\"{&quot;cta&quot;:{&quot;action&quot;:&quot;https:\\\/\\\/moncompte.actu.fr&quot;,&quot;category&quot;:&quot;mon compte&quot;,&quot;from&quot;:&quot;article footer&quot;,&quot;name&quot;:&quot;Mon actu&quot;,&quot;type&quot;:&quot;cta&quot;}}\" target=\"_blank\">Mon Actu<\/a>.<\/p>\n","protected":false},"excerpt":{"rendered":"Par R\u00e9daction Vitr\u00e9 Publi\u00e9 le 25 juil. 2025 \u00e0 9h23 Situ\u00e9s \u00e0 proximit\u00e9 de la Gare SNCF et&hellip;\n","protected":false},"author":2,"featured_media":272283,"comment_status":"","ping_status":"","sticky":false,"template":"","format":"standard","meta":{"footnotes":""},"categories":[2821],"tags":[1111,11,829,33,1777,674,1011,27,12,584,5765,25],"class_list":{"0":"post-272282","1":"post","2":"type-post","3":"status-publish","4":"format-standard","5":"has-post-thumbnail","7":"category-rennes","8":"tag-actu","9":"tag-actualites","10":"tag-bretagne","11":"tag-economie","12":"tag-eu","13":"tag-europe","14":"tag-fr","15":"tag-france","16":"tag-news","17":"tag-rennes","18":"tag-renovation-urbaine","19":"tag-republique-francaise"},"share_on_mastodon":{"url":"https:\/\/pubeurope.com\/@fr\/114912771737705588","error":""},"_links":{"self":[{"href":"https:\/\/www.europesays.com\/fr\/wp-json\/wp\/v2\/posts\/272282","targetHints":{"allow":["GET"]}}],"collection":[{"href":"https:\/\/www.europesays.com\/fr\/wp-json\/wp\/v2\/posts"}],"about":[{"href":"https:\/\/www.europesays.com\/fr\/wp-json\/wp\/v2\/types\/post"}],"author":[{"embeddable":true,"href":"https:\/\/www.europesays.com\/fr\/wp-json\/wp\/v2\/users\/2"}],"replies":[{"embeddable":true,"href":"https:\/\/www.europesays.com\/fr\/wp-json\/wp\/v2\/comments?post=272282"}],"version-history":[{"count":0,"href":"https:\/\/www.europesays.com\/fr\/wp-json\/wp\/v2\/posts\/272282\/revisions"}],"wp:featuredmedia":[{"embeddable":true,"href":"https:\/\/www.europesays.com\/fr\/wp-json\/wp\/v2\/media\/272283"}],"wp:attachment":[{"href":"https:\/\/www.europesays.com\/fr\/wp-json\/wp\/v2\/media?parent=272282"}],"wp:term":[{"taxonomy":"category","embeddable":true,"href":"https:\/\/www.europesays.com\/fr\/wp-json\/wp\/v2\/categories?post=272282"},{"taxonomy":"post_tag","embeddable":true,"href":"https:\/\/www.europesays.com\/fr\/wp-json\/wp\/v2\/tags?post=272282"}],"curies":[{"name":"wp","href":"https:\/\/api.w.org\/{rel}","templated":true}]}}