{"id":272284,"date":"2025-07-25T07:48:12","date_gmt":"2025-07-25T07:48:12","guid":{"rendered":"https:\/\/www.europesays.com\/fr\/272284\/"},"modified":"2025-07-25T07:48:12","modified_gmt":"2025-07-25T07:48:12","slug":"un-appartement-prend-feu-limmeuble-evacue-et-une-personne-transportee-au-chu","status":"publish","type":"post","link":"https:\/\/www.europesays.com\/fr\/272284\/","title":{"rendered":"un appartement prend feu, l&rsquo;immeuble \u00e9vacu\u00e9 et une personne transport\u00e9e au CHU"},"content":{"rendered":"<p>            Par<br \/>\n        <strong><br \/>\n            <a href=\"https:\/\/actu.fr\/auteur\/clemence-pays02-actu-fr\" title=\"Consulter tous les articles de Cl\u00e9mence Pays\" rel=\"nofollow noopener\" target=\"_blank\">Cl\u00e9mence Pays<\/a><br \/>\n        <\/strong><\/p>\n<p>        Publi\u00e9 le<\/p>\n<p>            25 juil. 2025 \u00e0 9h46        <\/p>\n<p>C\u2019est \u00e0 2h52, dans la nuit du jeudi\u00a024 au vendredi 25\u00a0juillet 2025, qu\u2019une trentaine de sapeurs-pompiers ont \u00e9t\u00e9 mobilis\u00e9s dans la commune du <a href=\"https:\/\/actu.fr\/bretagne\/le-rheu_35240\" rel=\"nofollow noopener\" target=\"_blank\">Rheu<\/a>, non loin de Rennes, o\u00f9 <strong>un feu s\u2019est d\u00e9clar\u00e9 dans un appartement<\/strong> situ\u00e9 dans un immeuble de deux \u00e9tages.<\/p>\n<p class=\" wall-content\">Selon la compagnie de gendarmerie de Rennes, mobilis\u00e9e sur place, l\u2019incendie serait d\u2019<strong>origine \u00ab\u2009accidentelle\u2009\u00bb.<\/strong><\/p>\n<p>    <a href=\"https:\/\/www.google.com\/maps\/embed?pb=!1m18!1m12!1m3!1d1884.231785680764!2d-1.8030125124639529!3d48.09661230464009!2m3!1f0!2f0!3f0!3m2!1i1024!2i768!4f13.1!3m3!1m2!1s0x480ee2378550f465%3A0x5c720556f421894a!2sRue%20des%20Perri%C3%A8res%2C%2035650%20Le%20Rheu!5e0!3m2!1sfr!2sfr!4v1753428504063!5m2!1sfr!2sfr\" title=\"Ouvrie le lien\" rel=\"nofollow noopener\" target=\"_blank\">Cliquez ici pour visualiser le contenu<\/a><\/p>\n<p>Un bless\u00e9 l\u00e9ger<\/p>\n<p class=\" wall-content\"><strong>\u00ab\u2009Six logements ont \u00e9t\u00e9 \u00e9vacu\u00e9s\u2009\u00bb,<\/strong> pr\u00e9cise la gendarmerie. \u00ab\u2009Trois personnes ont \u00e9t\u00e9 relog\u00e9es et <strong>une personne<\/strong> a \u00e9t\u00e9 transport\u00e9e<strong> en urgence relative<\/strong> \u00e0 <a href=\"https:\/\/actu.fr\/tag\/chu-de-rennes\" rel=\"nofollow noopener\" target=\"_blank\">Pontchaillou<\/a>\u2009\u00bb, compl\u00e8te le Centre op\u00e9rationnel d\u00e9partemental d\u2019incendie et de secours (Codis).<\/p>\n<p class=\" wall-content\">Suivez toute l\u2019actualit\u00e9 de vos villes et m\u00e9dias favoris en vous inscrivant \u00e0 <a href=\"https:\/\/moncompte.actu.fr\" title=\"D\u00e9couvez Mon Actu\" rel=\"nofollow noopener\" data-trk=\"{&quot;cta&quot;:{&quot;action&quot;:&quot;https:\\\/\\\/moncompte.actu.fr&quot;,&quot;category&quot;:&quot;mon compte&quot;,&quot;from&quot;:&quot;article footer&quot;,&quot;name&quot;:&quot;Mon actu&quot;,&quot;type&quot;:&quot;cta&quot;}}\" target=\"_blank\">Mon Actu<\/a>.<\/p>\n","protected":false},"excerpt":{"rendered":"Par Cl\u00e9mence Pays Publi\u00e9 le 25 juil. 2025 \u00e0 9h46 C\u2019est \u00e0 2h52, dans la nuit du jeudi\u00a024&hellip;\n","protected":false},"author":2,"featured_media":272285,"comment_status":"","ping_status":"","sticky":false,"template":"","format":"standard","meta":{"footnotes":""},"categories":[2821],"tags":[1111,11,829,1777,674,118,1011,27,1310,12,1311,584,25],"class_list":{"0":"post-272284","1":"post","2":"type-post","3":"status-publish","4":"format-standard","5":"has-post-thumbnail","7":"category-rennes","8":"tag-actu","9":"tag-actualites","10":"tag-bretagne","11":"tag-eu","12":"tag-europe","13":"tag-faits-divers","14":"tag-fr","15":"tag-france","16":"tag-incendie","17":"tag-news","18":"tag-pompiers","19":"tag-rennes","20":"tag-republique-francaise"},"share_on_mastodon":{"url":"https:\/\/pubeurope.com\/@fr\/114912775559927499","error":""},"_links":{"self":[{"href":"https:\/\/www.europesays.com\/fr\/wp-json\/wp\/v2\/posts\/272284","targetHints":{"allow":["GET"]}}],"collection":[{"href":"https:\/\/www.europesays.com\/fr\/wp-json\/wp\/v2\/posts"}],"about":[{"href":"https:\/\/www.europesays.com\/fr\/wp-json\/wp\/v2\/types\/post"}],"author":[{"embeddable":true,"href":"https:\/\/www.europesays.com\/fr\/wp-json\/wp\/v2\/users\/2"}],"replies":[{"embeddable":true,"href":"https:\/\/www.europesays.com\/fr\/wp-json\/wp\/v2\/comments?post=272284"}],"version-history":[{"count":0,"href":"https:\/\/www.europesays.com\/fr\/wp-json\/wp\/v2\/posts\/272284\/revisions"}],"wp:featuredmedia":[{"embeddable":true,"href":"https:\/\/www.europesays.com\/fr\/wp-json\/wp\/v2\/media\/272285"}],"wp:attachment":[{"href":"https:\/\/www.europesays.com\/fr\/wp-json\/wp\/v2\/media?parent=272284"}],"wp:term":[{"taxonomy":"category","embeddable":true,"href":"https:\/\/www.europesays.com\/fr\/wp-json\/wp\/v2\/categories?post=272284"},{"taxonomy":"post_tag","embeddable":true,"href":"https:\/\/www.europesays.com\/fr\/wp-json\/wp\/v2\/tags?post=272284"}],"curies":[{"name":"wp","href":"https:\/\/api.w.org\/{rel}","templated":true}]}}