{"id":272288,"date":"2025-07-25T07:51:09","date_gmt":"2025-07-25T07:51:09","guid":{"rendered":"https:\/\/www.europesays.com\/fr\/272288\/"},"modified":"2025-07-25T07:51:09","modified_gmt":"2025-07-25T07:51:09","slug":"alerte-aux-orages-a-nice-et-dans-les-alpes-maritimes-les-secteurs-concernes-2","status":"publish","type":"post","link":"https:\/\/www.europesays.com\/fr\/272288\/","title":{"rendered":"Alerte aux orages \u00e0 Nice et dans les Alpes-Maritimes : les secteurs concern\u00e9s"},"content":{"rendered":"<p>            Par<br \/>\n        <strong><br \/>\n            <a href=\"https:\/\/actu.fr\/auteur\/ugo-maillard\" title=\"Consulter tous les articles de Ugo Maillard\" rel=\"nofollow noopener\" target=\"_blank\">Ugo Maillard<\/a><br \/>\n        <\/strong><\/p>\n<p>        Publi\u00e9 le<\/p>\n<p>            25 juil. 2025 \u00e0 9h23        <\/p>\n<p>Un d\u00e9but de week-end orageux. <a href=\"https:\/\/actu.fr\/tag\/meteo-france\" rel=\"nofollow noopener\" target=\"_blank\">M\u00e9t\u00e9o France<\/a> a plac\u00e9 <a href=\"https:\/\/actu.fr\/nice\/\" rel=\"nofollow noopener\" target=\"_blank\">Nice<\/a> et les <a href=\"https:\/\/actu.fr\/provence-alpes-cote-d-azur\/alpes-maritimes_06\" rel=\"nofollow noopener\" target=\"_blank\">Alpes-Maritimes<\/a> en <strong>vigilance jaune aux orages<\/strong>, le vendredi 25\u00a0juillet 2025.<\/p>\n<p class=\" wall-content\">La vigilance \u00e9mise par le service officiel de la m\u00e9t\u00e9orologie et de la climatologie en France est <strong>active \u00e0 partir de 13h<\/strong> et devrait \u00eatre lev\u00e9e dans la nuit de vendredi \u00e0 samedi.<\/p>\n<p class=\" wall-content\">Voici les pr\u00e9visions pour les prochaines heures.<\/p>\n<p>Le nord concern\u00e9<\/p>\n<p class=\" wall-content\">Selon les donn\u00e9es m\u00e9t\u00e9orologiques, le <strong>ciel devrait \u00eatre couvert<\/strong> sur l\u2019ensemble du d\u00e9partement durant la journ\u00e9e de vendredi.\u00a0Au nord du territoire, des averses sont attendues d\u00e8s la matin\u00e9e, comme \u00e0 Villars-sur-Var.<\/p>\n<p>    <a href=\"https:\/\/www.google.com\/maps\/embed?pb=!1m18!1m12!1m3!1d45954.23833999872!2d7.034790053552792!3d43.95647123641814!2m3!1f0!2f0!3f0!3m2!1i1024!2i768!4f13.1!3m3!1m2!1s0x12cc4ca14f2572b5%3A0x40819a5fd979610!2s06710%20Villars-sur-Var!5e0!3m2!1sfr!2sfr!4v1753426874338!5m2!1sfr!2sfr\" title=\"Ouvrie le lien\" rel=\"nofollow noopener\" target=\"_blank\">Cliquez ici pour visualiser le contenu<\/a><\/p>\n<p class=\" wall-content\">En d\u00e9but d\u2019apr\u00e8s-midi, la foudre devrait faire son apparition dans le ciel maralpin. De Saint-Auban \u00e0 Saint-Etienne-de-Tin\u00e9e en passant par Guillaume, des <a href=\"https:\/\/actu.fr\/tag\/orages\" rel=\"nofollow noopener\" target=\"_blank\">orages<\/a>, localement violent, vont frapper le nord du d\u00e9partement.<\/p>\n<p>Une maximale de 26\u00b0C<\/p>\n<p>Cette journ\u00e9e de vendredi sera marqu\u00e9e par des temp\u00e9ratures relativement faibles pour la saison puisque la maximale du jour est attendue \u00e0 Cannes avec 26\u00b0C.<\/p>\n<p class=\" wall-content\">Des orages qui devraient continuer de s\u2019abattre sur ces communes en soir\u00e9e.<\/p>\n<p class=\" wall-content\">Suivez toute l\u2019actualit\u00e9 de vos villes et m\u00e9dias favoris en vous inscrivant \u00e0 <a href=\"https:\/\/moncompte.actu.fr\" title=\"D\u00e9couvez Mon Actu\" rel=\"nofollow noopener\" data-trk=\"{&quot;cta&quot;:{&quot;action&quot;:&quot;https:\\\/\\\/moncompte.actu.fr&quot;,&quot;category&quot;:&quot;mon compte&quot;,&quot;from&quot;:&quot;article footer&quot;,&quot;name&quot;:&quot;Mon actu&quot;,&quot;type&quot;:&quot;cta&quot;}}\" target=\"_blank\">Mon Actu<\/a>.<\/p>\n","protected":false},"excerpt":{"rendered":"Par Ugo Maillard Publi\u00e9 le 25 juil. 2025 \u00e0 9h23 Un d\u00e9but de week-end orageux. M\u00e9t\u00e9o France a&hellip;\n","protected":false},"author":2,"featured_media":81429,"comment_status":"","ping_status":"","sticky":false,"template":"","format":"standard","meta":{"footnotes":""},"categories":[2819],"tags":[1111,11,1777,674,1011,27,2487,2357,12,2401,4594,882,25],"class_list":{"0":"post-272288","1":"post","2":"type-post","3":"status-publish","4":"format-standard","5":"has-post-thumbnail","7":"category-nice","8":"tag-actu","9":"tag-actualites","10":"tag-eu","11":"tag-europe","12":"tag-fr","13":"tag-france","14":"tag-meteo","15":"tag-meteo-france","16":"tag-news","17":"tag-nice","18":"tag-orages","19":"tag-provence-alpes-cote-dazur","20":"tag-republique-francaise"},"share_on_mastodon":{"url":"https:\/\/pubeurope.com\/@fr\/114912787478782040","error":""},"_links":{"self":[{"href":"https:\/\/www.europesays.com\/fr\/wp-json\/wp\/v2\/posts\/272288","targetHints":{"allow":["GET"]}}],"collection":[{"href":"https:\/\/www.europesays.com\/fr\/wp-json\/wp\/v2\/posts"}],"about":[{"href":"https:\/\/www.europesays.com\/fr\/wp-json\/wp\/v2\/types\/post"}],"author":[{"embeddable":true,"href":"https:\/\/www.europesays.com\/fr\/wp-json\/wp\/v2\/users\/2"}],"replies":[{"embeddable":true,"href":"https:\/\/www.europesays.com\/fr\/wp-json\/wp\/v2\/comments?post=272288"}],"version-history":[{"count":0,"href":"https:\/\/www.europesays.com\/fr\/wp-json\/wp\/v2\/posts\/272288\/revisions"}],"wp:featuredmedia":[{"embeddable":true,"href":"https:\/\/www.europesays.com\/fr\/wp-json\/wp\/v2\/media\/81429"}],"wp:attachment":[{"href":"https:\/\/www.europesays.com\/fr\/wp-json\/wp\/v2\/media?parent=272288"}],"wp:term":[{"taxonomy":"category","embeddable":true,"href":"https:\/\/www.europesays.com\/fr\/wp-json\/wp\/v2\/categories?post=272288"},{"taxonomy":"post_tag","embeddable":true,"href":"https:\/\/www.europesays.com\/fr\/wp-json\/wp\/v2\/tags?post=272288"}],"curies":[{"name":"wp","href":"https:\/\/api.w.org\/{rel}","templated":true}]}}