{"id":272310,"date":"2025-07-25T08:03:12","date_gmt":"2025-07-25T08:03:12","guid":{"rendered":"https:\/\/www.europesays.com\/fr\/272310\/"},"modified":"2025-07-25T08:03:12","modified_gmt":"2025-07-25T08:03:12","slug":"toute-lactualite-de-ce-vendredi-25-juillet-2025-a-lyon","status":"publish","type":"post","link":"https:\/\/www.europesays.com\/fr\/272310\/","title":{"rendered":"Toute l&rsquo;actualit\u00e9 de ce vendredi 25 juillet 2025 \u00e0 Lyon"},"content":{"rendered":"<p>A la une de l\u2019info \u00e0 Lyon : Il y a 30 ans\u2026 Khaled Kelkal semait la terreur, l\u2019armement de la police municipale de Lyon, de nouveaux v\u00e9los \u00e9lectriques en libre-service ?, un permis de construire contest\u00e9 \u00e0 Saint-Genis-Laval, \u00ab\u00a0Ni Brel, ni Barbara\u00a0\u00bb au festival Off d\u2019Avignon\u2026<\/p>\n<p>ECOUTEZ LE 1\/4H LYONNAIS\u2026 Toute l\u2019actualit\u00e9 de ce vendredi 25 juillet 2025<\/p>\n<p>LE 1\/4H LYONNAIS | vendredi 25 juillet 2025<\/p>\n<p>Un grave accident hier en fin d\u2019apres-midi sur l\u2019A7 au sud de Lyon, impliquant un camion grue et 4 voitures. Blian : plusieurs victimes dont une fillette de sept ans d\u00e9c\u00e9d\u00e9e<\/p>\n<p>Il y a 30 ans : le 25 juillet 1995\u2026Une bombe explosait dans le <strong>RER B<\/strong>, \u00e0 la station Saint-Michel, \u00e0 Paris, tuant huit personnes. Le <strong>GIA (Groupe islamique arm\u00e9)<\/strong> avait ses bases \u00e0 Lyon. Un gone de Vaulx-en-Velin, <strong><a href=\"https:\/\/fr.wikipedia.org\/wiki\/Khaled_Kelkal\" target=\"_blank\" rel=\"noreferrer noopener nofollow\">Khaled Kelkal<\/a><\/strong>, \u00e9tait abattu un peu plus tard \u00e0 <strong>Vaugneray<\/strong>.<\/p>\n<p><strong>Gr\u00e9gory Doucet<\/strong> a visit\u00e9 le commissariat du 8e\u00a0arrondissement, situ\u00e9 rue Maryse-Basti\u00e9. Pas question de d\u00e9sarmer la <strong>police municipale<\/strong>\u2026<\/p>\n<p>Face \u00e0 l\u2019enclavement de leur territoire, les maires de 4 communes de l\u2019agglom\u00e9ration lyonnaise s\u2019unissent pour proposer une<strong> alternative aux transports satur\u00e9s<\/strong> : des <strong>v\u00e9los \u00e9lectriques en libre-service<\/strong>. Un reportage de <strong>Th\u00e9ophile Eliot<\/strong>\u2026<\/p>\n<p>Nos invit\u00e9s :\u00a0<strong>Julien Vuillemard<\/strong>, maire de <strong>Vernaison<\/strong>, <strong>Maryl\u00e8ne Millet<\/strong>, maire de S<strong>aint-Genis-Laval<\/strong>, <strong>Olivier Araujo<\/strong>, maire de <strong>Charly<\/strong>, <strong>Julien Ravello<\/strong>, responsable transition \u00e9cologique \u00e0 la ville de <strong>Saint-Genis-Laval<\/strong><\/p>\n<p>Egalement dans l\u2019actualit\u00e9 de ce vendredi 25 juillet 2025 \u00e0 Lyon<\/p>\n<p><strong>Saint-Genis-Laval <\/strong>: un recours contentieux aupr\u00e8s du tribunal administratif de Lyon pour obtenir l\u2019annulation du <strong>permis de construire<\/strong> d\u00e9livr\u00e9 pour la construction de 20 logements sociaux<\/p>\n<p>Renouvellement du contrat de naming du stade de l\u2019OL : OL Land continuera de s\u2019appeler Groupama Stadium<\/p>\n<p>OL : Lucas Perri, le portier br\u00e9silien, en partance pour Leeds qui vient de remonter en Premier League.\u00a0<\/p>\n<p>Un dernier petit tour en <strong>Avignon<\/strong> : Jean-Marc Roffat nous fait d\u00e9couvrir quelques p\u00e9pites du <strong>festival Off d\u2019Avignon<\/strong>. Et notamment \u00ab\u00a0<strong>Ni Brel, ni Barbara<\/strong>\u00ab\u00a0<\/p>\n<p>Nos invit\u00e9s : <strong>Laurent Brunetti <\/strong>et <strong>Mario Pacchioli<\/strong><\/p>\n<p>Ecoutez aussi : <a href=\"https:\/\/www.lyondemain.fr\/drop-velos-cargo-lyon\/\" target=\"_blank\" rel=\"noreferrer noopener nofollow\">Drop : agile et propre comme un v\u00e9lo, avec le confort d\u2019une voiture<\/a><\/p>\n<p>Dans cette \u00e9dition, focus sur un projet de nouveau service de v\u00e9los \u00e9lectriques en libre-service au sud de Lyon\u2026<\/p>\n<p>Un manque de <strong>solutions de d\u00e9placement<\/strong>, voil\u00e0 ce que d\u00e9noncent conjointement les maires des communes de <strong>Saint-Genis-Laval, Charly, Irigny et Vernaison<\/strong>. En r\u00e9ponse \u00e0 cette probl\u00e9matique, ils ont lanc\u00e9 sur leurs communes un projet de <strong>VAE<\/strong>. Des <strong>v\u00e9los \u00e9lectriques en libre-service<\/strong> qui constitueraient une solution alternative pour se transporter vers le centre de Lyon\u2026<\/p>\n<p>\u2026 et sur le spectacle \u00ab\u00a0<strong>Ni Brel, ni Barbara<\/strong>\u00a0\u00bb au festival Off d\u2019Avignon<\/p>\n<p>Ecoutez aussi : <a href=\"https:\/\/www.lyondemain.fr\/actualite-de-ce-jeudi-24-juillet-lyon-info-eurogames-2025\/\" target=\"_blank\" rel=\"noreferrer noopener nofollow\">Toute l\u2019actualit\u00e9 de ce jeudi 24 juillet 2025 \u00e0 Lyon<\/a><\/p>\n<p><img fetchpriority=\"high\" decoding=\"async\" width=\"1200\" height=\"675\" src=\"https:\/\/www.europesays.com\/fr\/wp-content\/uploads\/2025\/07\/actualite-de-ce-vendredi-25-juillet-2025.jpg\" alt=\"actualit\u00e9 de ce vendredi 25 juillet 2025 info \u00e0 Lyon\" class=\"wp-image-250681\"  \/>Retrouvez aussi le Quart d\u2019Heure Lyonnais de Lyon Demain sur les antennes de Radio Pluriel (Lyon). Radio Salam (Lyon, Saint-Etienne et Bourg) et Radio Arm\u00e9nie (Lyon et Vienne)<br \/>\nJ\u2019aime \u00e7a\u00a0:<\/p>\n<p>J\u2019aime chargement\u2026<\/p>\n<p><a class=\"sd-link-color\"\/><\/p>\n<p>\n\tArticles similaires\n<\/p>\n<p>\t\t\t\t<img decoding=\"async\" src=\"https:\/\/www.europesays.com\/fr\/wp-content\/uploads\/2025\/07\/1753430592_196_7866158698e17e8ed633c05e8f8e7fe5d9e057ad78661c4dc34e413abb6b9f19\" alt=\"G\u00e9rald Bouchon\"\/><\/p>\n<p>Pionnier des radios libres, passionn\u00e9 de radio, journaliste et dirigeant de m\u00e9dias \u00e9co-responsables..<\/p>\n","protected":false},"excerpt":{"rendered":"A la une de l\u2019info \u00e0 Lyon : Il y a 30 ans\u2026 Khaled Kelkal semait la terreur,&hellip;\n","protected":false},"author":2,"featured_media":272311,"comment_status":"","ping_status":"","sticky":false,"template":"","format":"standard","meta":{"footnotes":""},"categories":[1889],"tags":[4376,1111,11,23846,2430,36630,1777,674,41182,1011,27,5226,40956,15363,41183,16354,4679,2428,41184,1434,12,41185,978,9961,2872,25,5151,39895,41186,26941,41187],"class_list":{"0":"post-272310","1":"post","2":"type-post","3":"status-publish","4":"format-standard","5":"has-post-thumbnail","7":"category-lyon","8":"tag-accident-de-la-route","9":"tag-actu","10":"tag-actualites","11":"tag-attentats","12":"tag-auvergne-rhone-alpes","13":"tag-charly","14":"tag-eu","15":"tag-europe","16":"tag-festival-off-davignon","17":"tag-fr","18":"tag-france","19":"tag-gregory-doucet","20":"tag-groupama","21":"tag-groupama-stadium","22":"tag-julien-ravello","23":"tag-logement-social","24":"tag-lucas-perri","25":"tag-lyon","26":"tag-marylene-millet","27":"tag-mercato","28":"tag-news","29":"tag-olivier-araujo","30":"tag-olympique-lyonnais","31":"tag-permis-de-construire","32":"tag-police-municipale","33":"tag-republique-francaise","34":"tag-saint-genis-laval","35":"tag-vae","36":"tag-velo-a-assistance-electrique","37":"tag-vernaison","38":"tag-vuillemard"},"share_on_mastodon":{"url":"https:\/\/pubeurope.com\/@fr\/114912834721296686","error":""},"_links":{"self":[{"href":"https:\/\/www.europesays.com\/fr\/wp-json\/wp\/v2\/posts\/272310","targetHints":{"allow":["GET"]}}],"collection":[{"href":"https:\/\/www.europesays.com\/fr\/wp-json\/wp\/v2\/posts"}],"about":[{"href":"https:\/\/www.europesays.com\/fr\/wp-json\/wp\/v2\/types\/post"}],"author":[{"embeddable":true,"href":"https:\/\/www.europesays.com\/fr\/wp-json\/wp\/v2\/users\/2"}],"replies":[{"embeddable":true,"href":"https:\/\/www.europesays.com\/fr\/wp-json\/wp\/v2\/comments?post=272310"}],"version-history":[{"count":0,"href":"https:\/\/www.europesays.com\/fr\/wp-json\/wp\/v2\/posts\/272310\/revisions"}],"wp:featuredmedia":[{"embeddable":true,"href":"https:\/\/www.europesays.com\/fr\/wp-json\/wp\/v2\/media\/272311"}],"wp:attachment":[{"href":"https:\/\/www.europesays.com\/fr\/wp-json\/wp\/v2\/media?parent=272310"}],"wp:term":[{"taxonomy":"category","embeddable":true,"href":"https:\/\/www.europesays.com\/fr\/wp-json\/wp\/v2\/categories?post=272310"},{"taxonomy":"post_tag","embeddable":true,"href":"https:\/\/www.europesays.com\/fr\/wp-json\/wp\/v2\/tags?post=272310"}],"curies":[{"name":"wp","href":"https:\/\/api.w.org\/{rel}","templated":true}]}}