{"id":272312,"date":"2025-07-25T08:04:10","date_gmt":"2025-07-25T08:04:10","guid":{"rendered":"https:\/\/www.europesays.com\/fr\/272312\/"},"modified":"2025-07-25T08:04:10","modified_gmt":"2025-07-25T08:04:10","slug":"fillette-tuee-age-des-victimes-deroule-on-en-sait-plus","status":"publish","type":"post","link":"https:\/\/www.europesays.com\/fr\/272312\/","title":{"rendered":"fillette tu\u00e9e, \u00e2ge des victimes, d\u00e9roul\u00e9&#8230; On en sait plus"},"content":{"rendered":"<p>            Par<br \/>\n        <strong><br \/>\n            <a href=\"https:\/\/actu.fr\/auteur\/nicolas-zaugra\" title=\"Consulter tous les articles de Nicolas Zaugra\" rel=\"nofollow noopener\" target=\"_blank\">Nicolas Zaugra<\/a><br \/>\n        <\/strong><\/p>\n<p>        Publi\u00e9 le<\/p>\n<p>            25 juil. 2025 \u00e0 9h45        <\/p>\n<p>Le bilan de l\u2019accident de jeudi 24 juillet 2025 est tr\u00e8s lourd. Le drame a impliqu\u00e9 quatre voitures et un poids lourd sur l\u2019autoroute A7. Une <a href=\"https:\/\/actu.fr\/auvergne-rhone-alpes\/chasse-sur-rhone_38087\/direct-grave-accident-sur-l-a7-des-victimes-un-enfant-tue-et-l-autoroute-vers-lyon-fermee_62955153.html\" rel=\"nofollow noopener\" target=\"_blank\">fillette de 7 ans est d\u00e9c\u00e9d\u00e9e<\/a>, et <strong>six autres personnes sont bless\u00e9es<\/strong>.<\/p>\n<p>Une fillette de 7 ans tu\u00e9e<\/p>\n<p class=\" wall-content\">Un <strong>enfant a \u00e9t\u00e9 tu\u00e9<\/strong> et six autres personnes ont \u00e9t\u00e9 bless\u00e9es,\u00a0dont deux gravement, dans un accident entre quatre voitures\u00a0et un poids lourd sur l\u2019<a href=\"https:\/\/actu.fr\/tag\/autoroute-7-a7\" rel=\"nofollow noopener\" target=\"_blank\">autoroute A\u00a07<\/a> en Is\u00e8re, a annonc\u00e9 jeudi la pr\u00e9fecture.<\/p>\n<p class=\" wall-content\">L\u2019accident, qui a eu lieu vers 18 heures jeudi dans le <strong>sens Marseille-Lyon<\/strong>, \u00ab\u00a0a malheureusement co\u00fbt\u00e9 la vie \u00e0 un enfant\u00a0\u00bb et \u00ab\u00a0deux personnes sont en urgence absolue, quatre autres en urgence relative\u00a0\u00bb, a-t-elle indiqu\u00e9 dans un communiqu\u00e9.<\/p>\n<p>    <a href=\"https:\/\/www.google.com\/maps\/embed?pb=!1m18!1m12!1m3!1d190928.49322825662!2d4.849877517351793!3d45.63965354640348!2m3!1f0!2f0!3f0!3m2!1i1024!2i768!4f13.1!3m3!1m2!1s0x47f4e6d66c6cd943%3A0x41f5504f33586082!2sChasse-sur-Rh%C3%B4ne!5e1!3m2!1sfr!2sfr!4v1753428817107!5m2!1sfr!2sfr\" title=\"Ouvrie le lien\" rel=\"nofollow noopener\" target=\"_blank\">Cliquez ici pour visualiser le contenu<\/a><\/p>\n<p>Un camion \u00ab\u00a0convoi exceptionnel\u00a0\u00bb avec une grue de 48 tonnes impliqu\u00e9<\/p>\n<p class=\" wall-content\">La victime est une fillette de 7 ans qui se trouvait dans un v\u00e9hicule avec quatre autres personnes, qui ont \u00e9t\u00e9 bless\u00e9es, ont indiqu\u00e9 les pompiers de l\u2019Is\u00e8re sans pouvoir pr\u00e9ciser les circonstances de l\u2019accident.<\/p>\n<p class=\" wall-content\">Parmi les victimes, une femme de 48 ans gravement bless\u00e9e, un adolescent de 16 ans en urgence absolue, deux autres de 13 et 16 ans en urgence relative.<\/p>\n<p class=\" wall-content\">Le poids lourd impliqu\u00e9 transportait une grue de 48 tonnes, ont-ils ajout\u00e9.<\/p>\n<p>Le camion a percut\u00e9 une premi\u00e8re voiture<\/p>\n<p class=\" wall-content\">Selon les premiers \u00e9l\u00e9ments de l\u2019enqu\u00eate confi\u00e9e aux policiers de la CRS autorouti\u00e8re Rh\u00f4ne-Alpes-Auvergne, le <strong>camion \u00ab\u00a0convoi exceptionnel\u00a0\u00bb<\/strong> dont la vitesse est r\u00e9glement\u00e9e transportant la grue mobile a percut\u00e9 plusieurs v\u00e9hicules sur l\u2019autoroute. L\u2019enqu\u00eate devra d\u00e9terminer avec exactitude le d\u00e9roul\u00e9 de l\u2019accident et les responsabilit\u00e9s du chauffeur du convoi qui doit \u00eatre entendu par les enqu\u00eateurs.\u00a0<\/p>\n<p class=\" wall-content\">La pr\u00e9f\u00e8te de l\u2019Is\u00e8re Catherine S\u00e9guin \u00ab\u00a0adresse ses pens\u00e9es \u00e0 la famille de la jeune victime, aux personnes bless\u00e9es\u00a0\u00bb et a appel\u00e9 \u00ab\u00a0l\u2019ensemble des automobilistes \u00e0 la plus grande vigilance en cette p\u00e9riode estivale de forte circulation\u00a0\u00bb.<\/p>\n<p class=\" wall-content\">D\u2019importants moyens de secours \u00e9taient sur place dont deux h\u00e9licopt\u00e8res pour prendre en charge les victimes.\u00a0<\/p>\n<p class=\" wall-content\">Le trafic a \u00e9t\u00e9 interrompu jusqu\u2019\u00e0 21h environ, l\u2019accident provoquant plusieurs kilom\u00e8tres de bouchons.\u00a0<\/p>\n<p class=\" wall-content\"><strong>Avec AFP<\/strong><\/p>\n<p class=\" wall-content\">Suivez toute l\u2019actualit\u00e9 de vos villes et m\u00e9dias favoris en vous inscrivant \u00e0 <a href=\"https:\/\/moncompte.actu.fr\" title=\"D\u00e9couvez Mon Actu\" rel=\"nofollow noopener\" data-trk=\"{&quot;cta&quot;:{&quot;action&quot;:&quot;https:\\\/\\\/moncompte.actu.fr&quot;,&quot;category&quot;:&quot;mon compte&quot;,&quot;from&quot;:&quot;article footer&quot;,&quot;name&quot;:&quot;Mon actu&quot;,&quot;type&quot;:&quot;cta&quot;}}\" target=\"_blank\">Mon Actu<\/a>.<\/p>\n<ul class=\"ac-article-tag wall-content\">\n<li><a href=\"https:\/\/actu.fr\/tag\/accident\" data-trk=\"{&quot;cta&quot;:{&quot;action&quot;:&quot;Accident&quot;,&quot;category&quot;:&quot;tag&quot;,&quot;from&quot;:&quot;article footer&quot;,&quot;name&quot;:&quot;Accident&quot;,&quot;type&quot;:&quot;cta&quot;}}\" rel=\"nofollow noopener\" target=\"_blank\">#Accident<\/a><\/li>\n<li><a href=\"https:\/\/actu.fr\/tag\/autoroute-7-a7\" data-trk=\"{&quot;cta&quot;:{&quot;action&quot;:&quot;Autoroute 7 (A7)&quot;,&quot;category&quot;:&quot;tag&quot;,&quot;from&quot;:&quot;article footer&quot;,&quot;name&quot;:&quot;Autoroute 7 (A7)&quot;,&quot;type&quot;:&quot;cta&quot;}}\" rel=\"nofollow noopener\" target=\"_blank\">#Autoroute 7 (A7)<\/a><\/li>\n<\/ul>\n","protected":false},"excerpt":{"rendered":"Par Nicolas Zaugra Publi\u00e9 le 25 juil. 2025 \u00e0 9h45 Le bilan de l\u2019accident de jeudi 24 juillet&hellip;\n","protected":false},"author":2,"featured_media":263667,"comment_status":"","ping_status":"","sticky":false,"template":"","format":"standard","meta":{"footnotes":""},"categories":[1889],"tags":[119,1111,11,6423,2430,1777,674,118,1011,27,2428,12,25],"class_list":{"0":"post-272312","1":"post","2":"type-post","3":"status-publish","4":"format-standard","5":"has-post-thumbnail","7":"category-lyon","8":"tag-accident","9":"tag-actu","10":"tag-actualites","11":"tag-autoroute-7-a7","12":"tag-auvergne-rhone-alpes","13":"tag-eu","14":"tag-europe","15":"tag-faits-divers","16":"tag-fr","17":"tag-france","18":"tag-lyon","19":"tag-news","20":"tag-republique-francaise"},"share_on_mastodon":{"url":"https:\/\/pubeurope.com\/@fr\/114912838442614362","error":""},"_links":{"self":[{"href":"https:\/\/www.europesays.com\/fr\/wp-json\/wp\/v2\/posts\/272312","targetHints":{"allow":["GET"]}}],"collection":[{"href":"https:\/\/www.europesays.com\/fr\/wp-json\/wp\/v2\/posts"}],"about":[{"href":"https:\/\/www.europesays.com\/fr\/wp-json\/wp\/v2\/types\/post"}],"author":[{"embeddable":true,"href":"https:\/\/www.europesays.com\/fr\/wp-json\/wp\/v2\/users\/2"}],"replies":[{"embeddable":true,"href":"https:\/\/www.europesays.com\/fr\/wp-json\/wp\/v2\/comments?post=272312"}],"version-history":[{"count":0,"href":"https:\/\/www.europesays.com\/fr\/wp-json\/wp\/v2\/posts\/272312\/revisions"}],"wp:featuredmedia":[{"embeddable":true,"href":"https:\/\/www.europesays.com\/fr\/wp-json\/wp\/v2\/media\/263667"}],"wp:attachment":[{"href":"https:\/\/www.europesays.com\/fr\/wp-json\/wp\/v2\/media?parent=272312"}],"wp:term":[{"taxonomy":"category","embeddable":true,"href":"https:\/\/www.europesays.com\/fr\/wp-json\/wp\/v2\/categories?post=272312"},{"taxonomy":"post_tag","embeddable":true,"href":"https:\/\/www.europesays.com\/fr\/wp-json\/wp\/v2\/tags?post=272312"}],"curies":[{"name":"wp","href":"https:\/\/api.w.org\/{rel}","templated":true}]}}