{"id":272313,"date":"2025-07-25T08:06:22","date_gmt":"2025-07-25T08:06:22","guid":{"rendered":"https:\/\/www.europesays.com\/fr\/272313\/"},"modified":"2025-07-25T08:06:22","modified_gmt":"2025-07-25T08:06:22","slug":"seine-et-marne-karting-restaurant-immersif-et-experience-fort-boyard-le-plus-grand-centre-de-loisirs-indoor-de-france-a-ouvert-ses-portes-a-serris","status":"publish","type":"post","link":"https:\/\/www.europesays.com\/fr\/272313\/","title":{"rendered":"Seine-et-Marne : Karting, restaurant immersif et exp\u00e9rience Fort Boyard\u2026 Le plus grand centre de loisirs indoor de France a ouvert ses portes \u00e0 Serris !"},"content":{"rendered":"<p>            <img loading=\"lazy\" decoding=\"async\" width=\"696\" height=\"522\" class=\"entry-thumb\" src=\"https:\/\/www.europesays.com\/fr\/wp-content\/uploads\/2025\/07\/WhatsApp-Image-2025-07-22-a-10.25.19_2dd69f18.jpg\"   alt=\"\" title=\"WhatsApp Image 2025-07-22 \u00e0 10.25.19_2dd69f18\"\/><\/p>\n<p><strong>Un nouvel univers immersif.<\/strong> Son ouverture \u00e9tait tr\u00e8s tr\u00e8s attendue\u2026 Apr\u00e8s trois ans d\u2019\u00e9tudes et plusieurs mois de travaux,<strong> le complexe Imagi Park<\/strong> a officiellement ouvert ses portes \u00e0 <strong>Serris<\/strong>. Un concept d\u00e9j\u00e0 adopt\u00e9 par les locaux ! Situ\u00e9 \u00e0 proximit\u00e9 du centre commercial et de la gare RER, <strong>le plus grand centre de loisirs indoor de France <\/strong>offre plus de 14 000m\u00b2 d\u2019activit\u00e9s avec notamment un restaurant immersif, <strong>le jeu Fort Boyard Aventures<\/strong> ou m\u00eame un karting. <strong>Vous ne connaissez pas ? Suivez le guide !<\/strong><\/p>\n<p><strong>Imagi Park, un nouveau temple du loisir.<\/strong> Apr\u00e8s plusieurs ann\u00e9es d\u2019activit\u00e9s, les locaux de l\u2019ancien <strong>Castorama <\/strong>(Serris) ont \u00e9t\u00e9 vid\u00e9s. Tr\u00e8s rapidement, le centre commercial s\u2019est pench\u00e9 sur sa reprise. Propri\u00e9taire des locaux,<strong> l\u2019entreprise Kl\u00e9pierre a sond\u00e9 les clients<\/strong> du centre commercial\u2026 Les r\u00e9sultats sont sans appel, plus de 60% d\u2019entre eux souhaitaient une offre de loisirs suppl\u00e9mentaire. En avril dernier, leurs souhaits ont \u00e9t\u00e9 exauc\u00e9s avec l\u2019arriv\u00e9e du plus grand centre de loisirs indoor de France. Le mercredi 2 juillet 2025,<strong> Imagi Park a officiellement inaugur\u00e9 son premier complexe en Seine-et-Marne<\/strong>, en pr\u00e9sence de plus de 500 personnes. \u00ab\u00a0C\u2019est le r\u00e9sultat d\u2019une collaboration qui dure d\u00e9j\u00e0 depuis plusieurs ann\u00e9es. <strong>On a d\u00e9j\u00e0 ouvert avec eux un Fort Boyard Aventure dans notre centre commercial \u00e0 Montpellier Odysseum. <\/strong>C\u2019\u00e9tait une premi\u00e8re sur un seul concept\u2026 C\u2019est l\u00e0 qu\u2019est n\u00e9 cette folle id\u00e9e de travailler sur Val d\u2019Europe.\u00a0\u00bb D\u00e9velopp\u00e9 sur quatre \u00e9tages, <strong>l\u2019offre Imagi Park<\/strong> correspond parfaitement aux attentes du territoire. \u00ab\u00a0On s\u2019adresse \u00e0 tous, c\u2019est notre vocation. <strong>Le territoire, c\u2019est 50 000 emplois aujourd\u2019hui. 80 000 dans 15 ans. <\/strong>Ses entreprises ont vocation \u00e0 venir ici pour faire du team building et des soir\u00e9es d\u2019entreprises. <strong>On recherchait un concept comme celui-l\u00e0 qui soit accessible \u00e0 tous et qui puisse venir proposer une offre pour les familles<\/strong>, les enfants, les adolescents mais aussi les entreprises.\u00a0\u00bb Avec pr\u00e8s de 20 millions de visiteurs par an, le centre commercial peut esp\u00e9rer en attirer toujours plus\u2026 Le complexe de loisirs pr\u00e9voit d\u00e9j\u00e0 d\u2019accueillir plus de 800 000 personnes par an.<\/p>\n<p><strong>Florence Feldmann<\/strong>, directrice de l\u2019exploitation France-Belgique chez Kl\u00e9pierre, <strong>Charles d\u2019Harambure<\/strong>, directeur marketing du groupe Hadrena et <strong>Philippe Descrouet<\/strong>, Maire de Serris, sont au micro de Crazy Radio<\/p>\n<p><img data-recalc-dims=\"1\" fetchpriority=\"high\" decoding=\"async\" width=\"696\" height=\"522\" data-id=\"56224\" src=\"https:\/\/www.europesays.com\/fr\/wp-content\/uploads\/2025\/07\/WhatsApp-Image-2025-07-22-a-10.25.20_16dea6a8.jpg\" alt=\"\" class=\"wp-image-56224\"  \/><\/p>\n<p><img loading=\"lazy\" data-recalc-dims=\"1\" decoding=\"async\" width=\"696\" height=\"522\" data-id=\"56225\" src=\"https:\/\/www.europesays.com\/fr\/wp-content\/uploads\/2025\/07\/WhatsApp-Image-2025-07-22-a-10.25.20_548f25b3.jpg\" alt=\"\" class=\"wp-image-56225\"  \/><\/p>\n<p><img loading=\"lazy\" data-recalc-dims=\"1\" decoding=\"async\" width=\"696\" height=\"522\" data-id=\"56223\" src=\"https:\/\/www.europesays.com\/fr\/wp-content\/uploads\/2025\/07\/WhatsApp-Image-2025-07-22-a-10.25.20_1f1c5bd7.jpg\" alt=\"\" class=\"wp-image-56223\"  \/><\/p>\n<p><strong>Un travail en \u00e9troite collaboration. <\/strong>Si aujourd\u2019hui,<strong> le complexe Imagi Park <\/strong>fait d\u00e9j\u00e0 les beaux jours du territoire\u2026 Il a fallu plus de trois ans d\u2019\u00e9tudes pour permettre \u00e0 ce projet de se concr\u00e9tiser. Pourquoi ? \u00ab\u00a0\u00c7a fait de nombreuses ann\u00e9es que le b\u00e2timent \u00e9tait vide pour plusieurs raisons\u2026 <strong>Un march\u00e9 immobilier difficile, il y avait plus de 9 000m\u00b2 \u00e0 l\u2019\u00e9poque.<\/strong> Ils l\u2019ont modifi\u00e9 aujourd\u2019hui en mettant 14 000m\u00b2.<strong> C\u2019\u00e9tait pas simple de trouver une activit\u00e9 \u00e9conomique. On est ravis ! <\/strong>On les a accueilli et on a \u00e9chang\u00e9 avec le centre commercial, on a valid\u00e9 leur projet. On a beaucoup travaill\u00e9 avec eux.\u00a0\u00bb La partie la plus technique ? La requalification du parking en karting ! Le b\u00e2timent a d\u00fb passer de nombreuses \u00e9tapes pour valider la s\u00e9curit\u00e9 des installations. \u00ab\u00a0Aujourd\u2019hui, je l\u2019ai d\u00e9couvert aussi. <strong>Par rapport \u00e0 ce qu\u2019on a inaugur\u00e9 \u00e0 Montpellier, c\u2019est vraiment l\u2019\u00e9chelle du dessus. <\/strong>C\u2019est une tr\u00e8s belle r\u00e9ussite\u2026 <strong>Techniquement, c\u2019\u00e9tait complexe. <\/strong>C\u2019est une grande fiert\u00e9 de voir que le travail des \u00e9quipes permet d\u2019inaugurer ce projet dans de tr\u00e8s belles conditions.\u00a0\u00bb Aujourd\u2019hui, <strong>le centre de loisirs Imagi Park<\/strong>, c\u2019est tout simplement 14 000m\u00b2 de pur bonheur !<\/p>\n<p><strong>Florence Feldmann<\/strong>, directrice de l\u2019exploitation France-Belgique chez Kl\u00e9pierre, <strong>Charles d\u2019Harambure<\/strong>, directeur marketing du groupe Hadrena et <strong>Philippe Descrouet<\/strong>, Maire de Serris, sont au micro de Crazy Radio<\/p>\n<p><img data-recalc-dims=\"1\" loading=\"lazy\" decoding=\"async\" width=\"696\" height=\"522\" data-id=\"56228\" src=\"https:\/\/www.europesays.com\/fr\/wp-content\/uploads\/2025\/07\/WhatsApp-Image-2025-07-22-a-10.25.21_ed073b17.jpg\" alt=\"\" class=\"wp-image-56228\"  \/><\/p>\n<p><img data-recalc-dims=\"1\" loading=\"lazy\" decoding=\"async\" width=\"696\" height=\"522\" data-id=\"56226\" src=\"https:\/\/www.europesays.com\/fr\/wp-content\/uploads\/2025\/07\/WhatsApp-Image-2025-07-22-a-10.25.20_b0e83edc.jpg\" alt=\"\" class=\"wp-image-56226\"  \/><\/p>\n<p><img data-recalc-dims=\"1\" loading=\"lazy\" decoding=\"async\" width=\"696\" height=\"522\" data-id=\"56218\" src=\"https:\/\/www.europesays.com\/fr\/wp-content\/uploads\/2025\/07\/WhatsApp-Image-2025-07-22-a-10.25.18_d7f3249c.jpg\" alt=\"\" class=\"wp-image-56218\"  \/><\/p>\n<p><img data-recalc-dims=\"1\" loading=\"lazy\" decoding=\"async\" width=\"696\" height=\"522\" data-id=\"56213\" src=\"https:\/\/www.europesays.com\/fr\/wp-content\/uploads\/2025\/07\/WhatsApp-Image-2025-07-22-a-10.25.18_281ea372.jpg\" alt=\"\" class=\"wp-image-56213\"  \/><\/p>\n<p><img data-recalc-dims=\"1\" loading=\"lazy\" decoding=\"async\" width=\"696\" height=\"522\" data-id=\"56215\" src=\"https:\/\/www.europesays.com\/fr\/wp-content\/uploads\/2025\/07\/WhatsApp-Image-2025-07-22-a-10.25.18_084746b5.jpg\" alt=\"\" class=\"wp-image-56215\"  \/><\/p>\n<p><strong>Le plus grand complexe d\u2019Europe. <\/strong>A quoi peut-on s\u2019attendre ? Si le paradis de petits existe, il ressemble trait pour trait au <strong>centre de loisirs Imagi Park<\/strong>. Ici, une toute nouvelle exp\u00e9rience d\u00e9marre ! Les enfants comme les parents se d\u00e9connectent facilement de leur quotidien. \u00ab\u00a0C\u2019est la premi\u00e8re fois qu\u2019on est sous le m\u00eame toit, <strong>c\u2019est un peu comme un mini centre commercial d\u00e9di\u00e9 \u00e0 la famille<\/strong>. On passe d\u2019un univers \u00e0 un autre avec des espaces communs.\u00a0\u00bb A la demande, <strong>le complexe peut m\u00eame \u00eatre privatis\u00e9 <\/strong>par des entreprises ou des particuliers. Il est possible d\u2019y accueillir entre 500 et 1 000 personnes. \u00ab\u00a0Dans toutes les activit\u00e9s disponibles, <strong>on a Speed Park <\/strong>(5 000m\u00b2) <strong>qui propose une dizaine d\u2019activit\u00e9s comme du karting, du bowling, du laser game<\/strong>, du billard, une quizz room, du karaok\u00e9\u2026 On peut passer plusieurs heures chez Speed Park ! <strong>Ensuite, on a Fort Boyard Aventure qui est l\u2019enseigne qu\u2019on a d\u00e9velopp\u00e9e avec les producteurs de l\u2019\u00e9mission. <\/strong>C\u2019est un jeu d\u2019action o\u00f9 on peut jouer entre deux et cinq personnes. Il y a trente cellules qui reprennent les m\u00eames d\u00e9fis que dans l\u2019\u00e9mission de t\u00e9l\u00e9vision.\u00a0\u00bb Pour les enfants, <strong>l\u2019enseigne Kojump<\/strong> permet de faire de l\u2019escalade ou du trampoline. Pendant que les plus jeunes se d\u00e9pensent, les parents peuvent acc\u00e9der \u00e0 <strong>une salle de sport Gold\u2019s Gym<\/strong> (3 500m\u00b2). \u00ab\u00a0Au rez-de-chauss\u00e9, <strong>on a le restaurant immersif Ephemera<\/strong>. On ne vient pas que pour se restaurer, on vient pour s\u2019\u00e9merveiller des d\u00e9cors, des sons et des lumi\u00e8res. <strong>En septembre, on va ouvrir Activate.<\/strong> Un autre jeu d\u2019action hyper dynamique et lumineux qu\u2019on importe du Canada. Tout est compl\u00e9mentaire, c\u2019est l\u2019avantage !\u00a0\u00bb Le restaurant immersif <strong>Wonderwoods<\/strong> est enti\u00e8rement d\u00e9di\u00e9 \u00e0 l\u2019univers enchant\u00e9 d\u2019un dessin anim\u00e9 bien connu : <strong>Alice au Pays des Merveilles<\/strong>\u2026 De quoi nous surprendre encore plus !<\/p>\n<p><strong>Florence Feldmann<\/strong>, directrice de l\u2019exploitation France-Belgique chez Kl\u00e9pierre, <strong>Charles d\u2019Harambure<\/strong>, directeur marketing du groupe Hadrena et <strong>Philippe Descrouet<\/strong>, Maire de Serris, sont au micro de Crazy Radio<\/p>\n<p><img data-recalc-dims=\"1\" loading=\"lazy\" decoding=\"async\" width=\"696\" height=\"522\" data-id=\"56222\" src=\"https:\/\/www.europesays.com\/fr\/wp-content\/uploads\/2025\/07\/WhatsApp-Image-2025-07-22-a-10.25.19_7c280dc5.jpg\" alt=\"\" class=\"wp-image-56222\"  \/><\/p>\n<p><img data-recalc-dims=\"1\" loading=\"lazy\" decoding=\"async\" width=\"696\" height=\"522\" data-id=\"56217\" src=\"https:\/\/www.europesays.com\/fr\/wp-content\/uploads\/2025\/07\/WhatsApp-Image-2025-07-22-a-10.25.18_bdcd32a5.jpg\" alt=\"\" class=\"wp-image-56217\"  \/><\/p>\n<p><img data-recalc-dims=\"1\" loading=\"lazy\" decoding=\"async\" width=\"696\" height=\"522\" data-id=\"56221\" src=\"https:\/\/www.europesays.com\/fr\/wp-content\/uploads\/2025\/07\/WhatsApp-Image-2025-07-22-a-10.25.19_5f9108ed.jpg\" alt=\"\" class=\"wp-image-56221\"  \/><\/p>\n<p><img data-recalc-dims=\"1\" loading=\"lazy\" decoding=\"async\" width=\"696\" height=\"522\" data-id=\"56219\" src=\"https:\/\/www.europesays.com\/fr\/wp-content\/uploads\/2025\/07\/WhatsApp-Image-2025-07-22-a-10.25.18_f1446fd9.jpg\" alt=\"\" class=\"wp-image-56219\"  \/><\/p>\n<p><img data-recalc-dims=\"1\" loading=\"lazy\" decoding=\"async\" width=\"696\" height=\"522\" data-id=\"56227\" src=\"https:\/\/www.europesays.com\/fr\/wp-content\/uploads\/2025\/07\/WhatsApp-Image-2025-07-22-a-10.25.20_bdf539d4.jpg\" alt=\"\" class=\"wp-image-56227\"  \/><\/p>\n<p><img data-recalc-dims=\"1\" loading=\"lazy\" decoding=\"async\" width=\"696\" height=\"522\" data-id=\"56214\" src=\"https:\/\/www.europesays.com\/fr\/wp-content\/uploads\/2025\/07\/WhatsApp-Image-2025-07-22-a-10.25.18_05958d45.jpg\" alt=\"\" class=\"wp-image-56214\"  \/><\/p>\n<p><strong>Une success story assur\u00e9e. <\/strong>Si les parents ont l\u2019habitude de faire du shopping pendant des heures, ils auront d\u00e9sormais de quoi consoler les plus jeunes\u2026 avec quelques heures chez <strong>Imagi Park <\/strong>! \u00ab\u00a0C\u2019\u00e9tait pas mal attendu\u2026 Il y avait beaucoup de commer\u00e7ants et d\u2019habitants qui voyaient les travaux. <strong>On a tout de suite \u00e9t\u00e9 tr\u00e8s sollicit\u00e9s, \u00e7a va continuer cet \u00e9t\u00e9. <\/strong>On a la chance d\u2019\u00eatre proche de Disney qui est un \u00e9norme capteur de flux, on esp\u00e8re divertir une partie de leurs clients.\u00a0\u00bb Ouvert en avril dernier, le complexe a d\u00e9j\u00e0 accueilli des milliers de curieux. <strong>S\u2019installer \u00e0 Serris ? Une \u00e9vidence !<\/strong> \u00ab\u00a0Il y a une dynamique incroyable du centre commercial qui a presque 200 enseignes\u2026 <strong>On a parfaitement travaill\u00e9 avec Kl\u00e9pierre pendant toutes ses ann\u00e9es.<\/strong> Il y a un territoire propice \u00e0 l\u2019accueil des entreprises, je crois qu\u2019il y en a plus de 8 000. Tous les salari\u00e9s sont des clients qui vont venir avec leurs familles.\u00a0\u00bb <strong>Le petit plus ? Le complexe Imagi Park de Serris est d\u00e9j\u00e0 unique !<\/strong> \u00ab\u00a0Il n\u2019y aura pas la m\u00eame programmation dans tous les Imagi Park, selon la taille et les concepts. C\u2019est ce qui fera aussi la richesse d\u2019Imagi Park<strong>. Il y a aura souvent les enseignes clefs du groupe comme Speed Park<\/strong> (qui est une grosse locomotive).\u00a0\u00bb Si actuellement, les diff\u00e9rentes enseignes ont leurs propres tarifs. Le groupe de loisirs <strong>Hadrena<\/strong> pense d\u00e9j\u00e0 \u00e0 un billet Imagi Park ! \u00ab\u00a0C\u2019est \u00e9norme, c\u2019est magnifique et c\u2019est \u00e0 proximit\u00e9 du RER donc, \u00e7a va plaire ! C\u2019est dans le centre commercial, \u00e7a va permettre aux gens de rester plus longtemps.\u00a0\u00bb se r\u00e9jouit <strong>Philippe Descrouet<\/strong>.<\/p>\n<p><strong>C\u2019est l\u2019une des ouvertures les plus attendues de l\u2019ann\u00e9e\u2026 Situ\u00e9 \u00e0 quelques pas du centre commercial et de la gare RER, le complexe de loisirs XXL Imagi Park a ouvert ses portes avec pr\u00e8s de 14 000m\u00b2 d\u2019activit\u00e9s. De quoi plaire aux petits comme aux plus grands !<\/strong><\/p>\n<p><img data-recalc-dims=\"1\" loading=\"lazy\" decoding=\"async\" width=\"696\" height=\"522\" data-id=\"56212\" src=\"https:\/\/www.europesays.com\/fr\/wp-content\/uploads\/2025\/07\/WhatsApp-Image-2025-07-22-a-10.25.18_6cf03775.jpg\" alt=\"\" class=\"wp-image-56212\"  \/><\/p>\n<p><img data-recalc-dims=\"1\" loading=\"lazy\" decoding=\"async\" width=\"696\" height=\"522\" data-id=\"56216\" src=\"https:\/\/www.europesays.com\/fr\/wp-content\/uploads\/2025\/07\/WhatsApp-Image-2025-07-22-a-10.25.18_b21920ae.jpg\" alt=\"\" class=\"wp-image-56216\"  \/><\/p>\n<p>\n\tSimilaire<\/p>\n","protected":false},"excerpt":{"rendered":"Un nouvel univers immersif. Son ouverture \u00e9tait tr\u00e8s tr\u00e8s attendue\u2026 Apr\u00e8s trois ans d\u2019\u00e9tudes et plusieurs mois de&hellip;\n","protected":false},"author":2,"featured_media":272314,"comment_status":"","ping_status":"","sticky":false,"template":"","format":"standard","meta":{"footnotes":""},"categories":[1592],"tags":[1111,11,1777,674,1011,27,662,12,626,25],"class_list":{"0":"post-272313","1":"post","2":"type-post","3":"status-publish","4":"format-standard","5":"has-post-thumbnail","7":"category-ile-de-france","8":"tag-actu","9":"tag-actualites","10":"tag-eu","11":"tag-europe","12":"tag-fr","13":"tag-france","14":"tag-ile-de-france","15":"tag-news","16":"tag-paris","17":"tag-republique-francaise"},"share_on_mastodon":{"url":"https:\/\/pubeurope.com\/@fr\/114912846725324301","error":""},"_links":{"self":[{"href":"https:\/\/www.europesays.com\/fr\/wp-json\/wp\/v2\/posts\/272313","targetHints":{"allow":["GET"]}}],"collection":[{"href":"https:\/\/www.europesays.com\/fr\/wp-json\/wp\/v2\/posts"}],"about":[{"href":"https:\/\/www.europesays.com\/fr\/wp-json\/wp\/v2\/types\/post"}],"author":[{"embeddable":true,"href":"https:\/\/www.europesays.com\/fr\/wp-json\/wp\/v2\/users\/2"}],"replies":[{"embeddable":true,"href":"https:\/\/www.europesays.com\/fr\/wp-json\/wp\/v2\/comments?post=272313"}],"version-history":[{"count":0,"href":"https:\/\/www.europesays.com\/fr\/wp-json\/wp\/v2\/posts\/272313\/revisions"}],"wp:featuredmedia":[{"embeddable":true,"href":"https:\/\/www.europesays.com\/fr\/wp-json\/wp\/v2\/media\/272314"}],"wp:attachment":[{"href":"https:\/\/www.europesays.com\/fr\/wp-json\/wp\/v2\/media?parent=272313"}],"wp:term":[{"taxonomy":"category","embeddable":true,"href":"https:\/\/www.europesays.com\/fr\/wp-json\/wp\/v2\/categories?post=272313"},{"taxonomy":"post_tag","embeddable":true,"href":"https:\/\/www.europesays.com\/fr\/wp-json\/wp\/v2\/tags?post=272313"}],"curies":[{"name":"wp","href":"https:\/\/api.w.org\/{rel}","templated":true}]}}