{"id":272317,"date":"2025-07-25T08:08:14","date_gmt":"2025-07-25T08:08:14","guid":{"rendered":"https:\/\/www.europesays.com\/fr\/272317\/"},"modified":"2025-07-25T08:08:14","modified_gmt":"2025-07-25T08:08:14","slug":"on-regrette-ce-chemin-quon-prend-la-desillusion-des-organisateurs-des-jo-de-paris-2024-un-an-apres-leur-enorme-succes","status":"publish","type":"post","link":"https:\/\/www.europesays.com\/fr\/272317\/","title":{"rendered":"\u00ab\u00a0On regrette ce chemin qu&rsquo;on prend\u00a0\u00bb, la d\u00e9sillusion des organisateurs des JO de Paris 2024 un an apr\u00e8s leur \u00e9norme succ\u00e8s"},"content":{"rendered":"<p class=\"mb-4 text-lg md:leading-8 break-words\">Paris s\u2019appr\u00eate \u00e0 f\u00eater, samedi, le premier anniversaire de <a href=\"https:\/\/rmcsport.bfmtv.com\/jeux-olympiques\/la-ceremonie-d-ouverture-des-jo-2024-de-paris_DN-202312220436.html\" rel=\"nofollow noopener\" target=\"_blank\" data-ylk=\"slk:sa majestueuse c\u00e9r\u00e9monie d\u2019ouverture des Jeux olympiques 2024;elm:context_link;itc:0;sec:content-canvas\" class=\"link \">sa majestueuse c\u00e9r\u00e9monie d\u2019ouverture des Jeux olympiques 2024<\/a> sur la Seine. Pour l\u2019occasion, une parade de bateaux sera donn\u00e9e sur le fleuve, une c\u00e9r\u00e9monie officielle se tiendra au Grand Palais et <a href=\"https:\/\/fr.news.yahoo.com\/sport\/c%C3%A9r%C3%A9monie-douverture-jo-gis%C3%A8le-halimi-170333976.html\" data-ylk=\"slk:dix statues de femmes seront inaugur\u00e9es;elm:context_link;itc:0;sec:content-canvas;outcm:mb_qualified_link;_E:mb_qualified_link;ct:story;\" class=\"link  yahoo-link\" target=\"_blank\" rel=\"noopener\">dix statues de femmes seront inaugur\u00e9es<\/a>. En coulisses, le sport fran\u00e7ais fait la grimace avec <a href=\"https:\/\/rmcsport.bfmtv.com\/judo\/le-coup-de-pression-de-teddy-riner-a-l-etat-pour-le-budget-des-sports_AV-202502040028.html\" rel=\"nofollow noopener\" target=\"_blank\" data-ylk=\"slk:le rabotage pr\u00e9vu de pr\u00e8s de 18% du budget consacr\u00e9 aux Sports;elm:context_link;itc:0;sec:content-canvas\" class=\"link \">le rabotage pr\u00e9vu de pr\u00e8s de 18% du budget consacr\u00e9 aux Sports<\/a> par le gouvernement, en qu\u00eate de 44 milliards d\u2019euros pour boucler son budget.<\/p>\n<p>\u00ab\u00a0Tous les acteurs sont mobilis\u00e9s pour faire entendre leur voix\u00a0\u00bb<\/p>\n<p class=\"mb-4 text-lg md:leading-8 break-words\">Invit\u00e9 d\u2019Apolline Martin sur RMC ce vendredi, Micha\u00ebl Aloisio, directeur g\u00e9n\u00e9ral d\u00e9l\u00e9gu\u00e9 et porte-parole des JO de Paris 2024, regrette cette orientation apr\u00e8s l\u2019\u00e9norme succ\u00e8s populaire et celui financier (<a href=\"https:\/\/fr.news.yahoo.com\/sport\/76-millions-d-euros-d-055550252.html\" data-ylk=\"slk:un exc\u00e9dent de 76 millions d\u2019euros;elm:context_link;itc:0;sec:content-canvas;outcm:mb_qualified_link;_E:mb_qualified_link;ct:story;\" class=\"link  yahoo-link\" target=\"_blank\" rel=\"noopener\">un exc\u00e9dent de 76 millions d\u2019euros<\/a> sera r\u00e9investi dans le sport). \u00ab\u00a0Dans notre position, on est tous des militants du sport\u00a0\u00bb, explique-t-il. \u00ab\u00a0On consid\u00e8re que chaque euro dans le sport est un euro investi. Quand vous investissez dans le sport, c\u2019est de la sant\u00e9 publique, du lien social, de la fiert\u00e9. Il n\u2019y a sans doute aucune autre mati\u00e8re qui permet d\u2019obtenir \u00e7a. L\u2019ensemble du mouvement sportif est mobilis\u00e9 pour pr\u00e9server tout ce qui peut l&rsquo;\u00eatre en mati\u00e8re d\u2019investissement sportif \u00e0 commencer par le comit\u00e9 olympique mais \u00e9galement la ministre des Sports (Marie Barsacq, NDLR) pour d\u00e9fendre son budget.\u00a0\u00bb<\/p>\n<p class=\"mb-4 text-lg md:leading-8 break-words\">\u00ab\u00a0L&rsquo;ensemble des acteurs du sport regrette ce chemin qu&rsquo;on prend\u00a0\u00bb, ajoute le haut responsable. \u00ab\u00a0On consid\u00e8re que les Jeux ont \u00e9t\u00e9 une nouvelle fois la d\u00e9monstration de la puissance extraordinaire que le sport peut avoir. Vous n\u2019aurez pas d\u2019acteurs du monde qui saluera la situation dans laquelle on se trouve. Tous les acteurs sont mobilis\u00e9s pour faire bouger les lignes et faire entendre leur voix.\u00a0\u00bb<\/p>\n<p class=\"mb-4 text-lg md:leading-8 break-words\">Micha\u00ebl Aloisio est aussi revenu sur <a href=\"https:\/\/rmc.bfmtv.com\/actualites\/economie\/les-jeux-de-paris-ont-coute-pres-de-six-milliards-d-euros-d-argent-public-selon-la-cour-des-comptes_AN-202506230550.html\" rel=\"nofollow noopener\" target=\"_blank\" data-ylk=\"slk:le r\u00e9cent rapport de la Cour des comptes;elm:context_link;itc:0;sec:content-canvas\" class=\"link \">le r\u00e9cent rapport de la Cour des comptes<\/a>, estimant \u00e0 6 milliards d\u2019euros les co\u00fbts publics g\u00e9n\u00e9r\u00e9s par les JO 2024. \u00ab\u00a0Il faut mettre ce travail en perspective par rapport \u00e0 l\u2019impact \u00e9conomique des Jeux qui est chiffr\u00e9 entre 7 et 11 milliards d\u2019euros\u00a0\u00bb, se d\u00e9fend-il. \u00ab\u00a0C\u2019est important d\u2019avoir des d\u00e9penses publiques engag\u00e9es mais surtout pour quelles raisons et quel est le b\u00e9n\u00e9fice attendu. C\u2019est important de voir ce qu\u2019il y a en face de ces investissements et de ne pas juste balancer le chiffre de mani\u00e8re globale sur le co\u00fbt des Jeux. Au-del\u00e0 de \u00e7a, ils int\u00e8grent des choses qui d\u00e9passent le co\u00fbt des Jeux. La Cour des Comptes met dans le co\u00fbt des Jeux la pr\u00e9paration des athl\u00e8tes mais on pr\u00e9pare les athl\u00e8tes pour toutes les \u00e9ditions. Il aurait \u00e9t\u00e9 int\u00e9ressant de cibler le co\u00fbt additionnel des Jeux de Paris 2024.\u00a0\u00bb<\/p>\n<p class=\"mb-4 text-lg md:leading-8 break-words\"><a href=\"https:\/\/rmcsport.bfmtv.com\/jeux-olympiques\/on-regrette-ce-chemin-qu-on-prend-la-desillusion-des-organisateurs-des-jo-de-paris-2024-un-an-apres-leur-enorme-succes_AV-202507250165.html#xtor=AL-68\" rel=\"nofollow noopener\" target=\"_blank\" data-ylk=\"slk:Article original publi\u00e9 sur RMC Sport;elm:context_link;itc:0;sec:content-canvas\" class=\"link \">Article original publi\u00e9 sur RMC Sport<\/a><\/p>\n","protected":false},"excerpt":{"rendered":"Paris s\u2019appr\u00eate \u00e0 f\u00eater, samedi, le premier anniversaire de sa majestueuse c\u00e9r\u00e9monie d\u2019ouverture des Jeux olympiques 2024 sur&hellip;\n","protected":false},"author":2,"featured_media":272318,"comment_status":"","ping_status":"","sticky":false,"template":"","format":"standard","meta":{"footnotes":""},"categories":[1888],"tags":[1111,1928,11,1927,14332,1777,674,1011,27,8972,4252,12,1926,626,1925,20659,25],"class_list":{"0":"post-272317","1":"post","2":"type-post","3":"status-publish","4":"format-standard","5":"has-post-thumbnail","7":"category-paris","8":"tag-actu","9":"tag-actu-paris","10":"tag-actualites","11":"tag-actualites-paris","12":"tag-ceremonie-douverture","13":"tag-eu","14":"tag-europe","15":"tag-fr","16":"tag-france","17":"tag-milliards-deuros","18":"tag-ministre-des-sports","19":"tag-news","20":"tag-news-paris","21":"tag-paris","22":"tag-paris-news","23":"tag-rapport-de-la-cour-des-comptes","24":"tag-republique-francaise"},"share_on_mastodon":{"url":"https:\/\/pubeurope.com\/@fr\/114912854394978770","error":""},"_links":{"self":[{"href":"https:\/\/www.europesays.com\/fr\/wp-json\/wp\/v2\/posts\/272317","targetHints":{"allow":["GET"]}}],"collection":[{"href":"https:\/\/www.europesays.com\/fr\/wp-json\/wp\/v2\/posts"}],"about":[{"href":"https:\/\/www.europesays.com\/fr\/wp-json\/wp\/v2\/types\/post"}],"author":[{"embeddable":true,"href":"https:\/\/www.europesays.com\/fr\/wp-json\/wp\/v2\/users\/2"}],"replies":[{"embeddable":true,"href":"https:\/\/www.europesays.com\/fr\/wp-json\/wp\/v2\/comments?post=272317"}],"version-history":[{"count":0,"href":"https:\/\/www.europesays.com\/fr\/wp-json\/wp\/v2\/posts\/272317\/revisions"}],"wp:featuredmedia":[{"embeddable":true,"href":"https:\/\/www.europesays.com\/fr\/wp-json\/wp\/v2\/media\/272318"}],"wp:attachment":[{"href":"https:\/\/www.europesays.com\/fr\/wp-json\/wp\/v2\/media?parent=272317"}],"wp:term":[{"taxonomy":"category","embeddable":true,"href":"https:\/\/www.europesays.com\/fr\/wp-json\/wp\/v2\/categories?post=272317"},{"taxonomy":"post_tag","embeddable":true,"href":"https:\/\/www.europesays.com\/fr\/wp-json\/wp\/v2\/tags?post=272317"}],"curies":[{"name":"wp","href":"https:\/\/api.w.org\/{rel}","templated":true}]}}