{"id":272330,"date":"2025-07-25T08:15:17","date_gmt":"2025-07-25T08:15:17","guid":{"rendered":"https:\/\/www.europesays.com\/fr\/272330\/"},"modified":"2025-07-25T08:15:17","modified_gmt":"2025-07-25T08:15:17","slug":"lallemagne-poursuit-deux-activistes-kurdes-%f0%9f%94%b4-info-libertaire","status":"publish","type":"post","link":"https:\/\/www.europesays.com\/fr\/272330\/","title":{"rendered":"L\u2019Allemagne poursuit deux activistes kurdes \u2013 \ud83d\udd34 Info Libertaire"},"content":{"rendered":"<p><img decoding=\"async\" src=\"\" style=\"width:1px;height:1px;display:none!important\" class=\"ff-og-image-inserted lazy\" data-pagespeed-url-hash=\"2295055879\" onload=\"pagespeed.CriticalImages.checkImageForCriticality(this);\"\/><\/p>\n<p>ALLEMAGNE \u2013 Les autorit\u00e9s allemandes poursuivent la pers\u00e9cution des activistes kurdes d\u2019Allemagne alors que l\u2019\u00c9tat turc est en pourparlers de paix avec la gu\u00e9rilla kurde. Duex militants kurdes viennent d\u2019\u00eatre inculp\u00e9s pour \u00ab activit\u00e9s organisationnelles, financi\u00e8res et de propagande \u00bb\u00a0au profit du PKK.<\/p>\n<p>Le parquet de Hambourg a inculp\u00e9 deux militants kurdes d\u2019appartenance pr\u00e9sum\u00e9e au PKK. Les chefs d\u2019accusation retenus contre ces deux personnes \u00e2g\u00e9es de 63 et 64 ans sont \u00ab\u00a0activit\u00e9s organisationnelles, financi\u00e8res et de propagande\u00a0\u00bb.<\/p>\n<p><\/p>\n<p>Le parquet de Hambourg a port\u00e9 plainte contre deux Kurdes devant le tribunal r\u00e9gional sup\u00e9rieur hans\u00e9atique (OLG). Les deux militants sont accus\u00e9s d\u2019appartenance \u00e0 une organisation \u00ab terroriste \u00bb \u00e0 l\u2019\u00e9tranger, en vertu des articles 129a et 129b \u2013 d\u00e9signant le Parti des travailleurs du Kurdistan (PKK) \u2013, comme l\u2019a annonc\u00e9 mardi le parquet.<\/p>\n<p>Selon les informations de l\u2019Office central pour la protection de la Constitution, les deux Kurdes, \u00e2g\u00e9s de 63 et 64 ans, auraient soutenu les activit\u00e9s du PKK dans le Schleswig-Holstein et le Mecklembourg-Pom\u00e9ranie occidentale de 2020 au 12 mars 2025. L\u2019accent \u00e9tait mis sur des \u00ab questions organisationnelles, financi\u00e8res et de propagande \u00bb, en particulier la participation \u00e0 des campagnes de collecte de fonds, selon le communiqu\u00e9.<\/p>\n<p>Selon l\u2019acte d\u2019accusation, le militant de 63 ans serait responsable de dons d\u2019un montant total de 178\u00a0000 \u20ac entre mi-2024 et mars 2025. De plus, il aurait particip\u00e9 \u00e0 des r\u00e9unions internes du \u00ab\u00a0Secteur Nord du PKK\u00a0\u00bb en tant que \u00ab\u00a0chef de la zone PKK de Kiel\u00a0\u00bb \u00e0 partir de septembre 2024. Il est en d\u00e9tention depuis son arrestation le 12 mars.<\/p>\n<p>L\u2019autre militant, de son \u00e2ge, est accus\u00e9 d\u2019avoir accept\u00e9 des dons d\u2019un montant total de 3 000 \u20ac en 2024 et d\u2019avoir conserv\u00e9 87 550 \u20ac suppl\u00e9mentaires dans son appartement pr\u00e8s de L\u00fcbeck jusqu\u2019en mars 2025. De plus, l\u2019homme de 64 ans est accus\u00e9 d\u2019avoir coorganis\u00e9 plusieurs \u00ab\u00a0\u00e9v\u00e9nements de propagande\u00a0\u00bb, selon le parquet de Hambourg. Aucune d\u00e9cision n\u2019a encore \u00e9t\u00e9 prise quant \u00e0 la poursuite des poursuites contre les deux a\u00een\u00e9s.<\/p>\n<p><strong>Des perquisitions bas\u00e9es sur une d\u00e9cision du tribunal r\u00e9gional sup\u00e9rieur de Hambourg<\/strong><\/p>\n<p>Aux premi\u00e8res heures du 12 mars, d\u2019importantes mesures polici\u00e8res ont \u00e9t\u00e9 prises contre des militants et des associations kurdes \u00e0 Kiel et L\u00fcbeck, sur d\u00e9cision du tribunal r\u00e9gional sup\u00e9rieur de Hambourg. Avec la participation d\u2019unit\u00e9s sp\u00e9ciales et de chiens renifleurs, des appartements priv\u00e9s des deux villes et le centre communautaire kurde de Kiel ont \u00e9t\u00e9 perquisitionn\u00e9s. La F\u00e9d\u00e9ration des communaut\u00e9s du Kurdistan d\u2019Allemagne du Nord (FED-DEM) a condamn\u00e9 cette action, la qualifiant d\u2019\u00ab attaque massive \u00bb et de \u00ab nouvelle escalade dans la r\u00e9pression contre le mouvement kurde en Allemagne \u00bb.<\/p>\n<p><strong>La police a remplac\u00e9 les serrures des portes de l\u2019association kurde<\/strong><\/p>\n<p>La police a p\u00e9n\u00e9tr\u00e9 de force dans les appartements, confisqu\u00e9 des effets personnels tels que des t\u00e9l\u00e9phones portables et des documents, et laiss\u00e9 les lieux en d\u00e9sordre. Selon la FED-DEM, il \u00e9tait particuli\u00e8rement alarmant que la police soit entr\u00e9e dans le centre communautaire kurde en l\u2019absence des membres de l\u2019association et ait remplac\u00e9 toutes les serrures des portes \u2013 une action que l\u2019organisation-cadre a consid\u00e9r\u00e9e comme une intimidation d\u00e9lib\u00e9r\u00e9e. Ces perquisitions s\u2019inscrivaient dans une strat\u00e9gie de longue date visant \u00e0 criminaliser le mouvement kurde en Allemagne et \u00e0 r\u00e9primer ses activit\u00e9s politiques et culturelles l\u00e9gitimes.<\/p>\n<p><strong>Raids quelques jours seulement apr\u00e8s le cessez-le-feu<\/strong><\/p>\n<p>Le moment choisi pour ces raids est \u00e9galement remarquable : le PKK avait annonc\u00e9 un cessez-le-feu quelques jours plus t\u00f4t, initiant ainsi un nouveau processus de paix avec l\u2019\u00c9tat turc et son repr\u00e9sentant Abdullah \u00d6calan. \u00ab Au lieu de soutenir cette initiative, l\u2019\u00c9tat allemand poursuit sa politique anti-kurde contre les Kurdes et sa r\u00e9pression des militants kurdes \u00bb, a d\u00e9clar\u00e9 la FED-DEM. Entre-temps, le PKK a officiellement dissous ses structures et d\u00e9clar\u00e9 la fin de la lutte arm\u00e9e. (ANF)<\/p>\n<p><br clear=\"both\"\/><\/p>\n<p><\/p>\n<p><strong>Source:<\/strong> <a href=\"https:\/\/kurdistan-au-feminin.fr\/2025\/07\/24\/lallemagne-poursuit-deux-activistes-kurdes\/\" target=\"_blank\" rel=\"nofollow noopener\">Kurdistan-au-feminin.fr<\/a><br \/><\/p>\n","protected":false},"excerpt":{"rendered":"ALLEMAGNE \u2013 Les autorit\u00e9s allemandes poursuivent la pers\u00e9cution des activistes kurdes d\u2019Allemagne alors que l\u2019\u00c9tat turc est en&hellip;\n","protected":false},"author":2,"featured_media":272331,"comment_status":"","ping_status":"","sticky":false,"template":"","format":"standard","meta":{"footnotes":""},"categories":[1587],"tags":[11,672,1804,1805,1803,1777,674,1801,12,1802],"class_list":{"0":"post-272330","1":"post","2":"type-post","3":"status-publish","4":"format-standard","5":"has-post-thumbnail","7":"category-allemagne","8":"tag-actualites","9":"tag-allemagne","10":"tag-bundesrepublik-deutschland","11":"tag-de","12":"tag-deutschland","13":"tag-eu","14":"tag-europe","15":"tag-germany","16":"tag-news","17":"tag-republique-federale-dallemagne"},"share_on_mastodon":{"url":"https:\/\/pubeurope.com\/@fr\/114912881829319646","error":""},"_links":{"self":[{"href":"https:\/\/www.europesays.com\/fr\/wp-json\/wp\/v2\/posts\/272330","targetHints":{"allow":["GET"]}}],"collection":[{"href":"https:\/\/www.europesays.com\/fr\/wp-json\/wp\/v2\/posts"}],"about":[{"href":"https:\/\/www.europesays.com\/fr\/wp-json\/wp\/v2\/types\/post"}],"author":[{"embeddable":true,"href":"https:\/\/www.europesays.com\/fr\/wp-json\/wp\/v2\/users\/2"}],"replies":[{"embeddable":true,"href":"https:\/\/www.europesays.com\/fr\/wp-json\/wp\/v2\/comments?post=272330"}],"version-history":[{"count":0,"href":"https:\/\/www.europesays.com\/fr\/wp-json\/wp\/v2\/posts\/272330\/revisions"}],"wp:featuredmedia":[{"embeddable":true,"href":"https:\/\/www.europesays.com\/fr\/wp-json\/wp\/v2\/media\/272331"}],"wp:attachment":[{"href":"https:\/\/www.europesays.com\/fr\/wp-json\/wp\/v2\/media?parent=272330"}],"wp:term":[{"taxonomy":"category","embeddable":true,"href":"https:\/\/www.europesays.com\/fr\/wp-json\/wp\/v2\/categories?post=272330"},{"taxonomy":"post_tag","embeddable":true,"href":"https:\/\/www.europesays.com\/fr\/wp-json\/wp\/v2\/tags?post=272330"}],"curies":[{"name":"wp","href":"https:\/\/api.w.org\/{rel}","templated":true}]}}