{"id":272334,"date":"2025-07-25T08:17:10","date_gmt":"2025-07-25T08:17:10","guid":{"rendered":"https:\/\/www.europesays.com\/fr\/272334\/"},"modified":"2025-07-25T08:17:10","modified_gmt":"2025-07-25T08:17:10","slug":"on-a-eu-beaucoup-de-bons-retours-de-gens-et-de-journalistes-qui-ne-viennent-pas-forcement-du-jazz-de-passage-a-saint-paul-de-vence-la-revelation-gabi-hartmann-savoure-son-succes","status":"publish","type":"post","link":"https:\/\/www.europesays.com\/fr\/272334\/","title":{"rendered":"\u00ab\u00a0On a eu beaucoup de bons retours, de gens et de journalistes qui ne viennent pas forc\u00e9ment du jazz\u00a0\u00bb: de passage \u00e0 Saint-Paul de Vence, la r\u00e9v\u00e9lation Gabi Hartmann savoure son succ\u00e8s"},"content":{"rendered":"<p>La premi\u00e8re fois qu\u2019on avait rencontr\u00e9 Gabi Hartmann, c\u2019\u00e9tait en 2023, pour les Nuits Dime On du Cap Estel, \u00e0 Eze. Le lieu, paradisiaque, \u00e9tait travers\u00e9 par un vent \u00e0 d\u00e9corner les b\u0153ufs. \u00c0 Saint-Paul-de-Vence, deux ans plus tard, \u00e7a soufflait encore tr\u00e8s fort \u00e0 l\u2019heure de notre rendez-vous avec la chanteuse, juste avant son concert au Festival de Saint-Paul. La trentenaire, elle, n\u2019est pas du genre \u00e0 jouer les tornades, pr\u00e9f\u00e9rant le souffle chaud de la bossa-nova ou d\u2019autres rythmiques suaves entendues lors de ses p\u00e9r\u00e9grinations entre le Br\u00e9sil, l\u2019Afrique du Sud, la Guin\u00e9e ou le Portugal.<\/p>\n<p>Son premier album, Gabi Hartmann, lui avait permis d\u2019atteindre la t\u00eate des ventes en France dans la cat\u00e9gorie jazz. Si elle ne renie pas cette influence, celle qui a autrefois assur\u00e9 les premi\u00e8res parties de Jamie Cullum ou Melody Gardot se laisse volontiers voguer vers d\u2019autres horizons, plus pop, folk ou soul.<\/p>\n<p>Sur La Femme aux yeux de sel, son deuxi\u00e8me disque sorti en mars, Gabi Hartmann d\u00e9roule une sorte de conte, o\u00f9 la douceur du timbre tranche parfois avec des paroles plus engag\u00e9es, de la part d\u2019une femme ayant \u00e9tudi\u00e9 les sciences politiques et la philosophie, qui avait organis\u00e9 des concerts pour les r\u00e9fugi\u00e9s de la \u00ab\u00a0jungle\u00a0\u00bb de Calais il y a une dizaine d\u2019ann\u00e9es.<\/p>\n<p><strong>Comment est construit votre album?<\/strong><\/p>\n<p>On peut dire que l\u2019album est d\u00e9coup\u00e9 en trois chapitres. Le premier chapitre c\u2019est l\u2019innocence, la joie, la d\u00e9couverte. Le deuxi\u00e8me, c\u2019est la tristesse, la m\u00e9lancolie, l\u2019ind\u00e9cision. Et le troisi\u00e8me c\u2019est l\u2019apaisement, la renaissance. Mon but, c\u2019\u00e9tait qu\u2019\u00e0 l\u2019int\u00e9rieur de chaque morceau, il y ait des \u00e9tapes qui me fassent grandir. Le personnage s\u2019appelle Salinda, mais c\u2019est un peu moi finalement, qui grandis et me transforme.<\/p>\n<p><strong>Arrive-t-il que des auditeurs passent \u00e0 c\u00f4t\u00e9 de la port\u00e9e plus politique de certains morceaux comme Le Lever du soleil, qui \u00e9voque la mont\u00e9e du fascisme?<\/strong><\/p>\n<p>Je pense, oui. Je n\u2019impose pas le sens, je laisse un peu ce double champ d\u2019\u00e9coute aux gens. Certains peuvent appr\u00e9cier les sonorit\u00e9s, ressentir des \u00e9motions au travers d\u2019elles. Et d\u2019autres vont peut-\u00eatre plus s\u2019arr\u00eater sur les paroles. J\u2019ai besoin d\u2019\u00eatre une artiste qui vit dans son temps et il y a des choses qui m\u2019affectent. On vit dans un monde de plus en plus inqui\u00e9tant, avec de plus en plus de conflits, de guerres. Je me sens inqui\u00e8te, et cela influe forc\u00e9ment ma mani\u00e8re d\u2019\u00e9crire ou de composer.<\/p>\n<p><strong>Avez-vous ressenti la fameuse pression du deuxi\u00e8me album?<\/strong><\/p>\n<p>On m\u2019avait dit que c\u2019\u00e9tait difficile, qu\u2019il allait falloir redoubler d\u2019efforts, qu\u2019on m\u2019attendrait peut-\u00eatre au tournant, aussi. Mais on a eu beaucoup de bons retours, de gens et de journalistes qui ne viennent pas forc\u00e9ment du jazz. Cela m\u2019a donn\u00e9 beaucoup de courage et d\u2019envie de continuer. Tout comme le fait d\u2019\u00eatre retenue parmi les dix finalistes du Prix Jos\u00e9phine des artistes [une r\u00e9compense qui salue des jeunes talents pour leur qualit\u00e9 et leur audace, sans consid\u00e9ration de genre musical ni de notori\u00e9t\u00e9, verdict final le 30 septembre, ndlr].<\/p>\n<p><strong>Apr\u00e8s le fran\u00e7ais, l\u2019anglais et le portugais, vous chantez en espagnol&#8230;<\/strong><\/p>\n<p>Oui, parce que je me suis de plus en plus int\u00e9ress\u00e9e \u00e0 la musique d\u2019Am\u00e9rique du Sud, au-del\u00e0 de la musique br\u00e9silienne qui m\u2019a captiv\u00e9e quand je vivais l\u00e0-bas. R\u00e9cemment, j\u2019ai eu un coup de c\u0153ur pour des sonorit\u00e9s argentines et mexicaines. J\u2019ai voulu rendre hommage \u00e0 l\u2019Argentine Mercedes Sosa en reprenant La Pome\u00f1a.<\/p>\n<p><strong>Sur Lakutshon\u2019 ilanga, vous passez m\u00eame au xhosa, une langue bantoue parl\u00e9e en Afrique du Sud, pour saluer la chanteuse Miriam Makeba. Que vous inspire-t-elle?<\/strong><\/p>\n<p>Cette chanson, c\u2019est quelque chose que j\u2019ai voulu ressortir de mon pass\u00e9, quand j\u2019\u00e9tudiais l\u2019ethnomusicologie et que j\u2019avais un cours de chant sud-africain. Miriam Makeba, je trouve qu\u2019elle m\u00e9rite sans doute plus d\u2019hommages. Elle est partie en exil tr\u00e8s t\u00f4t, elle avait fait un premier album o\u00f9 elle critiquait beaucoup la situation de l\u2019Apartheid. En plus d\u2019\u00eatre une grande chanteuse, c\u2019\u00e9tait aussi une grande actrice.<\/p>\n<p>            Encore trois soir\u00e9es \u00e0 Saint-Paul<\/p>\n<p>Ce vendredi \u00e0 la Fondation CAB, rencontre entre la viole de gambe de Valentin Tournet et les platines de Djedjotronic. Samedi, duo de pianistes de haut vol avec Beatrice Rana et Massimo Spada, place de la Courtine. Et dimanche, au m\u00eame endroit, le violoniste Renaud Capu\u00e7on et le pianiste Guillaume Bellom. Rens. <a href=\"http:\/\/festivalsaintpauldevence.com\" target=\"_blank\" rel=\"noopener nofollow\">festivalsaintpauldevence.com<\/a><\/p>\n","protected":false},"excerpt":{"rendered":"La premi\u00e8re fois qu\u2019on avait rencontr\u00e9 Gabi Hartmann, c\u2019\u00e9tait en 2023, pour les Nuits Dime On du Cap&hellip;\n","protected":false},"author":2,"featured_media":272335,"comment_status":"","ping_status":"","sticky":false,"template":"","format":"standard","meta":{"footnotes":""},"categories":[1586],"tags":[11,251,1777,674,1779,1011,27,873,12,25,1778,364],"class_list":{"0":"post-272334","1":"post","2":"type-post","3":"status-publish","4":"format-standard","5":"has-post-thumbnail","7":"category-europe","8":"tag-actualites","9":"tag-culture","10":"tag-eu","11":"tag-europe","12":"tag-european-union","13":"tag-fr","14":"tag-france","15":"tag-musique","16":"tag-news","17":"tag-republique-francaise","18":"tag-ue","19":"tag-union-europeenne"},"share_on_mastodon":{"url":"https:\/\/pubeurope.com\/@fr\/114912889635576714","error":""},"_links":{"self":[{"href":"https:\/\/www.europesays.com\/fr\/wp-json\/wp\/v2\/posts\/272334","targetHints":{"allow":["GET"]}}],"collection":[{"href":"https:\/\/www.europesays.com\/fr\/wp-json\/wp\/v2\/posts"}],"about":[{"href":"https:\/\/www.europesays.com\/fr\/wp-json\/wp\/v2\/types\/post"}],"author":[{"embeddable":true,"href":"https:\/\/www.europesays.com\/fr\/wp-json\/wp\/v2\/users\/2"}],"replies":[{"embeddable":true,"href":"https:\/\/www.europesays.com\/fr\/wp-json\/wp\/v2\/comments?post=272334"}],"version-history":[{"count":0,"href":"https:\/\/www.europesays.com\/fr\/wp-json\/wp\/v2\/posts\/272334\/revisions"}],"wp:featuredmedia":[{"embeddable":true,"href":"https:\/\/www.europesays.com\/fr\/wp-json\/wp\/v2\/media\/272335"}],"wp:attachment":[{"href":"https:\/\/www.europesays.com\/fr\/wp-json\/wp\/v2\/media?parent=272334"}],"wp:term":[{"taxonomy":"category","embeddable":true,"href":"https:\/\/www.europesays.com\/fr\/wp-json\/wp\/v2\/categories?post=272334"},{"taxonomy":"post_tag","embeddable":true,"href":"https:\/\/www.europesays.com\/fr\/wp-json\/wp\/v2\/tags?post=272334"}],"curies":[{"name":"wp","href":"https:\/\/api.w.org\/{rel}","templated":true}]}}