{"id":272337,"date":"2025-07-25T08:19:13","date_gmt":"2025-07-25T08:19:13","guid":{"rendered":"https:\/\/www.europesays.com\/fr\/272337\/"},"modified":"2025-07-25T08:19:13","modified_gmt":"2025-07-25T08:19:13","slug":"christian-prudhomme-explique-sur-rtl-pourquoi-la-19e-etape-a-ete-raccourcie","status":"publish","type":"post","link":"https:\/\/www.europesays.com\/fr\/272337\/","title":{"rendered":"Christian Prudhomme explique sur RTL pourquoi la 19e \u00e9tape a \u00e9t\u00e9 raccourcie"},"content":{"rendered":"<p class=\"article-p mdl\">Apr\u00e8s l&rsquo;\u00e9tape reine \u00e0 Courchevel, il ne reste que trois jours avant la conclusion du Tour de France 2025 ! Cependant, le parcours de la 19\u1d49 \u00e9tape, pr\u00e9vue le vendredi 25 juillet entre Albertville et La Plagne, a \u00e9t\u00e9 modifi\u00e9. Cette d\u00e9cision a \u00e9t\u00e9 prise pour pr\u00e9venir la propagation d&rsquo;une dermatose nodulaire contagieuse, une maladie qui touche les troupeaux de bovins et peut n\u00e9cessiter leur abattage. Christian Prudhomme, directeur du Tour de France, a expliqu\u00e9 sur RTL les raisons de cette modification, d\u00e9clarant : \u00ab\u00a0Nous n&rsquo;avons pas voulu prendre le moindre risque\u00a0\u00bb.<\/p>\n<p class=\"article-p mdl\">Le parcours devait faire 129,9 kilom\u00e8tres, mais il en fera<strong> 34 de moins. <\/strong>Les cyclistes ne passeront pas par le col des Saisies. La dermatose nodulaire contagieuse,<a class=\"link\" href=\"https:\/\/www.rtl.fr\/actu\/sante\/dermatose-environ-200-tonnes-de-fromages-de-savoie-bloquees-en-attente-d-un-feu-vert-sanitaire-7900525410\" title=\"Dermatose : &quot;environ 200 tonnes&quot; de fromages de Savoie bloqu\u00e9es en attente d&#039;un feu vert sanitaire\" target=\"_blank\" rel=\"noopener\"> une maladie bovine,<\/a>\u00a0touche les fermes qui sont situ\u00e9es \u00e0 c\u00f4t\u00e9 du parcours initial.\u00a0<\/p>\n<p class=\"article-p mdl\">\u00ab\u00a0Les agriculteurs, les \u00e9leveurs ont souhait\u00e9 que nous puissions changer. Nous l\u2019avons fait en accord avec les autorit\u00e9s, <strong>pour \u00e9viter que cette maladie se propage<\/strong> un peu plus loin dans d\u2019autres vall\u00e9es\u00a0\u00bb, explique le directeur de la Grande Boucle au micro de RTL.<\/p>\n<p class=\"article-p mdl\">Cette maladie passe \u00ab\u00a0par les mouches, par les taons. Elle aurait tr\u00e8s bien pu rentrer dans des voitures d\u2019organisations, de journalistes, se balader et ressortir 50 kilom\u00e8tres plus loin. Nous n\u2019avons \u00e9videmment pas voulu prendre le moindre risque. Surtout face \u00e0 <strong>des \u00e9leveurs qui sont encore sous le choc <\/strong>puisque de nombreux<a class=\"link\" href=\"https:\/\/www.rtl.fr\/actu\/debats-societe\/un-coup-de-poignard-un-eleveur-de-savoie-finalement-contraint-d-abattre-son-troupeau-apres-un-cas-de-dermatose-nodulaire-7900525098\" title=\"&quot;Un coup de poignard&quot; : un \u00e9leveur de Savoie finalement contraint d&#039;abattre son troupeau apr\u00e8s un cas de dermatose nodulaire\" target=\"_blank\" rel=\"noopener\"> troupeaux ont \u00e9t\u00e9 abattus<\/a>\u00a0et vont l\u2019\u00eatre encore\u00a0\u00bb, ajoute-t-il.<\/p>\n<p>    La r\u00e9daction vous recommande<\/p>\n<p class=\"s-newsletter__title\">\n                L\u2019actualit\u00e9 par la r\u00e9daction de RTL dans votre bo\u00eete mail.\n            <\/p>\n<p class=\"s-newsletter__subtitle\">\n                Gr\u00e2ce \u00e0 votre compte RTL abonnez-vous \u00e0 la newsletter RTL info pour suivre toute l&rsquo;actualit\u00e9 au quotidien\n            <\/p>\n<p>\n                                    Lire la suite\n                                <\/p>\n","protected":false},"excerpt":{"rendered":"Apr\u00e8s l&rsquo;\u00e9tape reine \u00e0 Courchevel, il ne reste que trois jours avant la conclusion du Tour de France&hellip;\n","protected":false},"author":2,"featured_media":272338,"comment_status":"","ping_status":"","sticky":false,"template":"","format":"standard","meta":{"footnotes":""},"categories":[2],"tags":[11,107,2619,1011,27,24999,12,362,360,25,210,208],"class_list":{"0":"post-272337","1":"post","2":"type-post","3":"status-publish","4":"format-standard","5":"has-post-thumbnail","7":"category-actualites","8":"tag-actualites","9":"tag-fil-info","10":"tag-fil-sport","11":"tag-fr","12":"tag-france","13":"tag-linvite-de-rtl","14":"tag-news","15":"tag-replay","16":"tag-replay-integral","17":"tag-republique-francaise","18":"tag-tour-de-france","19":"tag-velo"},"share_on_mastodon":{"url":"https:\/\/pubeurope.com\/@fr\/114912897491244112","error":""},"_links":{"self":[{"href":"https:\/\/www.europesays.com\/fr\/wp-json\/wp\/v2\/posts\/272337","targetHints":{"allow":["GET"]}}],"collection":[{"href":"https:\/\/www.europesays.com\/fr\/wp-json\/wp\/v2\/posts"}],"about":[{"href":"https:\/\/www.europesays.com\/fr\/wp-json\/wp\/v2\/types\/post"}],"author":[{"embeddable":true,"href":"https:\/\/www.europesays.com\/fr\/wp-json\/wp\/v2\/users\/2"}],"replies":[{"embeddable":true,"href":"https:\/\/www.europesays.com\/fr\/wp-json\/wp\/v2\/comments?post=272337"}],"version-history":[{"count":0,"href":"https:\/\/www.europesays.com\/fr\/wp-json\/wp\/v2\/posts\/272337\/revisions"}],"wp:featuredmedia":[{"embeddable":true,"href":"https:\/\/www.europesays.com\/fr\/wp-json\/wp\/v2\/media\/272338"}],"wp:attachment":[{"href":"https:\/\/www.europesays.com\/fr\/wp-json\/wp\/v2\/media?parent=272337"}],"wp:term":[{"taxonomy":"category","embeddable":true,"href":"https:\/\/www.europesays.com\/fr\/wp-json\/wp\/v2\/categories?post=272337"},{"taxonomy":"post_tag","embeddable":true,"href":"https:\/\/www.europesays.com\/fr\/wp-json\/wp\/v2\/tags?post=272337"}],"curies":[{"name":"wp","href":"https:\/\/api.w.org\/{rel}","templated":true}]}}