{"id":27234,"date":"2025-04-15T18:47:17","date_gmt":"2025-04-15T18:47:17","guid":{"rendered":"https:\/\/www.europesays.com\/fr\/27234\/"},"modified":"2025-04-15T18:47:17","modified_gmt":"2025-04-15T18:47:17","slug":"grenoble-une-visite-du-garage-helicoidal-le-vendredi-18-avril","status":"publish","type":"post","link":"https:\/\/www.europesays.com\/fr\/27234\/","title":{"rendered":"Grenoble. Une visite du garage h\u00e9lico\u00efdal le vendredi 18\u00a0avril"},"content":{"rendered":"<p>C\u2019est un des lieux de patrimoine embl\u00e9matiques de Grenoble. Le fameux garage h\u00e9lico\u00efdal t\u00e9moigne de l\u2019esth\u00e9tique et de la modernit\u00e9 de l\u2019Art D\u00e9co. \u00c0 la fin des ann\u00e9es 1920, les g\u00e9om\u00e8tres Noiret et Fumet r\u00e9alisent cet impressionnant b\u00e2timent en b\u00e9ton arm\u00e9 r\u00e9pondant au besoin devenu crucial de places de parking. Une visite aura lieu le vendredi 18\u00a0avril.<\/p>\n<p class=\"note\">Vendredi 18\u00a0avril de 12\u00a0h\u00a015 \u00e0 13\u00a0h\u00a015, au garage h\u00e9lico\u00efdal. Tarif\u00a0: 6\u00a0\u20ac. T\u00e9l.\u00a004\u00a076\u00a042\u00a041\u00a041.<\/p>\n","protected":false},"excerpt":{"rendered":"C\u2019est un des lieux de patrimoine embl\u00e9matiques de Grenoble. Le fameux garage h\u00e9lico\u00efdal t\u00e9moigne de l\u2019esth\u00e9tique et de&hellip;\n","protected":false},"author":2,"featured_media":27235,"comment_status":"","ping_status":"","sticky":false,"template":"","format":"standard","meta":{"footnotes":""},"categories":[9566],"tags":[1111,11,2430,1687,112,1777,674,1011,27,2731,2732,108,12,25,3140],"class_list":{"0":"post-27234","1":"post","2":"type-post","3":"status-publish","4":"format-standard","5":"has-post-thumbnail","7":"category-grenoble","8":"tag-actu","9":"tag-actualites","10":"tag-auvergne-rhone-alpes","11":"tag-culture-loisirs","12":"tag-edition-grenoble-agglomeration","13":"tag-eu","14":"tag-europe","15":"tag-fr","16":"tag-france","17":"tag-grenoble","18":"tag-grenoble-bassin","19":"tag-isere","20":"tag-news","21":"tag-republique-francaise","22":"tag-spectacle"},"share_on_mastodon":{"url":"https:\/\/pubeurope.com\/@fr\/114343473532046967","error":""},"_links":{"self":[{"href":"https:\/\/www.europesays.com\/fr\/wp-json\/wp\/v2\/posts\/27234","targetHints":{"allow":["GET"]}}],"collection":[{"href":"https:\/\/www.europesays.com\/fr\/wp-json\/wp\/v2\/posts"}],"about":[{"href":"https:\/\/www.europesays.com\/fr\/wp-json\/wp\/v2\/types\/post"}],"author":[{"embeddable":true,"href":"https:\/\/www.europesays.com\/fr\/wp-json\/wp\/v2\/users\/2"}],"replies":[{"embeddable":true,"href":"https:\/\/www.europesays.com\/fr\/wp-json\/wp\/v2\/comments?post=27234"}],"version-history":[{"count":0,"href":"https:\/\/www.europesays.com\/fr\/wp-json\/wp\/v2\/posts\/27234\/revisions"}],"wp:featuredmedia":[{"embeddable":true,"href":"https:\/\/www.europesays.com\/fr\/wp-json\/wp\/v2\/media\/27235"}],"wp:attachment":[{"href":"https:\/\/www.europesays.com\/fr\/wp-json\/wp\/v2\/media?parent=27234"}],"wp:term":[{"taxonomy":"category","embeddable":true,"href":"https:\/\/www.europesays.com\/fr\/wp-json\/wp\/v2\/categories?post=27234"},{"taxonomy":"post_tag","embeddable":true,"href":"https:\/\/www.europesays.com\/fr\/wp-json\/wp\/v2\/tags?post=27234"}],"curies":[{"name":"wp","href":"https:\/\/api.w.org\/{rel}","templated":true}]}}