{"id":272341,"date":"2025-07-25T08:21:23","date_gmt":"2025-07-25T08:21:23","guid":{"rendered":"https:\/\/www.europesays.com\/fr\/272341\/"},"modified":"2025-07-25T08:21:23","modified_gmt":"2025-07-25T08:21:23","slug":"le-suisse-mauro-gilardi-simpose-pour-la-premiere-fois-sur-le-pro-golf-tour","status":"publish","type":"post","link":"https:\/\/www.europesays.com\/fr\/272341\/","title":{"rendered":"Le Suisse Mauro Gilardi s&rsquo;impose pour la premi\u00e8re fois sur le Pro Golf Tour"},"content":{"rendered":"<p>\t\t\t\t\t\t<img width=\"770\" height=\"513\" src=\"https:\/\/www.europesays.com\/fr\/wp-content\/uploads\/2025\/07\/r3-pgt-thecuber-25img_4699-770x513.jpg\" class=\"img-responsive wp-post-image\" alt=\"Mauro Gilardi vainqueur pour la premi\u00e8re fois sur le ProGolf Tour en Allemagne.\" decoding=\"async\" fetchpriority=\"high\"  \/>\t\t\t\t\t<\/p>\n<p>\t\t\t\t\t\t Partager cet article <\/p>\n<p class=\"screen-reader-text juiz_sps_maybe_hidden_text\">Partager la publication \u00ab\u00a0Le Suisse Mauro Gilardi s\u2019impose pour la premi\u00e8re fois sur le Pro Golf Tour\u00a0\u00bb<\/p>\n<p><strong>Dans des conditions orageuses, le Suisse de 25 ans Mauro Gilardi s\u2019est impos\u00e9 au Cuber Open, organis\u00e9 sur le parcours de l\u2019\u00d6schberghof \u00e0 Donaueschingen, dans le Land du Bad-Wurtemberg (Allemagne). Il devance le N\u00e9erlandais Lars van der Vight, leader apr\u00e8s deux tours. Le Fran\u00e7ais Cl\u00e9ment Guichard termine quatri\u00e8me ex aequo.\u00a0<\/strong><\/p>\n<p>\t\t\t\t<img loading=\"lazy\" decoding=\"async\" src=\"data:image\/svg+xml,%3Csvg%20xmlns=\" http:=\"\" attributionsrc=\"\" border=\"0\" height=\"1\" width=\"1\" alt=\"Advertisement\" data-lazy-src=\"https:\/\/www.europesays.com\/fr\/wp-content\/uploads\/2025\/06\/B33661776.421948095;dc_trk_aid=614321628;dc_trk_cid=235413172;ord=[timestamp];dc_lat=;dc_rdid=;tag_f.gif\"\/><\/p>\n<p>\t\t\t\t\t<a id=\"174697\" href=\"https:\/\/ad.doubleclick.net\/ddm\/trackclk\/N6600.3770024GOLFPLANATE\/B33661776.421948095;dc_trk_aid=614321628;dc_trk_cid=235413172;dc_lat=;dc_rdid=;tag_for_child_directed_treatment=;tfua=;gdpr=${GDPR};gdpr_consent=${GDPR_CONSENT_755};ltd=;dc_tdv=1\" target=\"_blank\" rel=\"sponsorised nofollow noopener\"><img decoding=\"async\" src=\"data:image\/svg+xml,%3Csvg%20xmlns=\" http:=\"\" class=\"img-responsive\" alt=\"\" data-lazy-src=\"https:\/\/www.europesays.com\/fr\/wp-content\/uploads\/2025\/06\/amundi-e01-retraite-2506-1170x275-1.jpg\"\/><\/a><\/p>\n<p><strong>H.D.<\/strong><\/p>\n<p>Le N\u00e9erlandais<strong> Lars van der Vight<\/strong> \u00e9tait bien parti pour remporter un deuxi\u00e8me titre sur le<strong> Pro Golf Tour<\/strong>, apr\u00e8s le <strong>Zala Springs Open<\/strong> en Hongrie au mois de mars. Le dauphin du Tch\u00e8que <strong>Filip Mruzek<\/strong> \u00e0 l\u2019ordre du m\u00e9rite avait pris les commandes d\u00e8s le mardi avec un 61 (-10) inaugural sur l\u2019\u00d6schberghof \u00e0 Donaueschingen (ouest de l\u2019Allemagne). Il avait enchain\u00e9 avec un 63 pour prendre trois coups d\u2019avance sur un duo compos\u00e9 du Suisse <strong>Mauro Gilardi\u00a0<\/strong>et de l\u2019Allemand <strong>Philipp<\/strong> <strong>Macionga.\u00a0<\/strong><\/p>\n<p><a href=\"https:\/\/www.progolftour.de\/livescoring-en\" rel=\"nofollow noopener\" target=\"_blank\">Retrouvez le leaderboard complet<\/a><\/p>\n<p>Au cours d\u2019une derni\u00e8re journ\u00e9e perturb\u00e9e par la pluie, et m\u00eame interrompue par un orage durant une heure, le Suisse de 25 ans a finalement combl\u00e9 son retard. Trois birdies sur l\u2019aller pour revenir \u00e0 deux coups avant d\u2019acc\u00e9l\u00e9rer sur le retour et de profiter des rares efforts de son adversaire direct : des birdies aux trous 9, 10 et 12 puis trois nouveaux du 14 au 16, tandis\u00a0 que <strong>Lars van der Vight <\/strong>commettait des bogeys au 13 et au 16, stagnant \u00e0 -3 journ\u00e9e.<\/p>\n<p>Le Suisse a fait preuve de r\u00e9gularit\u00e9 cette semaine avec un seul bogey, sur le 14 le deuxi\u00e8me jour, signant des cartes de 63, 64 et 63. C\u2019est son premier Top 10 de la saison en onze tournois et apr\u00e8s trois cuts manqu\u00e9s. Il se repositionne 8e au g\u00e9n\u00e9ral, qui n\u2019offre que cinq places pour <strong>l\u2019HotelPlanner Tour<\/strong>.<\/p>\n<p>\t\t\t\t\t<a id=\"178032\" href=\"https:\/\/www.golfy.fr\/landing\/golf-planete-decouvrez-les-golfs-collections-du-reseau-golfy?utm_source=golf_planete&amp;utm_medium=display&amp;utm_campaign=golfs_collection_2025\" target=\"_blank\" rel=\"sponsorised nofollow noopener\"><img decoding=\"async\" src=\"data:image\/svg+xml,%3Csvg%20xmlns=\" http:=\"\" class=\"img-responsive\" alt=\"\" data-lazy-src=\"https:\/\/www.europesays.com\/fr\/wp-content\/uploads\/2025\/06\/golfy-e06-golfs-collection-france-ete-1170x275-1.jpg\"\/><\/a><br \/>\nCl\u00e9ment Guichard manque l\u2019emballage final<\/p>\n<p>Un s\u00e9same que convoite, et pour le moment d\u00e9tient, le Fran\u00e7ais <strong><a href=\"https:\/\/www.golfplanete.com\/tag\/clement-guichard\/\" rel=\"nofollow noopener\" target=\"_blank\">Cl\u00e9ment Guichard<\/a><\/strong>. Il n\u2019a pas pu se m\u00ealer \u00e0 la lutte finale, la faute \u00e0 une derni\u00e8re carte dans le par apr\u00e8s des bogeys au 17 et sur le 18, un trou qu\u2019il n\u2019aura jamais dompt\u00e9 cette semaine. Il finit cinqui\u00e8me ex aequo avec l\u2019Allemand <strong>L\u00e9on Breimer<\/strong> et conforte sa troisi\u00e8me place \u00e0 l\u2019ordre du m\u00e9rite, \u00e0 plus de 3 000 points de Lars van der Vight.<\/p>\n<p>Egalement dans le top 10 cette semaine, neuvi\u00e8me ex aequo, <strong>Maxime Goupy<\/strong> franchissait le cut pour la premi\u00e8re fois de la saison. <strong>Mathias Gunzel<\/strong> et <strong>Antoine Pouguet<\/strong> terminent 15e et 18e. Ils sont suivis par <strong>Hugo Amsallem<\/strong> et <strong>Louis Joubin<\/strong> au 23e rang.<\/p>\n<p><strong>Louis Bonte<\/strong> (29e), <strong>Cl\u00e9ment Heurtin<\/strong> (34e), <strong>Arthur Michaux<\/strong> (36e) et <strong>Alexandre d\u2019Aurelles de Paladines<\/strong> (41e) avaient \u00e9galement franchi le cut.<\/p>\n<p>Prochain rendez-vous sur le ProGolf Tour d\u00e8s ce lundi 28 juillet au <strong>Golf &amp; Country Club de Bonmont<\/strong>, en Suisse.\u00a0<\/p>\n<p>\t\t\t\t\t<a id=\"180479\" href=\"https:\/\/www.swing.fr\/voyage\/35-14eme-edition-des-doubles-gosset-by-beachcomber\" target=\"_blank\" rel=\"sponsorised nofollow noopener\"><img decoding=\"async\" src=\"data:image\/svg+xml,%3Csvg%20xmlns=\" http:=\"\" class=\"img-responsive\" alt=\"\" data-lazy-src=\"https:\/\/www.europesays.com\/fr\/wp-content\/uploads\/2025\/07\/beachcomber-e01-doubles-gosset-26-1170x275-1.jpg\"\/><\/a><br \/>\nLe Top 10<\/p>\n<p>\t\t\t\t\t<a id=\"180488\" href=\"https:\/\/golfplus.fr\/\" target=\"_blank\" rel=\"sponsorised nofollow noopener\"><img decoding=\"async\" src=\"data:image\/svg+xml,%3Csvg%20xmlns=\" http:=\"\" class=\"img-responsive\" alt=\"\" data-lazy-src=\"https:\/\/www.europesays.com\/fr\/wp-content\/uploads\/2025\/07\/golfplus-e19-livraison-lieu-vacances-1170x275-1.jpg\"\/><\/a><\/p>\n<p><img loading=\"lazy\" decoding=\"async\" class=\"alignnone wp-image-180788 size-large\" src=\"data:image\/svg+xml,%3Csvg%20xmlns=\" http:=\"\" alt=\"\" width=\"770\" height=\"554\" data-lazy- data-lazy- data-lazy-src=\"https:\/\/www.europesays.com\/fr\/wp-content\/uploads\/2025\/07\/capture1pgt-770x554.jpg\"\/><\/p>\n<p>\t\t\t\t\t<a id=\"172342\" href=\"https:\/\/www.resonance.golf\/fr\/nos-offres\/passeport-evasion\/?utm_source=golfplanet&amp;utm_medium=web&amp;utm_campaign=PASSEPORTEVASION\" target=\"_blank\" rel=\"sponsorised nofollow noopener\"><img decoding=\"async\" src=\"data:image\/svg+xml,%3Csvg%20xmlns=\" http:=\"\" class=\"img-responsive\" alt=\"\" data-lazy-src=\"https:\/\/www.europesays.com\/fr\/wp-content\/uploads\/2025\/05\/resonance-e03-passeport-evasion-1170x275-1.gif\"\/><\/a><\/p>\n<p>Photo : Pro Golf Tour<\/p>\n<p>\t\t\t\t\t<a id=\"179385\" href=\"https:\/\/tickets.europeantour.com\/eut\/#\/c6906933-bb43-434b-a22d-0ae172a572d4\/shop\/custom-pack?fac=EUT&amp;locale=fr&amp;skin=pgaetodf&amp;utm_campaign=ODF&amp;utm_content=Ticketing&amp;utm_medium=Web&amp;utm_source=Partner&amp;utm_term=PavonGolfPlanete\" target=\"_blank\" rel=\"sponsorised nofollow noopener\"><img decoding=\"async\" src=\"data:image\/svg+xml,%3Csvg%20xmlns=\" http:=\"\" class=\"img-responsive\" alt=\"\" data-lazy-src=\"https:\/\/www.europesays.com\/fr\/wp-content\/uploads\/2025\/07\/opendefrance-e03-plateau-1407-1170x275-1.jpg\"\/><\/a><\/p>\n","protected":false},"excerpt":{"rendered":"Partager cet article Partager la publication \u00ab\u00a0Le Suisse Mauro Gilardi s\u2019impose pour la premi\u00e8re fois sur le Pro&hellip;\n","protected":false},"author":2,"featured_media":272342,"comment_status":"","ping_status":"","sticky":false,"template":"","format":"standard","meta":{"footnotes":""},"categories":[1418],"tags":[1011,27,1472,60],"class_list":{"0":"post-272341","1":"post","2":"type-post","3":"status-publish","4":"format-standard","5":"has-post-thumbnail","7":"category-golf","8":"tag-fr","9":"tag-france","10":"tag-golf","11":"tag-sports"},"share_on_mastodon":{"url":"https:\/\/pubeurope.com\/@fr\/114912905291945799","error":""},"_links":{"self":[{"href":"https:\/\/www.europesays.com\/fr\/wp-json\/wp\/v2\/posts\/272341","targetHints":{"allow":["GET"]}}],"collection":[{"href":"https:\/\/www.europesays.com\/fr\/wp-json\/wp\/v2\/posts"}],"about":[{"href":"https:\/\/www.europesays.com\/fr\/wp-json\/wp\/v2\/types\/post"}],"author":[{"embeddable":true,"href":"https:\/\/www.europesays.com\/fr\/wp-json\/wp\/v2\/users\/2"}],"replies":[{"embeddable":true,"href":"https:\/\/www.europesays.com\/fr\/wp-json\/wp\/v2\/comments?post=272341"}],"version-history":[{"count":0,"href":"https:\/\/www.europesays.com\/fr\/wp-json\/wp\/v2\/posts\/272341\/revisions"}],"wp:featuredmedia":[{"embeddable":true,"href":"https:\/\/www.europesays.com\/fr\/wp-json\/wp\/v2\/media\/272342"}],"wp:attachment":[{"href":"https:\/\/www.europesays.com\/fr\/wp-json\/wp\/v2\/media?parent=272341"}],"wp:term":[{"taxonomy":"category","embeddable":true,"href":"https:\/\/www.europesays.com\/fr\/wp-json\/wp\/v2\/categories?post=272341"},{"taxonomy":"post_tag","embeddable":true,"href":"https:\/\/www.europesays.com\/fr\/wp-json\/wp\/v2\/tags?post=272341"}],"curies":[{"name":"wp","href":"https:\/\/api.w.org\/{rel}","templated":true}]}}