{"id":272343,"date":"2025-07-25T08:23:09","date_gmt":"2025-07-25T08:23:09","guid":{"rendered":"https:\/\/www.europesays.com\/fr\/272343\/"},"modified":"2025-07-25T08:23:09","modified_gmt":"2025-07-25T08:23:09","slug":"vrdr-huit-recrues-des-incertitudes-et-un-groupe-a-decouvrir-cet-apres-midi-a-romans","status":"publish","type":"post","link":"https:\/\/www.europesays.com\/fr\/272343\/","title":{"rendered":"VRDR\u00a0: huit recrues, des incertitudes et un groupe \u00e0 d\u00e9couvrir cet apr\u00e8s-midi \u00e0 Romans"},"content":{"rendered":"<p>Le Valence-Romans Dr\u00f4me Rugby lance v\u00e9ritablement sa saison ce vendredi avec un premier match amical entre l\u2019\u00e9quipe premi\u00e8re et les espoirs du club. L\u2019occasion pour les quelques supporters les plus motiv\u00e9s de d\u00e9couvrir les nouvelles t\u00eates d\u2019un effectif largement remani\u00e9 \u00e0 l\u2019intersaison.<\/p>\n<p>Apr\u00e8s une reprise de l\u2019entra\u00eenement le 1er juillet, c\u2019est l\u2019heure du premier test pour les Damiers. Ce vendredi \u00e0 15h30, le stade Donnadieu de Romans accueille une rencontre amicale entre les pros et les espoirs du VRDR. Un match sans enjeu, mais un moment important pour jauger la condition physique des joueurs et <strong>faire connaissance avec les recrues.<\/strong><\/p>\n<p>Huit arriv\u00e9es\u2026 et des absences<\/p>\n<p><strong>Ils sont huit \u00e0 avoir rejoint les rangs<\/strong> dr\u00f4mois cet \u00e9t\u00e9, pour compenser notamment les quinze d\u00e9parts enregistr\u00e9s en fin de saison. Parmi eux, des profils d\u2019exp\u00e9rience, comme Hugo Fabr\u00e8gue (32 ans, deuxi\u00e8me ligne, ex-Oyonnax), ou Tom Ross (27 ans, pilier droit australien, pass\u00e9 par le Super Rugby). \u00c0 l\u2019autre bout de la pyramide des \u00e2ges, des jeunes prometteurs comme Sacha Idoumi (22 ans, talonneur, ex-La Rochelle et Nice) ou Louis Chanet (22 ans aussi, pr\u00eat\u00e9 par Castres).<\/p>\n<p>Le club a aussi renforc\u00e9 ses ailes avec deux ailiers\u00a0: le Fidjien Osea Waqaninavatou, tr\u00e8s en vue avec Tarbes, et <strong>Calum Randle, Franco-Britannique<\/strong> form\u00e9 \u00e0 Montpellier, pass\u00e9 par le rugby \u00e0 7 avec l\u2019\u00e9quipe d\u2019Angleterre. En troisi\u00e8me ligne, deux recrues \u00e9galement\u00a0: le N\u00e9o-Z\u00e9landais Izzy Moore-Aiono, international samoan, et Louis Suaud, solide cadre du Stade Ni\u00e7ois ces derni\u00e8res saisons.<\/p>\n<p>Un effectif r\u00e9duit et des d\u00e9cisions \u00e0 venir<\/p>\n<p>Si ces renforts donnent un nouveau souffle au groupe, le staff doit encore faire face \u00e0 <strong>plusieurs incertitudes<\/strong>. Le talonneur Issam Hamel, arriv\u00e9 en provenance de Brive, s\u2019est bless\u00e9 avec la s\u00e9lection alg\u00e9rienne et pourrait manquer plusieurs mois de comp\u00e9tition. Une r\u00e9flexion est en cours pour recruter un joker m\u00e9dical \u00e0 son poste. Autre point noir\u00a0: la blessure du centre Anatole Pauvert, touch\u00e9 gravement lors du dernier match de la saison derni\u00e8re \u00e0 Pompidou. Il ne devrait pas reprendre avant fin 2025. L\u00e0 aussi, le staff pourrait chercher une doublure.<\/p>\n<p>Une rentr\u00e9e sous le signe de la coh\u00e9sion<\/p>\n<p>Pas de grand stage collectif cette saison, mais plusieurs <strong>journ\u00e9es de coh\u00e9sion<\/strong> ont d\u00e9j\u00e0 eu lieu, comme une immersion avec le 1er r\u00e9giment de Spahis ou une sortie karting. On a appris que les joueurs avaient tr\u00e8s vite organis\u00e9 la premi\u00e8re soir\u00e9e entre eux, dans les toutes premi\u00e8res semaines de pr\u00e9paration, un bon signe de l&rsquo;esprit du groupe.<\/p>\n<p>Dans le staff aussi, des renforts\u00a0: Romain Terrain, en provenance de Tarbes, a \u00e9t\u00e9 <strong>nomm\u00e9 entra\u00eeneur des avants<\/strong>, et Jonathan Wisniewski, ancien international, prend un r\u00f4le de directeur sportif fra\u00eechement cr\u00e9\u00e9. Le coach Fabien Fortassin affiche des ambitions claires\u00a0: apr\u00e8s une 8e place historique l\u2019an dernier, le VRDR veut cette fois \u00ab\u00a0regarder vers le haut\u00a0\u00bb.<\/p>\n<p>Prochains matchs amicaux du VRDR\u00a0:\u00a0<br \/>&#8211; 14 ao\u00fbt\u00a0: r\u00e9ception de Provence Rugby \u00e0 La Voulte<br \/>&#8211; Fin ao\u00fbt\u00a0: second match amical avant la reprise du championnat de Pro D2<\/p>\n","protected":false},"excerpt":{"rendered":"Le Valence-Romans Dr\u00f4me Rugby lance v\u00e9ritablement sa saison ce vendredi avec un premier match amical entre l\u2019\u00e9quipe premi\u00e8re&hellip;\n","protected":false},"author":2,"featured_media":272344,"comment_status":"","ping_status":"","sticky":false,"template":"","format":"standard","meta":{"footnotes":""},"categories":[1416],"tags":[1011,27,479,1468,60],"class_list":{"0":"post-272343","1":"post","2":"type-post","3":"status-publish","4":"format-standard","5":"has-post-thumbnail","7":"category-rugby","8":"tag-fr","9":"tag-france","10":"tag-rugby","11":"tag-rugby-football","12":"tag-sports"},"share_on_mastodon":{"url":"https:\/\/pubeurope.com\/@fr\/114912913242807815","error":""},"_links":{"self":[{"href":"https:\/\/www.europesays.com\/fr\/wp-json\/wp\/v2\/posts\/272343","targetHints":{"allow":["GET"]}}],"collection":[{"href":"https:\/\/www.europesays.com\/fr\/wp-json\/wp\/v2\/posts"}],"about":[{"href":"https:\/\/www.europesays.com\/fr\/wp-json\/wp\/v2\/types\/post"}],"author":[{"embeddable":true,"href":"https:\/\/www.europesays.com\/fr\/wp-json\/wp\/v2\/users\/2"}],"replies":[{"embeddable":true,"href":"https:\/\/www.europesays.com\/fr\/wp-json\/wp\/v2\/comments?post=272343"}],"version-history":[{"count":0,"href":"https:\/\/www.europesays.com\/fr\/wp-json\/wp\/v2\/posts\/272343\/revisions"}],"wp:featuredmedia":[{"embeddable":true,"href":"https:\/\/www.europesays.com\/fr\/wp-json\/wp\/v2\/media\/272344"}],"wp:attachment":[{"href":"https:\/\/www.europesays.com\/fr\/wp-json\/wp\/v2\/media?parent=272343"}],"wp:term":[{"taxonomy":"category","embeddable":true,"href":"https:\/\/www.europesays.com\/fr\/wp-json\/wp\/v2\/categories?post=272343"},{"taxonomy":"post_tag","embeddable":true,"href":"https:\/\/www.europesays.com\/fr\/wp-json\/wp\/v2\/tags?post=272343"}],"curies":[{"name":"wp","href":"https:\/\/api.w.org\/{rel}","templated":true}]}}