{"id":272345,"date":"2025-07-25T08:24:08","date_gmt":"2025-07-25T08:24:08","guid":{"rendered":"https:\/\/www.europesays.com\/fr\/272345\/"},"modified":"2025-07-25T08:24:08","modified_gmt":"2025-07-25T08:24:08","slug":"atp-ivanisevic-ecarte-par-tsitsipas-reste-un-seigneur-honnetement-je-suis-convaincu-que-la-seule-personne-capable-de-lentrainer-cest-son-pere-we-love-tennis","status":"publish","type":"post","link":"https:\/\/www.europesays.com\/fr\/272345\/","title":{"rendered":"ATP &gt; Ivanisevic, \u00e9cart\u00e9 par Tsitsipas, reste un seigneur : &quot;Honn\u00eatement, je suis convaincu que la seule personne capable de l\u2019entra\u00eener, c\u2019est son p\u00e8re&quot; &#8211; We Love Tennis"},"content":{"rendered":"<ol>\n<li><a href=\"https:\/\/news.google.com\/rss\/articles\/CBMi_gFBVV95cUxOUUdPTVg5QjBiNzhPT0o1VWFwWEFpS1V5NF9QNkdVamg2YTBCVU9iTWN5OXVhWG9XRXN4c1pLQ1dXWmV3djVvY0xBWWZOUURSYUwzM2tNX2ZzQWxKc2RpN1V6SE5INjZWc2RkT29nRU5XRmsxWWMwX1ZEVFdOMlhFUllsUDZjLWtpcVFIOW5IV1JuUlZEbHYyV1NJdC1MSVpqU3JROXJxb3J6TzZ5UjhTbGtQUDJRamV0cWVDLURXblEwNW5WdlY3V2p3THQxQ3VlQjVxQ09KRjJNVThlOXh3ZmViMmRYNWstQ2pMZ3RTRUotWG5CMUVaaWRNdWwwQQ?oc=5\" target=\"_blank\" rel=\"nofollow noopener\">ATP &gt; Ivanisevic, \u00e9cart\u00e9 par Tsitsipas, reste un seigneur : \u00ab\u00a0Honn\u00eatement, je suis convaincu que la seule personne capable de l\u2019entra\u00eener, c\u2019est son p\u00e8re\u00a0\u00bb<\/a>&nbsp;&nbsp;We Love Tennis<\/li>\n<li><a href=\"https:\/\/news.google.com\/rss\/articles\/CBMi2gFBVV95cUxPVjdROFlmcW9rOTZHaEpQcG9DZURiNENPYmVVRWhKdkFMQVRDeE5Wa1NfZU9pcHo0YWNqSGNkVHZ3TUZJMHVZV3VyWUFpcXo3QUV0eW9OM242Q1NuVGRnZWlLZzJKd0tIeVh5NHI1eFlacHVCcWllanBwVnEweU1UYzNrRnlpbnkxa3VDckZTQk1qZjVmbjRuVDE3bWZmVzhXRHo5Uk5SZWhCQklWSWxuZF90NGNyVHdRUVBsbUU0Q3dYa1d4OVl0dWZkQUk2MjlWVVdtZGpZdFN2UQ?oc=5\" target=\"_blank\" rel=\"nofollow noopener\">\u00ab\u00a0Je ne l&rsquo;ai pas insult\u00e9\u00a0\u00bb : Ivanisevic embraye sur Tsitsipas<\/a>&nbsp;&nbsp;Eurosport<\/li>\n<li><a href=\"https:\/\/news.google.com\/rss\/articles\/CBMipAFBVV95cUxNZE9xSFZxWGxRbEtWOC04Z1lROEJvbkdldmxxVk5JR1Q4RkV2U0hDQjdnUXdoRThaaFZJLW5LMHhCR25BR29yd3lZRXRUMk5KT2RGZ3BDMDZhRmdTdVgzTGVWdmktZ1VjZXlDRXhDVzlzNEJaQzZJZjR1MzdxWTMyVlpNLTJuVmxkcU8wc2MtVlc4NDRnZXhlbTIxNDItcUJyRTlRRNIBowFBVV95cUxNaVFCQ3lYS3Z0VVB3ZDltM2l2ajkyb0NTZVFJZk4xMVJpbDlBUmNzSFNDMmktV185a2tUb2tldWd1ZjhmeW44Mm9rWlJ0aVZDQkFOMWdUalRXT1VSaTFwYk1NckVHdXlVeTRTMUM3bDBVVGJieDV3eVcydDNEdGtxM3B4bVg3VUJJZXd3bjZ3UlI5WnVJVlphcHVHSjlkRXA1bVB3?oc=5\" target=\"_blank\" rel=\"nofollow noopener\">ATP : Tsitsipas et Ivanisevic, c&rsquo;est fini<\/a>&nbsp;&nbsp;Orange Actualit\u00e9s | Sports<\/li>\n<li><a href=\"https:\/\/news.google.com\/rss\/articles\/CBMixgFBVV95cUxNOFBLdm5CSkNYVFhWem5RWWItNnppZ2d6cWJhZmpuUDg5amJCOEpibG5pdkVqY0p2cUtjOGZJTkZxRV9XazdHY3pRbGM1endZWVhlMm81cGU4QUtUcjh4Vml3blkzTk8tMHpQb2ZCSXdmdHl2LWY0VHlrS1VKc1JMVjFGZnA5Tm5rVHZYVHRDUGE4Zl9URDAwUFdKOUdtMEpROEVXS0dYYlBDY3dSdHdFOEg5Q2dyaTlQaEFhNkliT1l1dXRLbGc?oc=5\" target=\"_blank\" rel=\"nofollow noopener\">Tennis : St\u00e9fanos Tsitsip\u00e1s officialise la fin de sa collaboration avec Ivani\u0161evi\u0107<\/a>&nbsp;&nbsp;Le Figaro<\/li>\n<li><a href=\"https:\/\/news.google.com\/rss\/articles\/CBMijgJBVV95cUxPSXdiektHeEVyOENuVGN4akxnYmRzOGg4b1Zha3c3c2FmVU9LTmU2ZHN5aHMyUlNYNHpuM1RySG5LTEN0ZkxUMS0ybWlBdk04Z1NFUHlfYW80VUV2Qkh6SFZOZnVueS1FOVJtTTVFa0hFc0gtNVRQcXZxRl95Nnlwb1RRVlBHYW83R2hKT1BZWnV5bmJBYkY3NGdpQXhLUEJpbnBHcEZwYkU3QndtQjBwWE5FNEF2cFZ4R2hxMGRMMks4UlJQR28xTW1OdEZaN3FMY2Nvc1RQY3RqQ0RTdE9aMnktZzRfMmJiVk5CUGRZeGs2UEp4MDFBbzdUSlE4SUlTWUt1MGJMaURnRFQ3V0E?oc=5\" target=\"_blank\" rel=\"nofollow noopener\">Tennis. Stefanos Tsitsipas met (d\u00e9j\u00e0) un terme \u00e0 sa collaboration avec Goran Ivanisevic<\/a>&nbsp;&nbsp;Ouest-France<\/li>\n<\/ol>\n","protected":false},"excerpt":{"rendered":"ATP &gt; Ivanisevic, \u00e9cart\u00e9 par Tsitsipas, reste un seigneur : \u00ab\u00a0Honn\u00eatement, je suis convaincu que la seule personne&hellip;\n","protected":false},"author":2,"featured_media":1445,"comment_status":"","ping_status":"","sticky":false,"template":"","format":"standard","meta":{"footnotes":""},"categories":[1415],"tags":[1011,27,60,1467],"class_list":{"0":"post-272345","1":"post","2":"type-post","3":"status-publish","4":"format-standard","5":"has-post-thumbnail","7":"category-tennis","8":"tag-fr","9":"tag-france","10":"tag-sports","11":"tag-tennis"},"share_on_mastodon":{"url":"https:\/\/pubeurope.com\/@fr\/114912917110899158","error":""},"_links":{"self":[{"href":"https:\/\/www.europesays.com\/fr\/wp-json\/wp\/v2\/posts\/272345","targetHints":{"allow":["GET"]}}],"collection":[{"href":"https:\/\/www.europesays.com\/fr\/wp-json\/wp\/v2\/posts"}],"about":[{"href":"https:\/\/www.europesays.com\/fr\/wp-json\/wp\/v2\/types\/post"}],"author":[{"embeddable":true,"href":"https:\/\/www.europesays.com\/fr\/wp-json\/wp\/v2\/users\/2"}],"replies":[{"embeddable":true,"href":"https:\/\/www.europesays.com\/fr\/wp-json\/wp\/v2\/comments?post=272345"}],"version-history":[{"count":0,"href":"https:\/\/www.europesays.com\/fr\/wp-json\/wp\/v2\/posts\/272345\/revisions"}],"wp:featuredmedia":[{"embeddable":true,"href":"https:\/\/www.europesays.com\/fr\/wp-json\/wp\/v2\/media\/1445"}],"wp:attachment":[{"href":"https:\/\/www.europesays.com\/fr\/wp-json\/wp\/v2\/media?parent=272345"}],"wp:term":[{"taxonomy":"category","embeddable":true,"href":"https:\/\/www.europesays.com\/fr\/wp-json\/wp\/v2\/categories?post=272345"},{"taxonomy":"post_tag","embeddable":true,"href":"https:\/\/www.europesays.com\/fr\/wp-json\/wp\/v2\/tags?post=272345"}],"curies":[{"name":"wp","href":"https:\/\/api.w.org\/{rel}","templated":true}]}}