{"id":272355,"date":"2025-07-25T08:31:12","date_gmt":"2025-07-25T08:31:12","guid":{"rendered":"https:\/\/www.europesays.com\/fr\/272355\/"},"modified":"2025-07-25T08:31:12","modified_gmt":"2025-07-25T08:31:12","slug":"une-maison-contemporaine-a-larchitecture-simple-et-vernaculaire-dans-la-campagne-dessaouira","status":"publish","type":"post","link":"https:\/\/www.europesays.com\/fr\/272355\/","title":{"rendered":"Une maison contemporaine \u00e0 l\u2019architecture simple et vernaculaire dans la campagne d\u2019Essaouira"},"content":{"rendered":"<p><strong>Une maison int\u00e9gr\u00e9e \u00e0 son paysage<\/strong><\/p>\n<p>Entre r\u00e9sidence d\u2019artistes et architecture int\u00e9gr\u00e9e, la maison abrite une collection d\u2019art, de design et de livres rares, datant principalement du XXe si\u00e8cle \u00e0 nos jours, illustrant l&rsquo;histoire des multiples \u00e9changes culturels entre l&rsquo;Afrique du Nord et le reste du monde. Nous sommes \u00e0 30 minutes d&rsquo;Essaouira, au <a href=\"https:\/\/www.admagazine.fr\/article\/hotels-maroc-dunes-ocean\" target=\"_blank\" rel=\"noopener\">Maroc<\/a>, sur un terrain de 10 hectares surplombant une vaste zone vallonn\u00e9e et agricole. \u00ab Avec le propri\u00e9taire, nous avons souhait\u00e9 construire cette maison en l&rsquo;int\u00e9grant dans son contexte humain et g\u00e9ographique, confie l\u2019architecte Othmane Bengebara. Une tribu autochtone, les Regraga, f\u00e9d\u00e8re un savoir-faire local, nous nous sommes tr\u00e8s rapidement inscrits dans cette r\u00e9alit\u00e9 en privil\u00e9giant les circuits courts, en travaillant avec des artisans au plus proche du terrain. \u00bb Dans ce territoire porteur d&rsquo;histoire, Othmane Bengebara et le propri\u00e9taire privil\u00e9gient une <a href=\"https:\/\/www.admagazine.fr\/galerie\/maisons-paysage-alberto-ponis-sardaigne\" target=\"_blank\" rel=\"noopener\">architecture de paysage<\/a>, simple et vernaculaire qui se fond dans son environnement. Le plan directeur comprend des espaces de vie, un bar lounge, une salle \u00e0 manger, une cuisine et deux chambres. Son positionnement sur le terrain est \u00e9tudi\u00e9 pour r\u00e9v\u00e9ler les points de vue mais aussi se prot\u00e9ger du soleil et canaliser le vent, qui souffle quasiment toute l&rsquo;ann\u00e9e. \u00ab L\u2019aspect paysager est essentiel, il nous a permis d&rsquo;int\u00e9grer la maison en fonction des tonalit\u00e9s de la terre. Il y a donc une continuit\u00e9 organique entre architecture, paysage et culture constructive locale. Cette coh\u00e9rence, ce sont des choix esth\u00e9tiques mais aussi \u00e9cologiques, culturels, charg\u00e9s de m\u00e9moire. \u00bb<\/p>\n<p>La hauteur sous plafond du salon est impressionnante. Des impostes permettent \u00e0 l&rsquo;air chaud de s&rsquo;\u00e9vacuer dans un cycle de ventilation naturelle selon les principes bioclimatiques. Le salon est organis\u00e9 en conversation pit int\u00e9gr\u00e9 aux coussins habill\u00e9s de tissus clair. Au centre, une table basse Cigogne de Chafik Gasmi, vers 1990 et des tables d&rsquo;appoint de Mathieu Mat\u00e9got, vers 1950. Les suspensions en c\u00e9ramique de Sammy Bernoussi (Hall Haus) et Abdellah Outghit, command\u00e9es par DDAR, 2024.<\/p>\n<p><strong>Une architecture bioclimatique<\/strong><\/p>\n<p>Le vocabulaire architectural simple et rythm\u00e9 \u00e9voque le Douar, ce petit village marocain rural o\u00f9 rien n&rsquo;est \u00e0 la m\u00eame hauteur, ni \u00e0 la m\u00eame largeur dans une richesse architecturale unique. Dans le m\u00eame ordre d&rsquo;id\u00e9e, la maison est con\u00e7ue avec l&rsquo;aide d&rsquo;ing\u00e9nieurs en <a href=\"https:\/\/www.admagazine.fr\/article\/architecture-durable-enjeux-et-projets\" target=\"_blank\" rel=\"noopener\">bioclimatique<\/a> afin d&rsquo;\u00e9viter le chauffage et la climatisation tout au long de l&rsquo;ann\u00e9e. Elle produit de l&rsquo;\u00e9lectricit\u00e9 solaire et applique une strat\u00e9gie rigoureuse de gestion de l&rsquo;eau. Pour se prot\u00e9ger du vent mais aussi l\u2019accueillir comme un vecteur naturel de fra\u00eecheur, les fen\u00eatres et baies deviennent aussi une solution <a href=\"https:\/\/www.admagazine.fr\/article\/architecture-durable-batiments-respectueux-planete\" target=\"_blank\" rel=\"noopener\">bioclimatique<\/a> pour rafra\u00eechir la maison. Les hauteurs des volumes \u2013 6 m\u00e8tres sous plafond dans le salon \u2013 permettent \u00e0 l&rsquo;air chaud de monter et de s\u2019extraire de la maison par des ouvertures en hauteur qui font prise d&rsquo;air. R\u00e9alis\u00e9es avec un menuisier local \u00e0 moins de 2 km du site, certaines s&rsquo;ouvrent en accord\u00e9on quand d\u2019autres pivotent pour faire passer l&rsquo;air \u00e0 l&rsquo;int\u00e9rieur. c\u2019est ainsi que les ing\u00e9nieurs guident la conception des murs et des volumes, dans une lecture fine des flux d\u2019air chaud et frais.<\/p>\n<p>Une chemin\u00e9e \u00e0 foyer ouvert semble suspendue dans l&rsquo;air. Avec le sunken sofa, elle apporte sa contemporan\u00e9it\u00e9 \u00e0 la maison b\u00e2tie selon une architecture et des savoir-faire ancestraux, \u00e0 l&rsquo;image de ses murs en argile taloch\u00e9e \u00e0 l&rsquo;ext\u00e9rieur comme \u00e0 l&rsquo;int\u00e9rieur. Devant la chemin\u00e9e, un lavabo ancien en c\u00e9ramique de la r\u00e9gion d&rsquo;Essaouira. Au-dessus d&rsquo;une table basse Cigogne de Chafik Gasmi, des suspensions en c\u00e9ramique de Sammy Bernoussi (Hall Haus) et Abdellah Outghit. Au fond, entre les fen\u00eatres, sur une table de Ronald Cecil Sportes pour le Movenpick Hotel Malabata de Tanger, 1997, trois vases (Hall Haus).<\/p>\n<p>Les ouvertures ne manquent pas, y compris en hauteur pour la circulation de l&rsquo;air et un maintien des temp\u00e9ratures acceptables, y compris en \u00e9t\u00e9. Au centre du salon creus\u00e9, une table basse Cigogne de Chafik Gasmi et des tables d&rsquo;appoint de Mathieu Mategot, vers 1950. Suspensions en c\u00e9ramique de Sammy Bernoussi (Hall Haus) et Abdellah Outghit.<\/p>\n<p><strong>L\u2019intelligence de la main<\/strong><\/p>\n<p>Dans cette maison couleur d\u2019argile qui dispara\u00eet dans son <a href=\"https:\/\/www.admagazine.fr\/galerie\/retraite-interieure-exterieure-hawai\" target=\"_blank\" rel=\"noopener\">environnement<\/a>, tout est r\u00e9alis\u00e9 \u00e0 la main : ce sont le geste et les outils qui fa\u00e7onnent l&rsquo;architecture ext\u00e9rieure comme int\u00e9rieure, des fa\u00e7ades en terre aux sols, murs et plafonds int\u00e9rieurs. Le propri\u00e9taire, issu du monde de l&rsquo;art, \u00e9tablit un lien pr\u00e9cieux entre les artistes et les artisans. La maison ayant pour vocation d&rsquo;accueillir une communaut\u00e9 internationale de cr\u00e9ateurs et de cr\u00e9atrices invit\u00e9s \u00e0 dialoguer, sa construction proc\u00e8de du m\u00eame principe. Ainsi, sont convoqu\u00e9s habitants du territoire, porteurs d&rsquo;intelligence de la main afin de r\u00e9activer des savoir-faire traditionnels parfois oubli\u00e9s, notamment dans la cr\u00e9ation d&rsquo;objets ou de mobilier, leur accordant une place centrale dans ce processus de cr\u00e9ation contemporain. Car cette intelligence collective est l\u00e0 pour inventer une mani\u00e8re d&rsquo;habiter qui soit \u00e0 la fois enracin\u00e9e et contemporaine. \u00c0 l\u2019image du salon organis\u00e9 en vaste <a href=\"https:\/\/www.admagazine.fr\/article\/salon-1970-tendance-2025\" target=\"_blank\" rel=\"noopener\">conversation pit<\/a> domin\u00e9 par une chemin\u00e9e \u00e0 foyer ouvert, dans un aller-retour entre les \u00e9poques o\u00f9 tout se r\u00e9pond. Ce vaste espace ouvert central, bien dans notre temps, traduit la volont\u00e9 d\u2019un endroit tout \u00e0 la fois grand et protecteur. \u00ab Lorsque l\u2019on est assis plus bas que le sol, notre regard se cale au niveau du paysage, on est donc beaucoup plus int\u00e9gr\u00e9 dans la nature ext\u00e9rieure. Ce point de vue traduit une appr\u00e9ciation plus jeune et contemporaine de l\u2019architecture patrimoniale. \u00bb<\/p>\n","protected":false},"excerpt":{"rendered":"Une maison int\u00e9gr\u00e9e \u00e0 son paysage Entre r\u00e9sidence d\u2019artistes et architecture int\u00e9gr\u00e9e, la maison abrite une collection d\u2019art,&hellip;\n","protected":false},"author":2,"featured_media":272356,"comment_status":"","ping_status":"","sticky":false,"template":"","format":"standard","meta":{"footnotes":""},"categories":[1358],"tags":[1348,1384,1385,1386,58,59,1011,27,6997,2223],"class_list":{"0":"post-272355","1":"post","2":"type-post","3":"status-publish","4":"format-standard","5":"has-post-thumbnail","7":"category-arts-et-design","8":"tag-arts","9":"tag-arts-and-design","10":"tag-arts-et-design","11":"tag-design","12":"tag-divertissement","13":"tag-entertainment","14":"tag-fr","15":"tag-france","16":"tag-maison-darchitecte","17":"tag-maroc"},"share_on_mastodon":{"url":"https:\/\/pubeurope.com\/@fr\/114912944686171160","error":""},"_links":{"self":[{"href":"https:\/\/www.europesays.com\/fr\/wp-json\/wp\/v2\/posts\/272355","targetHints":{"allow":["GET"]}}],"collection":[{"href":"https:\/\/www.europesays.com\/fr\/wp-json\/wp\/v2\/posts"}],"about":[{"href":"https:\/\/www.europesays.com\/fr\/wp-json\/wp\/v2\/types\/post"}],"author":[{"embeddable":true,"href":"https:\/\/www.europesays.com\/fr\/wp-json\/wp\/v2\/users\/2"}],"replies":[{"embeddable":true,"href":"https:\/\/www.europesays.com\/fr\/wp-json\/wp\/v2\/comments?post=272355"}],"version-history":[{"count":0,"href":"https:\/\/www.europesays.com\/fr\/wp-json\/wp\/v2\/posts\/272355\/revisions"}],"wp:featuredmedia":[{"embeddable":true,"href":"https:\/\/www.europesays.com\/fr\/wp-json\/wp\/v2\/media\/272356"}],"wp:attachment":[{"href":"https:\/\/www.europesays.com\/fr\/wp-json\/wp\/v2\/media?parent=272355"}],"wp:term":[{"taxonomy":"category","embeddable":true,"href":"https:\/\/www.europesays.com\/fr\/wp-json\/wp\/v2\/categories?post=272355"},{"taxonomy":"post_tag","embeddable":true,"href":"https:\/\/www.europesays.com\/fr\/wp-json\/wp\/v2\/tags?post=272355"}],"curies":[{"name":"wp","href":"https:\/\/api.w.org\/{rel}","templated":true}]}}