{"id":272357,"date":"2025-07-25T08:32:13","date_gmt":"2025-07-25T08:32:13","guid":{"rendered":"https:\/\/www.europesays.com\/fr\/272357\/"},"modified":"2025-07-25T08:32:13","modified_gmt":"2025-07-25T08:32:13","slug":"un-patrimoine-republicain-mis-a-lhonneur-remise-du-livre-marianne-du-gard-en-mairie-de-laudun-lardoise","status":"publish","type":"post","link":"https:\/\/www.europesays.com\/fr\/272357\/","title":{"rendered":"Un patrimoine r\u00e9publicain mis \u00e0 l\u2019honneur : remise du livre \u201cMarianne du Gard\u201d en mairie de Laudun-l\u2019Ardoise"},"content":{"rendered":"<p><strong>Ce matin, la mairie de Laudun-l\u2019Ardoise a accueilli une d\u00e9l\u00e9gation de l\u2019Association Marianne de France pour la remise officielle d\u2019un exemplaire de l\u2019ouvrage \u201cMarianne du Gard\u201d, qui recense l\u2019extraordinaire patrimoine r\u00e9publicain du d\u00e9partement.<\/strong><\/p>\n<p>Un inventaire exhaustif du patrimoine r\u00e9publicain gardois<\/p>\n<p>\u201cMarianne du Gard\u201d constitue un v\u00e9ritable tr\u00e9sor documentaire sur les repr\u00e9sentations de la R\u00e9publique dans le d\u00e9partement. Ce travail minutieux recense pas moins de 442 bustes de Marianne pr\u00e9sents dans les mairies gardoises, 12 monuments \u00e9rig\u00e9s en place publique, ainsi que plusieurs dizaines de cr\u00e9ations contemporaines.<\/p>\n<p>Cette exhaustivit\u00e9 t\u00e9moigne de la riche diversit\u00e9 des mod\u00e8les et repr\u00e9sentations r\u00e9publicaines rencontr\u00e9s sur ce territoire du Midi de la France, depuis le milieu du XIXe si\u00e8cle jusqu\u2019\u00e0 nos jours. L\u2019ouvrage permet ainsi de mieux conna\u00eetre et comprendre ce patrimoine r\u00e9publicain unique, tout en retra\u00e7ant son \u00e9volution au fil des si\u00e8cles.<\/p>\n<p>Une remise officielle empreinte de symbole r\u00e9publicain<\/p>\n<p>Yves Cazorla, maire de Laudun-l\u2019Ardoise, a eu le plaisir d\u2019accueillir Philippe P\u00e9cout, pr\u00e9sident de l\u2019Association Marianne de France, accompagn\u00e9 du vice-pr\u00e9sident Olivier Robelet et du secr\u00e9taire R\u00e9mi Fagnon. Cette d\u00e9l\u00e9gation est venue remettre officiellement un exemplaire de cet ouvrage, fruit d\u2019un travail \u00e0 la fois artistique, historique et profond\u00e9ment r\u00e9publicain.<\/p>\n<p>\u201cCe livre prolonge l\u2019exposition exceptionnelle que nous avons eu l\u2019honneur d\u2019accueillir \u00e0 Laudun-l\u2019Ardoise en mai dernier\u201d, a soulign\u00e9 le maire. Cette exposition avait rassembl\u00e9 plus de 80 bustes de Marianne issus de nombreuses communes, plac\u00e9e sous le signe des valeurs fondatrices de notre R\u00e9publique : libert\u00e9, \u00e9galit\u00e9, fraternit\u00e9.<\/p>\n<p>\t\t\t\t\t<a href=\"\" title=\"\"><br \/>\n\t\t\t\t\t\t<img loading=\"lazy\" decoding=\"async\" alt=\"\" width=\"728\" height=\"91\" src=\"https:\/\/www.europesays.com\/fr\/wp-content\/uploads\/2025\/07\/IMG_4629.jpg\" class=\"lazyload\" data-eio-rwidth=\"1920\" data-eio-rheight=\"449\"\/><br \/>\n\t\t\t\t\t<\/a><\/p>\n<p>Une initiative locale qui rayonne au-del\u00e0 des fronti\u00e8res<\/p>\n<p>Philippe P\u00e9cout, pr\u00e9sident de l\u2019association \u201cLes Marianne de France\u201d fond\u00e9e \u00e0 Laudun-l\u2019Ardoise, a toujours manifest\u00e9 un go\u00fbt prononc\u00e9 pour l\u2019histoire. Son engagement pour la sauvegarde et la valorisation de ce patrimoine r\u00e9publicain s\u2019inscrit dans une d\u00e9marche de transmission des valeurs civiques.<\/p>\n<p>La dimension artistique de l\u2019ouvrage n\u2019a pas \u00e9t\u00e9 n\u00e9glig\u00e9e : la couverture a \u00e9t\u00e9 r\u00e9alis\u00e9e par Claudine Robelet, graphiste locale, apportant ainsi une touche d\u2019ancrage territorial \u00e0 cette publication.<\/p>\n<p>Un succ\u00e8s qui t\u00e9moigne de l\u2019attachement aux valeurs r\u00e9publicaines<\/p>\n<p>Le succ\u00e8s rencontr\u00e9 par cet ouvrage est r\u00e9v\u00e9lateur de l\u2019attachement des Gardois \u00e0 leur patrimoine r\u00e9publicain. Pr\u00e8s de 200 exemplaires ont d\u00e9j\u00e0 \u00e9t\u00e9 vendus aupr\u00e8s des collectivit\u00e9s et des particuliers, d\u00e9montrant l\u2019int\u00e9r\u00eat suscit\u00e9 par cette initiative.<\/p>\n<p>La commune de Laudun-l\u2019Ardoise, fi\u00e8re d\u2019avoir soutenu la publication de cet ouvrage, y voit un outil pr\u00e9cieux de transmission des valeurs r\u00e9publicaines et un bel hommage au symbole qu\u2019est Marianne.<\/p>\n<p>Un appel \u00e0 la diffusion du patrimoine r\u00e9publicain<\/p>\n<p>Le maire Yves Cazorla invite l\u2019ensemble des communes du territoire \u00e0 se procurer ce livre remarquable, qui constitue selon lui \u201cun outil pr\u00e9cieux de transmission des valeurs r\u00e9publicaines\u201d. L\u2019ouvrage trouvera toute sa place dans la m\u00e9moire collective gardoise et au-del\u00e0.<\/p>\n<p>Cette initiative illustre parfaitement la mani\u00e8re dont le patrimoine local peut servir de vecteur pour faire vivre les valeurs r\u00e9publicaines qui nous rassemblent. Un symbole fort, un moment de partage, et un engagement renouvel\u00e9 pour la transmission de notre h\u00e9ritage civique.<\/p>\n","protected":false},"excerpt":{"rendered":"Ce matin, la mairie de Laudun-l\u2019Ardoise a accueilli une d\u00e9l\u00e9gation de l\u2019Association Marianne de France pour la remise&hellip;\n","protected":false},"author":2,"featured_media":272358,"comment_status":"","ping_status":"","sticky":false,"template":"","format":"standard","meta":{"footnotes":""},"categories":[1357],"tags":[1379,58,59,1011,27,1380],"class_list":{"0":"post-272357","1":"post","2":"type-post","3":"status-publish","4":"format-standard","5":"has-post-thumbnail","7":"category-livres","8":"tag-books","9":"tag-divertissement","10":"tag-entertainment","11":"tag-fr","12":"tag-france","13":"tag-livres"},"share_on_mastodon":{"url":"https:\/\/pubeurope.com\/@fr\/114912948638358908","error":""},"_links":{"self":[{"href":"https:\/\/www.europesays.com\/fr\/wp-json\/wp\/v2\/posts\/272357","targetHints":{"allow":["GET"]}}],"collection":[{"href":"https:\/\/www.europesays.com\/fr\/wp-json\/wp\/v2\/posts"}],"about":[{"href":"https:\/\/www.europesays.com\/fr\/wp-json\/wp\/v2\/types\/post"}],"author":[{"embeddable":true,"href":"https:\/\/www.europesays.com\/fr\/wp-json\/wp\/v2\/users\/2"}],"replies":[{"embeddable":true,"href":"https:\/\/www.europesays.com\/fr\/wp-json\/wp\/v2\/comments?post=272357"}],"version-history":[{"count":0,"href":"https:\/\/www.europesays.com\/fr\/wp-json\/wp\/v2\/posts\/272357\/revisions"}],"wp:featuredmedia":[{"embeddable":true,"href":"https:\/\/www.europesays.com\/fr\/wp-json\/wp\/v2\/media\/272358"}],"wp:attachment":[{"href":"https:\/\/www.europesays.com\/fr\/wp-json\/wp\/v2\/media?parent=272357"}],"wp:term":[{"taxonomy":"category","embeddable":true,"href":"https:\/\/www.europesays.com\/fr\/wp-json\/wp\/v2\/categories?post=272357"},{"taxonomy":"post_tag","embeddable":true,"href":"https:\/\/www.europesays.com\/fr\/wp-json\/wp\/v2\/tags?post=272357"}],"curies":[{"name":"wp","href":"https:\/\/api.w.org\/{rel}","templated":true}]}}