{"id":272365,"date":"2025-07-25T08:36:10","date_gmt":"2025-07-25T08:36:10","guid":{"rendered":"https:\/\/www.europesays.com\/fr\/272365\/"},"modified":"2025-07-25T08:36:10","modified_gmt":"2025-07-25T08:36:10","slug":"un-espace-calme-pour-les-personnes-autistes-experimente-gare-de-lest","status":"publish","type":"post","link":"https:\/\/www.europesays.com\/fr\/272365\/","title":{"rendered":"un espace calme pour les personnes autistes exp\u00e9riment\u00e9 Gare de l\u2019Est"},"content":{"rendered":"<p>    Johanne et Deborah testent l\u2019espace \u00abcalme\u00bb de la gare de l\u2019Est, un espace exp\u00e9rimental pour jeunes autistes ou atteints de troubles mentaux, qui restera ouvert tout l\u2019\u00e9t\u00e9.<br \/>\n                SEBASTIEN SORIANO \/ Le Figaro<\/p>\n<p><strong>REPORTAGE &#8211; <\/strong>Cet espace, \u00e0 l\u2019abri de l\u2019effervescence de la grande gare parisienne, est \u00e9galement destin\u00e9 aux personnes sujettes aux fortes migraines ou aux crises d\u2019angoisse.<\/p>\n<p class=\"fig-paragraph\">Dans le hall de la\u00a0<a href=\"http:\/\/www.lefigaro.fr\/faits-divers\/paris-ce-que-l-on-sait-de-l-agression-d-un-militaire-sentinelle-a-gare-de-l-est-20240716\" data-fig-type=\"NewsFlash\" data-gtm-custom-categorie=\"navigation\" data-gtm-custom-action=\"crossclick\" data-gtm-custom-label=\"Contextuel\" data-gtm-event=\"customEventSPE\" data-fig-domain=\"LEFIGARO\" target=\"_blank\" rel=\"noopener\">gare de l\u2019Est, \u00e0 Paris<\/a>, les roues des valises poursuivent leur course folle en cadence, au gr\u00e9 du d\u00e9fil\u00e9 des chiffres et des lettres sur les panneaux d\u2019affichages lumineux. Les annonces au haut-parleur s\u2019encha\u00eenent, suscitant parfois des ru\u00e9es, comme des essaims de voyageurs impatients de partir en direction d\u2019une seule et m\u00eame voie. Grisant, pour les Franciliens avides de vacances et d\u2019aventure. \u00c9puisant, stressant et m\u00eame anxiog\u00e8ne pour les personnes atteintes de\u00a0<a href=\"http:\/\/www.lefigaro.fr\/sports\/jeux-olympiques\/le-sport-adapte-aux-handicaps-mentaux-et-psychiques-parent-pauvre-des-jeux-paralympiques-20240827\" data-fig-type=\"Article\" data-gtm-custom-categorie=\"navigation\" data-gtm-custom-action=\"crossclick\" data-gtm-custom-label=\"Contextuel\" data-gtm-event=\"customEventSPE\" data-fig-domain=\"LEFIGARO\" target=\"_blank\" rel=\"noopener\">handicap mental<\/a>\u00a0ou de troubles du neurod\u00e9veloppement comme\u00a0<a href=\"http:\/\/sante.lefigaro.fr\/medecine\/autisme-comment-expliquer-les-differences-de-diagnostic-entre-garcons-et-filles-20250528\" data-fig-type=\"Article\" data-gtm-custom-categorie=\"navigation\" data-gtm-custom-action=\"crossclick\" data-gtm-custom-label=\"Contextuel\" data-gtm-event=\"customEventSPE\" data-fig-domain=\"SANTE\" target=\"_blank\" rel=\"noopener\">l\u2019autisme<\/a>. Depuis mai, un \u00ab\u00a0espace calme\u00a0\u00bb leur est d\u00e9sormais d\u00e9di\u00e9 pour leur permettre de s\u2019apaiser, pr\u00e9venir d\u2019\u00e9ventuelles crises d\u2019angoisse ou reprendre leurs esprits.<\/p>\n<p class=\"fig-paragraph\">\u00ab\u00a0L\u2019espace sera \u00e0 disposition pendant toutes les grandes vacances scolaires, et l\u2019exp\u00e9rimentation doit durer jusqu\u2019\u00e0 l\u2019automne\u00a0\u00bb, indique \u00c9lodie Andriot, experte accessibilit\u00e9 chez SNCF R\u00e9seau. Le gestionnaire d\u2019infrastructures du r\u00e9seau ferr\u00e9 national a mis au point cet espace\u2026<\/p>\n<p class=\"fig-premium-paywall__infos\">\n        Cet article est r\u00e9serv\u00e9 aux abonn\u00e9s.        Il vous reste 84% \u00e0 d\u00e9couvrir.\n    <\/p>\n<p>                <img  data- alt=\"Le Figaro\" class=\"fig-img--complete fig-img\"\/><\/p>\n<p class=\"fig-premium-paywall__title\">Vous avez envie de lire la suite ?<\/p>\n<p class=\"fig-premium-paywall__subtitle\">D\u00e9bloquez tous les articles imm\u00e9diatement.<\/p>\n<p class=\"fig-premium-paywall__connect\">\n                D\u00e9j\u00e0 abonn\u00e9\u00a0?                <a class=\"fig-premium-paywall__connect-link\" href=\"https:\/\/connect.lefigaro.fr\/login?client=sante_web&amp;type=main&amp;redirect_uri=https%3A%2F%2Fsante.lefigaro.fr%2Fsocial%2Fsante-publique%2Fje-me-sens-bien-ici-ca-m-apaise-un-espace-calme-pour-les-personnes-autistes-experimente-gare-de-l-est-20250725\" data-js-gtm=\"{&quot;customCategorie&quot;: &quot;conversion&quot;, &quot;customAction&quot;: &quot;before_Landing_Connexion_paywall_auto&quot;, &quot;customLabel&quot;: &quot;c2FudGUubGVmaWdhcm8uZnJfXzFmMDY4OWM0LTRhMmQtNmE5Mi1hOTRiLTY3NWZiYmRmYjYyZF9fQXJ0aWNsZQ==_\u00abJe me sens bien ici, \u00e7a m\u2019apaise\u00bb: un espace calme pour les personnes autistes exp\u00e9riment\u00e9 Gare de l\u2019Est_277&quot;, &quot;customIDSPE&quot;: &quot;c2FudGUubGVmaWdhcm8uZnJfXzFmMDY4OWM0LTRhMmQtNmE5Mi1hOTRiLTY3NWZiYmRmYjYyZF9fQXJ0aWNsZQ==&quot;, &quot;event&quot;: &quot;customEventSPE&quot;}\" target=\"_blank\" rel=\"noopener\"><br \/>\n                    Connectez-vous<br \/>\n                <\/a>\n            <\/p>\n","protected":false},"excerpt":{"rendered":"Johanne et Deborah testent l\u2019espace \u00abcalme\u00bb de la gare de l\u2019Est, un espace exp\u00e9rimental pour jeunes autistes ou&hellip;\n","protected":false},"author":2,"featured_media":272366,"comment_status":"","ping_status":"","sticky":false,"template":"","format":"standard","meta":{"footnotes":""},"categories":[10],"tags":[41189,8187,1011,27,72,71,12967,41188],"class_list":{"0":"post-272365","1":"post","2":"type-post","3":"status-publish","4":"format-standard","5":"has-post-thumbnail","7":"category-sante","8":"tag-accessibilite-aux-transports-des-personnes-handicapees","9":"tag-autisme","10":"tag-fr","11":"tag-france","12":"tag-health","13":"tag-sante","14":"tag-troubles-cognitifs","15":"tag-troubles-mentaux"},"share_on_mastodon":{"url":"https:\/\/pubeurope.com\/@fr\/114912964327623732","error":""},"_links":{"self":[{"href":"https:\/\/www.europesays.com\/fr\/wp-json\/wp\/v2\/posts\/272365","targetHints":{"allow":["GET"]}}],"collection":[{"href":"https:\/\/www.europesays.com\/fr\/wp-json\/wp\/v2\/posts"}],"about":[{"href":"https:\/\/www.europesays.com\/fr\/wp-json\/wp\/v2\/types\/post"}],"author":[{"embeddable":true,"href":"https:\/\/www.europesays.com\/fr\/wp-json\/wp\/v2\/users\/2"}],"replies":[{"embeddable":true,"href":"https:\/\/www.europesays.com\/fr\/wp-json\/wp\/v2\/comments?post=272365"}],"version-history":[{"count":0,"href":"https:\/\/www.europesays.com\/fr\/wp-json\/wp\/v2\/posts\/272365\/revisions"}],"wp:featuredmedia":[{"embeddable":true,"href":"https:\/\/www.europesays.com\/fr\/wp-json\/wp\/v2\/media\/272366"}],"wp:attachment":[{"href":"https:\/\/www.europesays.com\/fr\/wp-json\/wp\/v2\/media?parent=272365"}],"wp:term":[{"taxonomy":"category","embeddable":true,"href":"https:\/\/www.europesays.com\/fr\/wp-json\/wp\/v2\/categories?post=272365"},{"taxonomy":"post_tag","embeddable":true,"href":"https:\/\/www.europesays.com\/fr\/wp-json\/wp\/v2\/tags?post=272365"}],"curies":[{"name":"wp","href":"https:\/\/api.w.org\/{rel}","templated":true}]}}