{"id":272371,"date":"2025-07-25T08:39:11","date_gmt":"2025-07-25T08:39:11","guid":{"rendered":"https:\/\/www.europesays.com\/fr\/272371\/"},"modified":"2025-07-25T08:39:11","modified_gmt":"2025-07-25T08:39:11","slug":"une-decouverte-scientifique-enorme-un-os-dun-metre-dune-nouvelle-espece-de-dinosaure-repere-en-france","status":"publish","type":"post","link":"https:\/\/www.europesays.com\/fr\/272371\/","title":{"rendered":"\u00ab\u00a0Une d\u00e9couverte scientifique \u00e9norme\u00a0\u00bb\u00a0: un os d&rsquo;un m\u00e8tre d&rsquo;une nouvelle esp\u00e8ce de dinosaure rep\u00e9r\u00e9 en France"},"content":{"rendered":"<p class=\"ap-StoryElement ap-StoryElement--mb ap-StoryText\">Jaun\u00e2tres ou bruns fonc\u00e9 en fonction de leur profondeur, ces vestiges sont exhum\u00e9s par des passionn\u00e9s et des scientifiques \u00e0 genoux dans l&rsquo;argile, sous une large tente blanche les prot\u00e9geant du soleil et de la pluie.<\/p>\n<p class=\"ap-StoryElement ap-StoryElement--mb ap-StoryText\">Ce nouveau dinosaure long de 20 m\u00e8tres, un camarasaurus, sorte de cousin du diplodocus, \u00e9tait \u00ab\u00a0inconnu en Europe occidentale \u00e0 cette p\u00e9riode\u00a0\u00bb jusqu&rsquo;\u00e0 l&rsquo;ann\u00e9e derni\u00e8re, explique Jean-Fran\u00e7ois Tournepiche, pal\u00e9ontologue et ancien conservateur du mus\u00e9e d&rsquo;Angoul\u00eame.<\/p>\n<p><a href=\"https:\/\/www.dhnet.be\/regions\/liege\/2025\/07\/12\/insolite-a-liege-une-sculpture-geante-de-dinosaure-va-surgir-des-eaux-de-la-meuse-dici-2026-FC5GSGJSMJGNPOUPFRXSQQNYUM\/\" target=\"_blank\" rel=\"noopener noreferrer\" class=\"ap-StoryInterstitialLink ap-StoryElement ap-StoryElement--mb\">Insolite \u00e0 Li\u00e8ge : une sculpture g\u00e9ante de dinosaure va surgir des eaux de la Meuse d&rsquo;ici 2026<\/a>Herbivore de 30 tonnes<\/p>\n<p class=\"ap-StoryElement ap-StoryElement--mb ap-StoryText\">Cette \u00ab\u00a0d\u00e9couverte scientifique \u00e9norme\u00a0\u00bb, selon le directeur des fouilles Ronan Allain, permet d&rsquo;interroger le d\u00e9placement de la faune, puisque cet herbivore de 30 tonnes \u00e9tait auparavant seulement connu en Am\u00e9rique du Nord et \u00e0 une p\u00e9riode plus ancienne.<\/p>\n<p class=\"ap-StoryElement ap-StoryElement--mb ap-StoryText\">Ce gisement, \u00ab\u00a0le plus fouill\u00e9 au monde\u00a0\u00bb, garde toujours \u00ab\u00a0un effet pochette surprise\u00a0\u00bb, sourit ce pal\u00e9ontologue au Mus\u00e9um d&rsquo;histoire naturelle de Paris. Cette ann\u00e9e, deux f\u00e9murs du dinosaure sont apparus d\u00e8s l&rsquo;installation de la tente \u00e0 un endroit inattendu.<\/p>\n<p class=\"ap-StoryElement ap-StoryElement--mb ap-StoryText\">C&rsquo;est d\u00e9j\u00e0 la d\u00e9couverte en 2010 d&rsquo;un f\u00e9mur de 2,40 m\u00e8tres d&rsquo;un gigantesque turiasaure, lui aussi de la famille des sauropodes, qui a fait na\u00eetre la r\u00e9putation d&rsquo;Angeac-Charente.<\/p>\n<p class=\"ap-StoryElement ap-StoryElement--mb ap-StoryText\">Joyau de la p\u00e9riode pal\u00e9ontologique du cr\u00e9tac\u00e9 inf\u00e9rieur, le site a d\u00e9j\u00e0 livr\u00e9 plus de 10.000 pi\u00e8ces suffisamment int\u00e9ressantes pour \u00eatre \u00ab\u00a0rentr\u00e9es en inventaire\u00a0\u00bb sur les 1.000 m\u00e8tres carr\u00e9s de carri\u00e8res fouill\u00e9es.<\/p>\n<p class=\"ap-StoryElement ap-StoryElement--mb ap-StoryText\">Il est le t\u00e9moin d&rsquo;un \u00e9cosyst\u00e8me fig\u00e9 \u00e0 \u00ab\u00a0une p\u00e9riode dont on ne conna\u00eet pratiquement rien\u00a0\u00bb, affirme Jean-Fran\u00e7ois Tournepiche.<\/p>\n<p class=\"ap-StoryElement ap-StoryElement--mb ap-StoryText\">Pr\u00e8s de 45 esp\u00e8ces de vert\u00e9br\u00e9s, des crocodiles, tortues, ornithominosaures (dit dinosaure-autruche)\u2026 mais aussi des foug\u00e8res et plantes tropicales cohabitaient dans ce mar\u00e9cage il y a 140\u00a0millions d&rsquo;ann\u00e9es.<\/p>\n<p class=\"ap-StoryElement ap-StoryElement--mb ap-StoryText\">Le camarasaurus serait mort naturellement sur place. Une fois d\u00e9compos\u00e9s, ses ossements ont \u00e9t\u00e9 l\u00e9g\u00e8rement d\u00e9plac\u00e9s par la Charente il y a 100.000 ans.<\/p>\n<p class=\"ap-StoryElement ap-StoryElement--mb ap-StoryText\">Ces os tr\u00e8s bien conserv\u00e9s restent extr\u00eamement fragiles. B\u00e9n\u00e9voles et scientifiques doivent les entourer de cellophane et de papier journal, boucher les cavit\u00e9s avec de l&rsquo;argile et les enfermer dans des coques de pl\u00e2tre arm\u00e9 avant de les extraire. Certains blocs peuvent avoisiner les deux tonnes.<\/p>\n<p class=\"ap-StoryElement ap-StoryElement--mb ap-StoryText\">Les trois semaines de fouilles alimentent ainsi plus d&rsquo;un an de travail en laboratoire, pour \u00ab\u00a0pr\u00e9parer les os\u00a0\u00bb, c&rsquo;est-\u00e0-dire les nettoyer, les consolider et parfois les reconstituer avant de pouvoir les \u00e9tudier. \u00ab\u00a0C&rsquo;est un travail long et minutieux souvent sous-estim\u00e9 sous l&rsquo;effet Jurassic Park\u00a0\u00bb, explique, brosse \u00e0 dents et ossement en main, Dominique Augier, pr\u00e9parateur de fossiles.<\/p>\n<p><a href=\"https:\/\/www.dhnet.be\/medias\/cinema\/2025\/07\/02\/jurassic-world-renaissance-les-dinosaures-ont-fait-leur-temps-PQKCSNS2UBDC3DEZKX4TKYWJBA\/\" target=\"_blank\" rel=\"noopener noreferrer\" class=\"ap-StoryInterstitialLink ap-StoryElement ap-StoryElement--mb\">Jurassic World Renaissance : les dinosaures ont fait leur temps<\/a>Exposition en juin\u00a02026<\/p>\n<p class=\"ap-StoryElement ap-StoryElement--mb ap-StoryText\">Face \u00e0 lui, une trentaine de visiteurs termine la visite du chantier. Au premier rang, No\u00e9 Mign\u00e9, 11 ans, s&rsquo;impressionne de \u00ab\u00a0la taille \u00e9norme des os de sauropode\u00a0\u00bb.<\/p>\n<p class=\"ap-StoryElement ap-StoryElement--mb ap-StoryText\">Il fait partie, avec sa m\u00e8re et sa soeur, des chanceux qui ont pu acc\u00e9der au site. Les deux visites par jour ont \u00e9t\u00e9 \u00ab\u00a0blind\u00e9es\u00a0\u00bb d\u00e8s l&rsquo;ouverture des r\u00e9servations en juin, explique Jean-Fran\u00e7ois Tournepiche, pour qui \u00ab\u00a0l&rsquo;enthousiasme extraordinaire du public est magique.\u00a0\u00bb<\/p>\n<p class=\"ap-StoryElement ap-StoryElement--mb ap-StoryText\">Les fossiles du site int\u00e9greront \u00e0 terme les collections du mus\u00e9e d&rsquo;Angoul\u00eame et certains quitteront leur Sud-Ouest natal pour une exposition au Mus\u00e9um d&rsquo;histoire naturelle de Paris en juin\u00a02026.<\/p>\n<p class=\"ap-StoryElement ap-StoryElement--mb ap-StoryText\">\u00c0 Angeac, Ronan Allain \u00ab\u00a0vit le r\u00eave de tous pal\u00e9ontologues\u00a0\u00bb. Pour ce rare sp\u00e9cialiste fran\u00e7ais des dinosaures, le graal serait de trouver un os de dinosaure carnivore, qui manque pour le moment \u00e0 l&rsquo;appel.<\/p>\n<p class=\"ap-StoryElement ap-StoryElement--mb ap-StoryText\">Avant de clore les fouilles, l&rsquo;\u00e9quipe d&rsquo;une quarantaine de personnes est d\u00e9j\u00e0 tomb\u00e9e sur un nouvel ossement, probablement du m\u00eame dinosaure, mais, faute de temps pour l&rsquo;extraire correctement, ils ont d\u00fb le recouvrir. Il attendra l&rsquo;ann\u00e9e prochaine. Car ici, les scientifiques estiment qu&rsquo;il reste encore au minimum dix ans de fouilles \u00e0 mener. Et bien d&rsquo;autres secrets \u00e0 r\u00e9v\u00e9ler.<\/p>\n<p><a href=\"https:\/\/www.dhnet.be\/regions\/namur\/2025\/07\/07\/la-citadelle-de-namur-replonge-a-lere-des-dinosaures-VOROFEOXOJFPJL3Q2TRFQAEJGU\/\" target=\"_blank\" rel=\"noopener noreferrer\" class=\"ap-StoryInterstitialLink ap-StoryElement ap-StoryElement--mb\">La Citadelle de Namur replonge \u00e0 l&rsquo;\u00e8re des dinosaures<\/a><\/p>\n","protected":false},"excerpt":{"rendered":"Jaun\u00e2tres ou bruns fonc\u00e9 en fonction de leur profondeur, ces vestiges sont exhum\u00e9s par des passionn\u00e9s et des&hellip;\n","protected":false},"author":2,"featured_media":272372,"comment_status":"","ping_status":"","sticky":false,"template":"","format":"standard","meta":{"footnotes":""},"categories":[7],"tags":[1867,1011,27,937,958,41190,43,40,41,39,42,44],"class_list":{"0":"post-272371","1":"post","2":"type-post","3":"status-publish","4":"format-standard","5":"has-post-thumbnail","7":"category-sciences-et-technologies","8":"tag-animaux","9":"tag-fr","10":"tag-france","11":"tag-histoire","12":"tag-paleontologie","13":"tag-ronan-allain","14":"tag-science","15":"tag-science-and-technology","16":"tag-sciences","17":"tag-sciences-et-technologies","18":"tag-technologies","19":"tag-technology"},"share_on_mastodon":{"url":"https:\/\/pubeurope.com\/@fr\/114912976224430931","error":""},"_links":{"self":[{"href":"https:\/\/www.europesays.com\/fr\/wp-json\/wp\/v2\/posts\/272371","targetHints":{"allow":["GET"]}}],"collection":[{"href":"https:\/\/www.europesays.com\/fr\/wp-json\/wp\/v2\/posts"}],"about":[{"href":"https:\/\/www.europesays.com\/fr\/wp-json\/wp\/v2\/types\/post"}],"author":[{"embeddable":true,"href":"https:\/\/www.europesays.com\/fr\/wp-json\/wp\/v2\/users\/2"}],"replies":[{"embeddable":true,"href":"https:\/\/www.europesays.com\/fr\/wp-json\/wp\/v2\/comments?post=272371"}],"version-history":[{"count":0,"href":"https:\/\/www.europesays.com\/fr\/wp-json\/wp\/v2\/posts\/272371\/revisions"}],"wp:featuredmedia":[{"embeddable":true,"href":"https:\/\/www.europesays.com\/fr\/wp-json\/wp\/v2\/media\/272372"}],"wp:attachment":[{"href":"https:\/\/www.europesays.com\/fr\/wp-json\/wp\/v2\/media?parent=272371"}],"wp:term":[{"taxonomy":"category","embeddable":true,"href":"https:\/\/www.europesays.com\/fr\/wp-json\/wp\/v2\/categories?post=272371"},{"taxonomy":"post_tag","embeddable":true,"href":"https:\/\/www.europesays.com\/fr\/wp-json\/wp\/v2\/tags?post=272371"}],"curies":[{"name":"wp","href":"https:\/\/api.w.org\/{rel}","templated":true}]}}