{"id":272379,"date":"2025-07-25T08:44:10","date_gmt":"2025-07-25T08:44:10","guid":{"rendered":"https:\/\/www.europesays.com\/fr\/272379\/"},"modified":"2025-07-25T08:44:10","modified_gmt":"2025-07-25T08:44:10","slug":"loire-un-accident-se-produit-entre-une-voiture-et-un-tracteur-les-pompiers-interviennent-durgence","status":"publish","type":"post","link":"https:\/\/www.europesays.com\/fr\/272379\/","title":{"rendered":"Loire. Un accident se produit entre une voiture et un tracteur, les pompiers interviennent d&rsquo;urgence"},"content":{"rendered":"<p>            Par<br \/>\n        <strong><br \/>\n            <a href=\"https:\/\/actu.fr\/auteur\/julien-sournies\" title=\"Consulter tous les articles de Julien Sournies\" rel=\"nofollow noopener\" target=\"_blank\">Julien Sournies<\/a><br \/>\n        <\/strong><\/p>\n<p>        Publi\u00e9 le<\/p>\n<p>            25 juil. 2025 \u00e0 10h28        <\/p>\n<p>Les secours lig\u00e9riens ont \u00e9t\u00e9 d\u00e9ploy\u00e9s en urgence vendredi 25\u00a0juillet 2025.<\/p>\n<p class=\" wall-content\">Peu apr\u00e8s 8\u00a0heures ce matin, un <strong>accident<\/strong> de la circulation impliquant une voiture et un tracteur s\u2019est produit \u00e0 hauteur de la commune de La Valla-en-Gier (<a href=\"https:\/\/actu.fr\/auvergne-rhone-alpes\/loire_42\" rel=\"nofollow noopener\" target=\"_blank\">Loire<\/a>), situ\u00e9e \u00e0 un peu moins de 20km de <a href=\"https:\/\/actu.fr\/saint-etienne\/\" rel=\"nofollow noopener\" target=\"_blank\">Saint-\u00c9tienne<\/a>, informent les sapeurs-pompiers de la Loire.<\/p>\n<p>Trois victimes \u00e0 l\u2019h\u00f4pital<\/p>\n<p class=\" wall-content\">Au sein de la voiture, trois personnes \u00e9taient \u00e0 bord. Ces derni\u00e8res ont \u00e9t\u00e9 en mesure de s\u2019extirper du v\u00e9hicule avant l\u2019arriv\u00e9e des sapeurs-pompiers, pr\u00e9cise le Sdis 42.<\/p>\n<p>    <a href=\"https:\/\/www.google.com\/maps\/embed?pb=!1m18!1m12!1m3!1d89636.90883340788!2d4.377919324026894!3d45.40624612107727!2m3!1f0!2f0!3f0!3m2!1i1024!2i768!4f13.1!3m3!1m2!1s0x47f506fa975b1e55%3A0x4093cafcbe80540!2s42131%20La%20Valla-en-Gier!5e0!3m2!1sfr!2sfr!4v1753431669025!5m2!1sfr!2sfr\" title=\"Ouvrie le lien\" rel=\"nofollow noopener\" target=\"_blank\">Cliquez ici pour visualiser le contenu<\/a><\/p>\n<p class=\" wall-content\">Elles ont toutefois d\u00fb \u00eatre transport\u00e9es aux <strong>urgences<\/strong> de l\u2019h\u00f4pital de Saint-Chamond.<\/p>\n<p class=\" wall-content\">Au total, pas moins de 18 sapeurs-pompiers ont \u00e9t\u00e9 mobilis\u00e9s lors de cette intervention.<\/p>\n<p class=\" wall-content\">Suivez toute l\u2019actualit\u00e9 de vos villes et m\u00e9dias favoris en vous inscrivant \u00e0 <a href=\"https:\/\/moncompte.actu.fr\" title=\"D\u00e9couvez Mon Actu\" rel=\"nofollow noopener\" data-trk=\"{&quot;cta&quot;:{&quot;action&quot;:&quot;https:\\\/\\\/moncompte.actu.fr&quot;,&quot;category&quot;:&quot;mon compte&quot;,&quot;from&quot;:&quot;article footer&quot;,&quot;name&quot;:&quot;Mon actu&quot;,&quot;type&quot;:&quot;cta&quot;}}\" target=\"_blank\">Mon Actu<\/a>.<\/p>\n","protected":false},"excerpt":{"rendered":"Par Julien Sournies Publi\u00e9 le 25 juil. 2025 \u00e0 10h28 Les secours lig\u00e9riens ont \u00e9t\u00e9 d\u00e9ploy\u00e9s en urgence&hellip;\n","protected":false},"author":2,"featured_media":272380,"comment_status":"","ping_status":"","sticky":false,"template":"","format":"standard","meta":{"footnotes":""},"categories":[9653],"tags":[119,1111,11,2430,3542,1777,674,118,1011,27,12,1311,25,4001],"class_list":{"0":"post-272379","1":"post","2":"type-post","3":"status-publish","4":"format-standard","5":"has-post-thumbnail","7":"category-saint-etienne","8":"tag-accident","9":"tag-actu","10":"tag-actualites","11":"tag-auvergne-rhone-alpes","12":"tag-circulation","13":"tag-eu","14":"tag-europe","15":"tag-faits-divers","16":"tag-fr","17":"tag-france","18":"tag-news","19":"tag-pompiers","20":"tag-republique-francaise","21":"tag-saint-etienne"},"share_on_mastodon":{"url":"https:\/\/pubeurope.com\/@fr\/114912995891843277","error":""},"_links":{"self":[{"href":"https:\/\/www.europesays.com\/fr\/wp-json\/wp\/v2\/posts\/272379","targetHints":{"allow":["GET"]}}],"collection":[{"href":"https:\/\/www.europesays.com\/fr\/wp-json\/wp\/v2\/posts"}],"about":[{"href":"https:\/\/www.europesays.com\/fr\/wp-json\/wp\/v2\/types\/post"}],"author":[{"embeddable":true,"href":"https:\/\/www.europesays.com\/fr\/wp-json\/wp\/v2\/users\/2"}],"replies":[{"embeddable":true,"href":"https:\/\/www.europesays.com\/fr\/wp-json\/wp\/v2\/comments?post=272379"}],"version-history":[{"count":0,"href":"https:\/\/www.europesays.com\/fr\/wp-json\/wp\/v2\/posts\/272379\/revisions"}],"wp:featuredmedia":[{"embeddable":true,"href":"https:\/\/www.europesays.com\/fr\/wp-json\/wp\/v2\/media\/272380"}],"wp:attachment":[{"href":"https:\/\/www.europesays.com\/fr\/wp-json\/wp\/v2\/media?parent=272379"}],"wp:term":[{"taxonomy":"category","embeddable":true,"href":"https:\/\/www.europesays.com\/fr\/wp-json\/wp\/v2\/categories?post=272379"},{"taxonomy":"post_tag","embeddable":true,"href":"https:\/\/www.europesays.com\/fr\/wp-json\/wp\/v2\/tags?post=272379"}],"curies":[{"name":"wp","href":"https:\/\/api.w.org\/{rel}","templated":true}]}}