{"id":272387,"date":"2025-07-25T08:48:15","date_gmt":"2025-07-25T08:48:15","guid":{"rendered":"https:\/\/www.europesays.com\/fr\/272387\/"},"modified":"2025-07-25T08:48:15","modified_gmt":"2025-07-25T08:48:15","slug":"handball-a-brest-dentree-trois-deplacements-en-quatre-journees-debuts-copieux-pour-les-toulonnaises","status":"publish","type":"post","link":"https:\/\/www.europesays.com\/fr\/272387\/","title":{"rendered":"Handball: \u00e0 Brest d\u2019entr\u00e9e, trois d\u00e9placements en quatre journ\u00e9es&#8230; D\u00e9buts copieux pour les Toulonnaises"},"content":{"rendered":"<p>La Ligue f\u00e9minine de handball a communiqu\u00e9 hier le calendrier de la saison 2025-2026. Le championnat, port\u00e9 \u00e0 14 \u00e9quipes, s\u2019ouvrira le mercredi 3 septembre. Et les Toulonnaises iront d\u00e9fier ni plus ni moins que Brest, les vice-championnes de France.<\/p>\n<p>Un match qui rappellera des souvenirs \u00e0 R\u00e9mi Faug\u00e8res, le coach du TMV qui a commenc\u00e9 son aventure sur le banc par cette affiche au printemps dernier.<\/p>\n<p>Ses joueuses se d\u00e9placeront trois fois lors des quatre premi\u00e8res journ\u00e9es, puisqu\u2019apr\u00e8s la r\u00e9ception d\u2019un adversaire \u00e0 leur port\u00e9e, Saint-Amand, elles se rendront \u00e0 Dijon puis Paris!<\/p>\n<p><strong>Contre le promu havrais pour finir<\/strong><\/p>\n<p>Le calendrier, qui confirme le rep\u00eachage de Sambre-Avesnois \u00e0 la place de M\u00e9rignac, offrira un Toulon &#8211; Metz lors de la 8e journ\u00e9e d\u00e9but novembre puis deux derbies de suite \u00e0 domicile&#8230; en janvier, apr\u00e8s la tr\u00eave li\u00e9e au championnat du monde: contre Nice (10e journ\u00e9e) et Plan-de-Cuques (12e journ\u00e9e).<\/p>\n<p>La phase aller se conclura par un d\u00e9placement au Havre, qui retrouve l\u2019\u00e9lite apr\u00e8s sept ans en D2. Ce duel sera aussi au menu de la derni\u00e8re journ\u00e9e de LFH, le dimanche 31 mai 2026, au palais des sports cette fois.<\/p>\n","protected":false},"excerpt":{"rendered":"La Ligue f\u00e9minine de handball a communiqu\u00e9 hier le calendrier de la saison 2025-2026. Le championnat, port\u00e9 \u00e0&hellip;\n","protected":false},"author":2,"featured_media":272388,"comment_status":"","ping_status":"","sticky":false,"template":"","format":"standard","meta":{"footnotes":""},"categories":[9619],"tags":[1111,11,1777,674,1011,27,1792,12,882,25,60,2310],"class_list":{"0":"post-272387","1":"post","2":"type-post","3":"status-publish","4":"format-standard","5":"has-post-thumbnail","7":"category-toulon","8":"tag-actu","9":"tag-actualites","10":"tag-eu","11":"tag-europe","12":"tag-fr","13":"tag-france","14":"tag-handball","15":"tag-news","16":"tag-provence-alpes-cote-dazur","17":"tag-republique-francaise","18":"tag-sports","19":"tag-toulon"},"share_on_mastodon":{"url":"https:\/\/pubeurope.com\/@fr\/114913011502002389","error":""},"_links":{"self":[{"href":"https:\/\/www.europesays.com\/fr\/wp-json\/wp\/v2\/posts\/272387","targetHints":{"allow":["GET"]}}],"collection":[{"href":"https:\/\/www.europesays.com\/fr\/wp-json\/wp\/v2\/posts"}],"about":[{"href":"https:\/\/www.europesays.com\/fr\/wp-json\/wp\/v2\/types\/post"}],"author":[{"embeddable":true,"href":"https:\/\/www.europesays.com\/fr\/wp-json\/wp\/v2\/users\/2"}],"replies":[{"embeddable":true,"href":"https:\/\/www.europesays.com\/fr\/wp-json\/wp\/v2\/comments?post=272387"}],"version-history":[{"count":0,"href":"https:\/\/www.europesays.com\/fr\/wp-json\/wp\/v2\/posts\/272387\/revisions"}],"wp:featuredmedia":[{"embeddable":true,"href":"https:\/\/www.europesays.com\/fr\/wp-json\/wp\/v2\/media\/272388"}],"wp:attachment":[{"href":"https:\/\/www.europesays.com\/fr\/wp-json\/wp\/v2\/media?parent=272387"}],"wp:term":[{"taxonomy":"category","embeddable":true,"href":"https:\/\/www.europesays.com\/fr\/wp-json\/wp\/v2\/categories?post=272387"},{"taxonomy":"post_tag","embeddable":true,"href":"https:\/\/www.europesays.com\/fr\/wp-json\/wp\/v2\/tags?post=272387"}],"curies":[{"name":"wp","href":"https:\/\/api.w.org\/{rel}","templated":true}]}}