{"id":272393,"date":"2025-07-25T08:51:10","date_gmt":"2025-07-25T08:51:10","guid":{"rendered":"https:\/\/www.europesays.com\/fr\/272393\/"},"modified":"2025-07-25T08:51:10","modified_gmt":"2025-07-25T08:51:10","slug":"des-restrictions-sur-le-lac-des-garrigues-suite-a-la-proliferation-de-cyanobacteries","status":"publish","type":"post","link":"https:\/\/www.europesays.com\/fr\/272393\/","title":{"rendered":"des restrictions sur le lac des Garrigues suite \u00e0 la prolif\u00e9ration de cyanobact\u00e9ries"},"content":{"rendered":"<p>            Par<br \/>\n        <strong><br \/>\n            <a href=\"https:\/\/actu.fr\/auteur\/t-delbreil\" title=\"Consulter tous les articles de Th\u00e9o Delbreil\" target=\"_blank\" rel=\"noopener\">Th\u00e9o Delbreil<\/a><br \/>\n        <\/strong><\/p>\n<p>        Publi\u00e9 le<\/p>\n<p>            25 juil. 2025 \u00e0 10h24        <\/p>\n<p>Suite \u00e0 des rapports d\u2019analyses effectu\u00e9s le 21 juillet dernier, le <strong>service GEMAPI<\/strong> de la M\u00e9tropole de Montpellier a alert\u00e9 ce <strong>vendredi 25 juillet\u00a02025<\/strong> sur la pr\u00e9sence \u00e9lev\u00e9e de <strong>cyanobact\u00e9ries<\/strong> dans le <strong>lac des Garrigues<\/strong>, dans le quartier de la <strong>Mosson<\/strong>. Plusieurs <strong>restrictions d\u2019usages<\/strong> sont donc mises en place avec <strong>effet imm\u00e9diat<\/strong>.\u00a0<\/p>\n<p>    <a href=\"https:\/\/www.google.com\/maps\/embed?pb=!1m18!1m12!1m3!1d1768.3169129595094!2d3.814384848742553!3d43.63774795451425!2m3!1f0!2f0!3f0!3m2!1i1024!2i768!4f13.1!3m3!1m2!1s0x12b6ac1a5a434061%3A0x9bb4b5d715f2fe8f!2sLac%20des%20Garrigues!5e0!3m2!1sfr!2sfr!4v1753430649381!5m2!1sfr!2sfr\" title=\"Ouvrie le lien\" target=\"_blank\" rel=\"noopener\">Cliquez ici pour visualiser le contenu<\/a><\/p>\n<p class=\" wall-content\">Ces cyanobact\u00e9ries, \u00e9tant susceptibles de pr\u00e9senter un risque pour la sant\u00e9 des personnes expos\u00e9es, ont forc\u00e9 la ville \u00e0 restreindre les usages sur le lac des Garrigues, d\u2019autant plus que les conditions m\u00e9t\u00e9orologiques actuelles favorisent leur d\u00e9veloppement sur les berges et dans les colonnes d\u2019eau.\u00a0<\/p>\n<p class=\" wall-content\">Ainsi, un arr\u00eat\u00e9 municipal stipule que sont strictement interdits :\u00a0<\/p>\n<ul class=\" wall-content\">\n<li>La baignade et toute activit\u00e9 r\u00e9cr\u00e9ative dans le lac<\/li>\n<li>La consommation de poisson p\u00each\u00e9<\/li>\n<li>L\u2019abreuvement des animaux<\/li>\n<li>L\u2019arrosage des cultures mara\u00eech\u00e8res avec des eaux du lac<\/li>\n<\/ul>\n<p>Vid\u00e9os : en ce moment sur Actu<\/p>\n<p class=\" wall-content\">La Ville de Montpellier appelle \u00e0 la plus grande vigilance tandis que le service GEMAPI effectue d\u2019autres analyses sur les plans d\u2019eau de la commune.\u00a0<\/p>\n<p class=\" wall-content\">Suivez toute l\u2019actualit\u00e9 de vos villes et m\u00e9dias favoris en vous inscrivant \u00e0 <a href=\"https:\/\/moncompte.actu.fr\" title=\"D\u00e9couvez Mon Actu\" rel=\"nofollow noopener\" data-trk=\"{&quot;cta&quot;:{&quot;action&quot;:&quot;https:\\\/\\\/moncompte.actu.fr&quot;,&quot;category&quot;:&quot;mon compte&quot;,&quot;from&quot;:&quot;article footer&quot;,&quot;name&quot;:&quot;Mon actu&quot;,&quot;type&quot;:&quot;cta&quot;}}\" target=\"_blank\">Mon Actu<\/a>.<\/p>\n","protected":false},"excerpt":{"rendered":"Par Th\u00e9o Delbreil Publi\u00e9 le 25 juil. 2025 \u00e0 10h24 Suite \u00e0 des rapports d\u2019analyses effectu\u00e9s le 21&hellip;\n","protected":false},"author":2,"featured_media":272394,"comment_status":"","ping_status":"","sticky":false,"template":"","format":"standard","meta":{"footnotes":""},"categories":[9599],"tags":[1111,11,436,1777,674,1011,27,2208,12,2680,1800,25,104],"class_list":{"0":"post-272393","1":"post","2":"type-post","3":"status-publish","4":"format-standard","5":"has-post-thumbnail","7":"category-montpellier","8":"tag-actu","9":"tag-actualites","10":"tag-environnement","11":"tag-eu","12":"tag-europe","13":"tag-fr","14":"tag-france","15":"tag-montpellier","16":"tag-news","17":"tag-occitanie","18":"tag-pollution","19":"tag-republique-francaise","20":"tag-societe"},"share_on_mastodon":{"url":"https:\/\/pubeurope.com\/@fr\/114913023510081231","error":""},"_links":{"self":[{"href":"https:\/\/www.europesays.com\/fr\/wp-json\/wp\/v2\/posts\/272393","targetHints":{"allow":["GET"]}}],"collection":[{"href":"https:\/\/www.europesays.com\/fr\/wp-json\/wp\/v2\/posts"}],"about":[{"href":"https:\/\/www.europesays.com\/fr\/wp-json\/wp\/v2\/types\/post"}],"author":[{"embeddable":true,"href":"https:\/\/www.europesays.com\/fr\/wp-json\/wp\/v2\/users\/2"}],"replies":[{"embeddable":true,"href":"https:\/\/www.europesays.com\/fr\/wp-json\/wp\/v2\/comments?post=272393"}],"version-history":[{"count":0,"href":"https:\/\/www.europesays.com\/fr\/wp-json\/wp\/v2\/posts\/272393\/revisions"}],"wp:featuredmedia":[{"embeddable":true,"href":"https:\/\/www.europesays.com\/fr\/wp-json\/wp\/v2\/media\/272394"}],"wp:attachment":[{"href":"https:\/\/www.europesays.com\/fr\/wp-json\/wp\/v2\/media?parent=272393"}],"wp:term":[{"taxonomy":"category","embeddable":true,"href":"https:\/\/www.europesays.com\/fr\/wp-json\/wp\/v2\/categories?post=272393"},{"taxonomy":"post_tag","embeddable":true,"href":"https:\/\/www.europesays.com\/fr\/wp-json\/wp\/v2\/tags?post=272393"}],"curies":[{"name":"wp","href":"https:\/\/api.w.org\/{rel}","templated":true}]}}