{"id":272395,"date":"2025-07-25T08:52:09","date_gmt":"2025-07-25T08:52:09","guid":{"rendered":"https:\/\/www.europesays.com\/fr\/272395\/"},"modified":"2025-07-25T08:52:09","modified_gmt":"2025-07-25T08:52:09","slug":"activites-nautiques-randos-meconnues-bonnes-adresses-que-faire-ce-weekend-a-rouen","status":"publish","type":"post","link":"https:\/\/www.europesays.com\/fr\/272395\/","title":{"rendered":"Activit\u00e9s nautiques, randos m\u00e9connues, bonnes adresses&#8230; Que faire ce weekend \u00e0 Rouen\u00a0?"},"content":{"rendered":"<p>            Par<br \/>\n        <strong><br \/>\n            <a href=\"https:\/\/actu.fr\/auteur\/fmass\" title=\"Consulter tous les articles de Fabien Massin\" target=\"_blank\" rel=\"noopener\">Fabien Massin<\/a><br \/>\n        <\/strong><\/p>\n<p>        Publi\u00e9 le<\/p>\n<p>            25 juil. 2025 \u00e0 9h59        <\/p>\n<p>Vous \u00eates \u00e0 <a href=\"https:\/\/actu.fr\/normandie\/rouen_76540\" target=\"_blank\" rel=\"noopener\">Rouen (Seine-Maritime)<\/a> en ce dernier weekend de juillet\u00a02025\u2009? Activit\u00e9s nautiques, randos m\u00e9connues, bonnes adresses\u2026<strong> Voici une s\u00e9lection d\u2019id\u00e9es de sorties<\/strong> dans la capitale normande et sa r\u00e9gion samedi\u00a026 et dimanche 27\u00a0juillet.<\/p>\n<p>S\u2019amuser au nouveau parc-canal<\/p>\n<p class=\" wall-content\">En plus des animations propos\u00e9es par <a href=\"https:\/\/actu.fr\/normandie\/rouen_76540\/le-retour-de-rouen-sur-mer-un-mois-d-animations-certaines-insolites-sur-une-plage-de-sable_62852391.html\" target=\"_blank\" rel=\"noopener\">Rouen sur Mer<\/a>, des activit\u00e9s sont organis\u00e9es du 20 jusqu\u2019au 24\u00a0ao\u00fbt 2025\u00a0au parc canal Camille-Claudel. <a href=\"https:\/\/actu.fr\/normandie\/rouen_76540\/un-nouveau-parc-canal-inaugure-a-rouen-un-moment-historique_62562439.html\" target=\"_blank\" rel=\"noopener\">Ce nouvel espace<\/a>, mis en eau fin 2024 et am\u00e9nag\u00e9 au pied du b\u00e2timent de la M\u00e9tropole sur la rive gauche, accueille des loisirs en tout genre. Le rendez-vous est donn\u00e9<strong> tous les dimanches, entre 14h et 19h<\/strong>, pour des initiations \u00e0 la voile, au paddle, au kayak, \u00e0 l\u2019escalade, ainsi que des jeux de plein air. Tout est gratuit et encadr\u00e9 par des \u00e9ducateurs sportifs qualifi\u00e9s.<\/p>\n<p>Go\u00fbter de nouvelles saveurs<\/p>\n<p class=\" wall-content\">Voici 22 bonnes adresses de\u00a0restaurants \u00e0 d\u00e9couvrir ou \u00e0 red\u00e9couvrir \u00e0 Rouen. Ils figurent dans le guide \u00ab\u2009Rouen\u00a0Night &amp; Day 2025\u2009\u00bb propos\u00e9 par\u00a076actu\u00a0et\u00a0C\u00f4t\u00e9 Rouen.\u00a0C\u2019est \u00e0 consulter en ligne sur\u2009: <a href=\"https:\/\/www.calameo.com\/books\/0000391930639bef70992\" target=\"_blank\" rel=\"noopener\">Guide des restaurants de Rouen \u00ab\u2009Night &amp; Day 2025\u2009\u00bb<\/a>. Vous pouvez \u00e9galement tester les lieux o\u00f9 l\u2019on sert les meilleures frites selon<a href=\"https:\/\/actu.fr\/normandie\/rouen_76540\/ou-manger-les-meilleures-frites-a-rouen-notre-critique-culinaire-donne-son-top-3_62923534.html\" target=\"_blank\" rel=\"noopener\"> l\u2019avis de notre critique culinaire<\/a>.<\/p>\n<p>Tester des randonn\u00e9es m\u00e9connues<\/p>\n<p class=\" wall-content\">Nous sommes all\u00e9s chercher des <strong>randonn\u00e9es insolites et peu connues du grand public<\/strong> \u00e0 faire en Seine-Maritime pour changer un peu vos habitudes et d\u00e9couvrir le territoire. <a href=\"https:\/\/actu.fr\/loisirs-culture\/notre-top-10-des-randonnees-meconnues-a-faire-en-seine-maritime-pendant-l-ete_62940241.html\" target=\"_blank\" rel=\"noopener\">Voici notre top\u00a010<\/a>, concoct\u00e9 avec l\u2019aide des \u00e9quipes de Seine-Maritime Attractivit\u00e9.<\/p>\n<p>Admirer une exposition enivrante<\/p>\n<p class=\" wall-content\">Les Archives D\u00e9partementales de Seine-Maritime proposent une exposition tous les deux ans. Cette ann\u00e9e, <a href=\"https:\/\/actu.fr\/normandie\/rouen_76540\/de-la-fabrication-monastique-a-la-lutte-contre-l-alcoolisme-a-rouen-une-exposition-inedite-sur-l-alcool_62811885.html\" target=\"_blank\" rel=\"noopener\">le sujet est enivrant<\/a>\u2009:<strong> \u00ab\u2009l\u2019Histoire de l\u2019alcool pour \u00e9clairer l\u2019\u00e9volution du rapport \u00e0 la boisson dans la soci\u00e9t\u00e9\u2009\u00bb<\/strong>. Elle se tient jusqu\u2019au 10\u00a0octobre 2025 \u00e0 la Tour des Archives.<\/p>\n<p>Remonter dans le temps dans une boucle de la Seine<\/p>\n<p class=\" wall-content\">Vous le connaissez s\u00fbrement pour sa c\u00e9l\u00e8bre abbaye, ou plut\u00f4t de ce qu\u2019il en reste. Le <strong>village de Jumi\u00e8ges<\/strong> compte un peu moins de 1\u2009800\u00a0habitants, et est situ\u00e9 \u00e0 l\u2019int\u00e9rieur d\u2019une boucle de la Seine. <a href=\"https:\/\/actu.fr\/normandie\/jumieges_76378\/decouvrez-ce-village-pittoresque-en-bord-de-seine-situe-a-30-minutes-de-rouen_59768742.html\" target=\"_blank\" rel=\"noopener\">Voici ce que vous pourrez y d\u00e9couvrir<\/a>. Non loin, <a href=\"https:\/\/actu.fr\/normandie\/saint-martin-de-boscherville_76614\/decouvrez-les-tresors-de-ce-village-entre-seine-et-foret-a-moins-de-30min-de-rouen_61480165.html\" target=\"_blank\" rel=\"noopener\">la commune de Saint-Martin-de-Boscherville<\/a> est \u00e9galement riche de tr\u00e9sors.<\/p>\n<p>Suivez l\u2019actualit\u00e9 de Rouen sur notre <a href=\"https:\/\/www.whatsapp.com\/channel\/0029VaKfnf99hXF2ddApFB1D\" target=\"_blank\" rel=\"noopener\">cha\u00eene WhatsApp<\/a> et sur notre <a href=\"https:\/\/www.tiktok.com\/@76actu.fr?lang=fr\" target=\"_blank\" rel=\"noopener\">compte TikTok<\/a>Vous souhaitez annoncer un \u00e9v\u00e9nement festif ou associatif, une initiative locale\u2009? Rendez-vous sur notre plateforme\u00a0<a href=\"https:\/\/www.infolocale.fr\/decouvrir\/actu\/\" target=\"_blank\" rel=\"noopener\">Infolocale<\/a>.<\/p>\n<p class=\" wall-content\">Suivez toute l\u2019actualit\u00e9 de vos villes et m\u00e9dias favoris en vous inscrivant \u00e0 <a href=\"https:\/\/moncompte.actu.fr\" title=\"D\u00e9couvez Mon Actu\" rel=\"nofollow noopener\" data-trk=\"{&quot;cta&quot;:{&quot;action&quot;:&quot;https:\\\/\\\/moncompte.actu.fr&quot;,&quot;category&quot;:&quot;mon compte&quot;,&quot;from&quot;:&quot;article footer&quot;,&quot;name&quot;:&quot;Mon actu&quot;,&quot;type&quot;:&quot;cta&quot;}}\" target=\"_blank\">Mon Actu<\/a>.<\/p>\n<p>                    <script async src=\"\/\/www.tiktok.com\/embed.js\"><\/script><\/p>\n","protected":false},"excerpt":{"rendered":"Par Fabien Massin Publi\u00e9 le 25 juil. 2025 \u00e0 9h59 Vous \u00eates \u00e0 Rouen (Seine-Maritime) en ce dernier&hellip;\n","protected":false},"author":2,"featured_media":272396,"comment_status":"","ping_status":"","sticky":false,"template":"","format":"standard","meta":{"footnotes":""},"categories":[9587],"tags":[1111,11,9086,1777,674,1011,27,5353,1652,12,5161,2551,25,9590],"class_list":{"0":"post-272395","1":"post","2":"type-post","3":"status-publish","4":"format-standard","5":"has-post-thumbnail","7":"category-rouen","8":"tag-actu","9":"tag-actualites","10":"tag-bon-plan-a-rouen","11":"tag-eu","12":"tag-europe","13":"tag-fr","14":"tag-france","15":"tag-la-seine","16":"tag-loisirs-culture","17":"tag-news","18":"tag-normandie","19":"tag-patrimoine","20":"tag-republique-francaise","21":"tag-rouen"},"share_on_mastodon":{"url":"https:\/\/pubeurope.com\/@fr\/114913027187382727","error":""},"_links":{"self":[{"href":"https:\/\/www.europesays.com\/fr\/wp-json\/wp\/v2\/posts\/272395","targetHints":{"allow":["GET"]}}],"collection":[{"href":"https:\/\/www.europesays.com\/fr\/wp-json\/wp\/v2\/posts"}],"about":[{"href":"https:\/\/www.europesays.com\/fr\/wp-json\/wp\/v2\/types\/post"}],"author":[{"embeddable":true,"href":"https:\/\/www.europesays.com\/fr\/wp-json\/wp\/v2\/users\/2"}],"replies":[{"embeddable":true,"href":"https:\/\/www.europesays.com\/fr\/wp-json\/wp\/v2\/comments?post=272395"}],"version-history":[{"count":0,"href":"https:\/\/www.europesays.com\/fr\/wp-json\/wp\/v2\/posts\/272395\/revisions"}],"wp:featuredmedia":[{"embeddable":true,"href":"https:\/\/www.europesays.com\/fr\/wp-json\/wp\/v2\/media\/272396"}],"wp:attachment":[{"href":"https:\/\/www.europesays.com\/fr\/wp-json\/wp\/v2\/media?parent=272395"}],"wp:term":[{"taxonomy":"category","embeddable":true,"href":"https:\/\/www.europesays.com\/fr\/wp-json\/wp\/v2\/categories?post=272395"},{"taxonomy":"post_tag","embeddable":true,"href":"https:\/\/www.europesays.com\/fr\/wp-json\/wp\/v2\/tags?post=272395"}],"curies":[{"name":"wp","href":"https:\/\/api.w.org\/{rel}","templated":true}]}}