{"id":272399,"date":"2025-07-25T08:55:11","date_gmt":"2025-07-25T08:55:11","guid":{"rendered":"https:\/\/www.europesays.com\/fr\/272399\/"},"modified":"2025-07-25T08:55:11","modified_gmt":"2025-07-25T08:55:11","slug":"municipales-2026-lavocat-grenoblois-herve-gerbi-designe-chef-de-file-du-parti-horizons","status":"publish","type":"post","link":"https:\/\/www.europesays.com\/fr\/272399\/","title":{"rendered":"Municipales 2026. L\u2019avocat grenoblois, Herv\u00e9\u202fGerbi, d\u00e9sign\u00e9 chef de file du parti Horizons"},"content":{"rendered":"<p><a href=\"https:\/\/www.ledauphine.com\/p\/herve-gerbi\" target=\"_blank\" rel=\"noopener\">Herv\u00e9\u202fGerbi<\/a>, ancien candidat centriste \u00e0 la l\u00e9gislative partielle de 2024 sur la 1re\u00a0circonscription de l\u2019Is\u00e8re, a \u00e9t\u00e9 officiellement nomm\u00e9 chef de file Horizons pour les \u00e9lections municipales de mars\u00a02026 \u00e0 Grenoble, a-t-il annonc\u00e9 dans un r\u00e9cent communiqu\u00e9.<\/p>\n<p>  Une campagne d\u00e9j\u00e0 bien entam\u00e9e<\/p>\n<p><a href=\"https:\/\/www.ledauphine.com\/elections\/2025\/01\/14\/1re-circonscription-de-l-isere-legislative-herve-gerbi-a-t-il-vraiment-pique-des-voix-a-la-droite\" target=\"_blank\" rel=\"noopener\">Fort d\u2019un score de 7,7\u00a0% au premier tour<\/a> de la l\u00e9gislative partielle, l\u2019avocat grenoblois propose aujourd\u2019hui \u00ab\u00a0une coalition de responsabilit\u00e9, ouverte \u00e0 toutes celles et ceux \u2013 quelle que soit leur sensibilit\u00e9 \u2013 qui placent l\u2019int\u00e9r\u00eat de Grenoble au centre de leurs pr\u00e9occupations\u00a0\u00bb. Selon lui, cette alliance se fonde sur \u00ab\u00a0la mod\u00e9ration, le respect, la volont\u00e9 d\u2019agir\u00a0\u00bb<\/p>\n<p>Gerbi affirme que sa campagne municipale <a href=\"https:\/\/www.ledauphine.com\/elections\/2025\/04\/26\/isere-grenoble-municipales-2026-mais-pourquoi-herve-gerbi-est-il-deja-candidat\" target=\"_blank\" rel=\"noopener\">\u00ab\u00a0avait d\u00e9j\u00e0 commenc\u00e9\u00a0\u00bb<\/a> depuis sa tentative l\u00e9gislative l\u2019automne dernier, et qu\u2019il entend prolonger cette d\u00e9marche sur le terrain, en allant <a href=\"https:\/\/www.ledauphine.com\/elections\/2025\/01\/24\/isere-grenoble-municipales-de-2026-herve-gerbi-presque-deja-en-piste\" target=\"_blank\" rel=\"noopener\">\u00e0 la rencontre des habitants<\/a> pour partager sa vision. \u00ab\u00a0Ce que nous voulons b\u00e2tir, c\u2019est une coalition de responsabilit\u00e9, ouverte \u00e0 toutes celles et ceux \u2013 quelle que soit leur sensibilit\u00e9 \u2013 qui placent l\u2019int\u00e9r\u00eat de Grenoble au centre de leurs pr\u00e9occupations. Une coalition de responsabilit\u00e9 fond\u00e9e sur un savoir \u00eatre commun\u00a0: la mod\u00e9ration, le respect, la volont\u00e9 d\u2019agir\u00a0\u00bb, a d\u00e9clar\u00e9 le candidat suite \u00e0 cette d\u00e9signation.<\/p>\n","protected":false},"excerpt":{"rendered":"Herv\u00e9\u202fGerbi, ancien candidat centriste \u00e0 la l\u00e9gislative partielle de 2024 sur la 1re\u00a0circonscription de l\u2019Is\u00e8re, a \u00e9t\u00e9 officiellement&hellip;\n","protected":false},"author":2,"featured_media":272400,"comment_status":"","ping_status":"","sticky":false,"template":"","format":"standard","meta":{"footnotes":""},"categories":[9566],"tags":[1111,11,2430,112,4188,1777,674,107,1011,27,2731,2732,3540,108,1985,12,316,25],"class_list":{"0":"post-272399","1":"post","2":"type-post","3":"status-publish","4":"format-standard","5":"has-post-thumbnail","7":"category-grenoble","8":"tag-actu","9":"tag-actualites","10":"tag-auvergne-rhone-alpes","11":"tag-edition-grenoble-agglomeration","12":"tag-elections-municipales","13":"tag-eu","14":"tag-europe","15":"tag-fil-info","16":"tag-fr","17":"tag-france","18":"tag-grenoble","19":"tag-grenoble-bassin","20":"tag-horizons","21":"tag-isere","22":"tag-metropole-de-grenoble","23":"tag-news","24":"tag-politique","25":"tag-republique-francaise"},"share_on_mastodon":{"url":"https:\/\/pubeurope.com\/@fr\/114913039091131820","error":""},"_links":{"self":[{"href":"https:\/\/www.europesays.com\/fr\/wp-json\/wp\/v2\/posts\/272399","targetHints":{"allow":["GET"]}}],"collection":[{"href":"https:\/\/www.europesays.com\/fr\/wp-json\/wp\/v2\/posts"}],"about":[{"href":"https:\/\/www.europesays.com\/fr\/wp-json\/wp\/v2\/types\/post"}],"author":[{"embeddable":true,"href":"https:\/\/www.europesays.com\/fr\/wp-json\/wp\/v2\/users\/2"}],"replies":[{"embeddable":true,"href":"https:\/\/www.europesays.com\/fr\/wp-json\/wp\/v2\/comments?post=272399"}],"version-history":[{"count":0,"href":"https:\/\/www.europesays.com\/fr\/wp-json\/wp\/v2\/posts\/272399\/revisions"}],"wp:featuredmedia":[{"embeddable":true,"href":"https:\/\/www.europesays.com\/fr\/wp-json\/wp\/v2\/media\/272400"}],"wp:attachment":[{"href":"https:\/\/www.europesays.com\/fr\/wp-json\/wp\/v2\/media?parent=272399"}],"wp:term":[{"taxonomy":"category","embeddable":true,"href":"https:\/\/www.europesays.com\/fr\/wp-json\/wp\/v2\/categories?post=272399"},{"taxonomy":"post_tag","embeddable":true,"href":"https:\/\/www.europesays.com\/fr\/wp-json\/wp\/v2\/tags?post=272399"}],"curies":[{"name":"wp","href":"https:\/\/api.w.org\/{rel}","templated":true}]}}