{"id":272401,"date":"2025-07-25T08:56:11","date_gmt":"2025-07-25T08:56:11","guid":{"rendered":"https:\/\/www.europesays.com\/fr\/272401\/"},"modified":"2025-07-25T08:56:11","modified_gmt":"2025-07-25T08:56:11","slug":"une-prostituee-victime-de-plusieurs-coups-de-couteau","status":"publish","type":"post","link":"https:\/\/www.europesays.com\/fr\/272401\/","title":{"rendered":"une prostitu\u00e9e victime de plusieurs coups de couteau"},"content":{"rendered":"<p>\t\t\t\t\t\t\t\t\t\t\t<img loading=\"lazy\" decoding=\"async\" width=\"1110\" title=\"Grenoble : une prostitu\u00e9e victime de plusieurs coups de couteau\" class=\"img-fluid  mb-3\" src=\"https:\/\/grandgrenoble.alpes1.com\/media\/news\/thumb\/1110x624_grenoble-une-prostituee-victime-de-plusieurs-coups-de-couteau_688340c5f2b97.webp\" alt=\"Grenoble : une prostitu\u00e9e victime de plusieurs coups de couteau\" itemprop=\"image\" height=\"624\"\/>\t\t\t\t\t\t\t\t\t\t\t\t<\/p>\n<p>Grenoble : une prostitu\u00e9e victime de plusieurs coups de couteau &#8211; DR<\/p>\n<p itemprop=\"description\"><strong>Les faits se sont d\u00e9roul\u00e9s dans la nuit de jeudi \u00e0 vendredi.<\/strong><\/p>\n<p>Peu avant 0h30, une femme \u00e2g\u00e9e de 51 ans a \u00e9t\u00e9 victime de plusieurs coups de couteau dans le quartier de la clinique mutualiste de Grenoble. D\u2019apr\u00e8s les premiers \u00e9l\u00e9ments de l\u2019enqu\u00eate r\u00e9v\u00e9l\u00e9s par Le Dauphin\u00e9 Lib\u00e9r\u00e9, la victime serait une prostitu\u00e9e nig\u00e9riane. Elle aurait subi plusieurs coups port\u00e9s \u00e0 l&rsquo;aide d&rsquo;une arme blanche, dont un en plein dans le thorax.<\/p>\n<p>La quinquag\u00e9naire a \u00e9t\u00e9 transport\u00e9e en urgence absolue au CHU Grenoble Alpes par les sapeurs-pompiers et le Samu appel\u00e9s sur les lieux de l\u2019agression. L\u2019auteur des faits a, quant \u00e0 lui, \u00e9t\u00e9 interpell\u00e9 puis plac\u00e9 en garde \u00e0 vue.<\/p>\n<p>S&rsquo;agit-il d&rsquo;une agression gratuite ou d&rsquo;un diff\u00e9rend qui a d\u00e9g\u00e9n\u00e9r\u00e9 ? Une enqu\u00eate a \u00e9t\u00e9 ouverte pour \u00e9claircir les circonstances de ce fait divers.<\/p>\n","protected":false},"excerpt":{"rendered":"Grenoble : une prostitu\u00e9e victime de plusieurs coups de couteau &#8211; DR Les faits se sont d\u00e9roul\u00e9s dans&hellip;\n","protected":false},"author":2,"featured_media":272402,"comment_status":"","ping_status":"","sticky":false,"template":"","format":"standard","meta":{"footnotes":""},"categories":[9566],"tags":[1111,11,7733,8279,2430,7736,650,7734,2889,2263,1777,674,1011,27,2731,8280,6417,1114,108,4662,12,3725,1825,25,7737],"class_list":{"0":"post-272401","1":"post","2":"type-post","3":"status-publish","4":"format-standard","5":"has-post-thumbnail","7":"category-grenoble","8":"tag-actu","9":"tag-actualites","10":"tag-alpes","11":"tag-alpes1","12":"tag-auvergne-rhone-alpes","13":"tag-cds","14":"tag-cinema","15":"tag-ecoute","16":"tag-emission","17":"tag-equipe","18":"tag-eu","19":"tag-europe","20":"tag-fr","21":"tag-france","22":"tag-grenoble","23":"tag-haute","24":"tag-information","25":"tag-infos","26":"tag-isere","27":"tag-journal","28":"tag-news","29":"tag-podcast","30":"tag-radio","31":"tag-republique-francaise","32":"tag-winamp"},"share_on_mastodon":{"url":"https:\/\/pubeurope.com\/@fr\/114913043030370988","error":""},"_links":{"self":[{"href":"https:\/\/www.europesays.com\/fr\/wp-json\/wp\/v2\/posts\/272401","targetHints":{"allow":["GET"]}}],"collection":[{"href":"https:\/\/www.europesays.com\/fr\/wp-json\/wp\/v2\/posts"}],"about":[{"href":"https:\/\/www.europesays.com\/fr\/wp-json\/wp\/v2\/types\/post"}],"author":[{"embeddable":true,"href":"https:\/\/www.europesays.com\/fr\/wp-json\/wp\/v2\/users\/2"}],"replies":[{"embeddable":true,"href":"https:\/\/www.europesays.com\/fr\/wp-json\/wp\/v2\/comments?post=272401"}],"version-history":[{"count":0,"href":"https:\/\/www.europesays.com\/fr\/wp-json\/wp\/v2\/posts\/272401\/revisions"}],"wp:featuredmedia":[{"embeddable":true,"href":"https:\/\/www.europesays.com\/fr\/wp-json\/wp\/v2\/media\/272402"}],"wp:attachment":[{"href":"https:\/\/www.europesays.com\/fr\/wp-json\/wp\/v2\/media?parent=272401"}],"wp:term":[{"taxonomy":"category","embeddable":true,"href":"https:\/\/www.europesays.com\/fr\/wp-json\/wp\/v2\/categories?post=272401"},{"taxonomy":"post_tag","embeddable":true,"href":"https:\/\/www.europesays.com\/fr\/wp-json\/wp\/v2\/tags?post=272401"}],"curies":[{"name":"wp","href":"https:\/\/api.w.org\/{rel}","templated":true}]}}