{"id":272403,"date":"2025-07-25T08:57:20","date_gmt":"2025-07-25T08:57:20","guid":{"rendered":"https:\/\/www.europesays.com\/fr\/272403\/"},"modified":"2025-07-25T08:57:20","modified_gmt":"2025-07-25T08:57:20","slug":"le-pieton-fauche-sur-la-rocade-se-serait-volontairement-mis-sur-la-route","status":"publish","type":"post","link":"https:\/\/www.europesays.com\/fr\/272403\/","title":{"rendered":"Le pi\u00e9ton fauch\u00e9 sur la rocade se serait volontairement mis sur la route"},"content":{"rendered":"<p>L\u2019enqu\u00eate a rapidement avanc\u00e9. Il faut dire qu\u2019un mercredi soir en heure de pointe sur la rocade rennaise, les t\u00e9moins de l\u2019accident \u00e9taient nombreux. Il \u00e9tait pr\u00e8s de 18 heures quand <a href=\"https:\/\/www.ouest-france.fr\/societe\/faits-divers\/un-pieton-de-37-ans-meurt-apres-setre-fait-percuter-par-un-car-sur-la-rocade-de-rennes-1b4c6430-67e6-11f0-9619-f84d42b465cd\" rel=\"nofollow noopener\" target=\"_blank\" class=\"color-ultramarine c-link\">un pi\u00e9ton a \u00e9t\u00e9 percut\u00e9 par un car<\/a> qui circulait sur la voie int\u00e9rieure du p\u00e9riph\u00e9rique de <a href=\"https:\/\/www.20minutes.fr\/rennes\/\" class=\"color-ultramarine c-link\" target=\"_blank\" rel=\"noopener\">Rennes<\/a> (Ille-et-Vilaine) mercredi. Les secours n\u2019ont rien pu faire pour sauver cet homme de 37 ans, qui a \u00e9t\u00e9 tu\u00e9 sur le coup. Pr\u00e9sente sur les lieux de l\u2019accident, la police a ouvert une enqu\u00eate.<\/p>\n<p>D\u2019apr\u00e8s plusieurs t\u00e9moins, l\u2019homme avait descendu les escaliers pour arriver sur la rocade avant de se placer sur la bande d\u2019arr\u00eat d\u2019urgence. Il se serait volontairement jet\u00e9 devant le car, laissant penser \u00e0 une <a href=\"https:\/\/www.20minutes.fr\/dossier\/tentative_de_suicide\" class=\"color-ultramarine c-link\" target=\"_blank\" rel=\"noopener\">tentative de suicide<\/a>.<\/p>\n<\/p>\n<p>L\u2019accident avait paralys\u00e9 la circulation sur la rocade, occasionnant d\u2019importants ralentissements. Des automobilistes avaient d\u00fb faire demi-tour sur la rocade, afin de regagner la sortie la plus proche, le temps que l\u2019intervention se termine.<\/p>\n","protected":false},"excerpt":{"rendered":"L\u2019enqu\u00eate a rapidement avanc\u00e9. Il faut dire qu\u2019un mercredi soir en heure de pointe sur la rocade rennaise,&hellip;\n","protected":false},"author":2,"featured_media":272404,"comment_status":"","ping_status":"","sticky":false,"template":"","format":"standard","meta":{"footnotes":""},"categories":[2821],"tags":[119,4376,1111,47,11,829,1777,674,118,7641,1011,27,848,12,584,25,4797,5748,22128],"class_list":{"0":"post-272403","1":"post","2":"type-post","3":"status-publish","4":"format-standard","5":"has-post-thumbnail","7":"category-rennes","8":"tag-accident","9":"tag-accident-de-la-route","10":"tag-actu","11":"tag-actualite","12":"tag-actualites","13":"tag-bretagne","14":"tag-eu","15":"tag-europe","16":"tag-faits-divers","17":"tag-faits-divers-rennes","18":"tag-fr","19":"tag-france","20":"tag-ille-et-vilaine","21":"tag-news","22":"tag-rennes","23":"tag-republique-francaise","24":"tag-rocade","25":"tag-suicide","26":"tag-tentative-de-suicide"},"share_on_mastodon":{"url":"https:\/\/pubeurope.com\/@fr\/114913046930898332","error":""},"_links":{"self":[{"href":"https:\/\/www.europesays.com\/fr\/wp-json\/wp\/v2\/posts\/272403","targetHints":{"allow":["GET"]}}],"collection":[{"href":"https:\/\/www.europesays.com\/fr\/wp-json\/wp\/v2\/posts"}],"about":[{"href":"https:\/\/www.europesays.com\/fr\/wp-json\/wp\/v2\/types\/post"}],"author":[{"embeddable":true,"href":"https:\/\/www.europesays.com\/fr\/wp-json\/wp\/v2\/users\/2"}],"replies":[{"embeddable":true,"href":"https:\/\/www.europesays.com\/fr\/wp-json\/wp\/v2\/comments?post=272403"}],"version-history":[{"count":0,"href":"https:\/\/www.europesays.com\/fr\/wp-json\/wp\/v2\/posts\/272403\/revisions"}],"wp:featuredmedia":[{"embeddable":true,"href":"https:\/\/www.europesays.com\/fr\/wp-json\/wp\/v2\/media\/272404"}],"wp:attachment":[{"href":"https:\/\/www.europesays.com\/fr\/wp-json\/wp\/v2\/media?parent=272403"}],"wp:term":[{"taxonomy":"category","embeddable":true,"href":"https:\/\/www.europesays.com\/fr\/wp-json\/wp\/v2\/categories?post=272403"},{"taxonomy":"post_tag","embeddable":true,"href":"https:\/\/www.europesays.com\/fr\/wp-json\/wp\/v2\/tags?post=272403"}],"curies":[{"name":"wp","href":"https:\/\/api.w.org\/{rel}","templated":true}]}}