{"id":272405,"date":"2025-07-25T08:58:26","date_gmt":"2025-07-25T08:58:26","guid":{"rendered":"https:\/\/www.europesays.com\/fr\/272405\/"},"modified":"2025-07-25T08:58:26","modified_gmt":"2025-07-25T08:58:26","slug":"le-pieton-fauche-sur-la-rocade-se-serait-volontairement-mis-sur-la-route-2","status":"publish","type":"post","link":"https:\/\/www.europesays.com\/fr\/272405\/","title":{"rendered":"Le pi\u00e9ton fauch\u00e9 sur la rocade se serait volontairement mis sur la route"},"content":{"rendered":"<p><strong>acte d\u00e9sesp\u00e9r\u00e9 &#8211; Un homme a \u00e9t\u00e9 tu\u00e9 par un car mercredi soir sur la rocade sud de Rennes<\/strong><\/p>\n<p>L\u2019enqu\u00eate a rapidement avanc\u00e9. Il faut dire qu\u2019un mercredi soir en heure de pointe sur la rocade rennaise, les t\u00e9moins de l\u2019accident \u00e9taient nombreux. Il \u00e9tait pr\u00e8s de 18 heures quand <a href=\"https:\/\/www.ouest-france.fr\/societe\/faits-divers\/un-pieton-de-37-ans-meurt-apres-setre-fait-percuter-par-un-car-sur-la-rocade-de-rennes-1b4c6430-67e6-11f0-9619-f84d42b465cd?at_medium=RSS%20feed&amp;at_campaign=ynews&amp;utm_source=yahoo&amp;utm_medium=rss&amp;utm_campaign=news_feed&amp;utm_content=in_article_link\" rel=\"nofollow noopener\" target=\"_blank\" data-ylk=\"slk:un pi\u00e9ton a \u00e9t\u00e9 percut\u00e9 par un car;elm:context_link;itc:0;sec:content-canvas\" class=\"link \">un pi\u00e9ton a \u00e9t\u00e9 percut\u00e9 par un car<\/a> qui circulait sur la voie int\u00e9rieure du p\u00e9riph\u00e9rique de <a href=\"https:\/\/www.20minutes.fr\/rennes\/?at_medium=RSS%20feed&amp;at_campaign=ynews&amp;utm_source=yahoo&amp;utm_medium=rss&amp;utm_campaign=news_feed&amp;utm_content=in_article_link\" rel=\"nofollow noopener\" target=\"_blank\" data-ylk=\"slk:Rennes;elm:context_link;itc:0;sec:content-canvas\" class=\"link \">Rennes<\/a> (Ille-et-Vilaine) mercredi. Les secours n\u2019ont rien pu faire pour sauver cet homme de 37 ans, qui a \u00e9t\u00e9 tu\u00e9 sur le coup. Pr\u00e9sente sur les lieux de l\u2019accident, la police a ouvert une enqu\u00eate.<\/p>\n<p>D\u2019apr\u00e8s plusieurs t\u00e9moins, l\u2019homme avait descendu les escaliers pour arriver sur la rocade avant de se placer sur la bande d\u2019arr\u00eat d\u2019urgence. Il se serait volontairement jet\u00e9 devant le car, laissant penser \u00e0 une <a href=\"https:\/\/www.20minutes.fr\/dossier\/tentative_de_suicide?at_medium=RSS%20feed&amp;at_campaign=ynews&amp;utm_source=yahoo&amp;utm_medium=rss&amp;utm_campaign=news_feed&amp;utm_content=in_article_link\" rel=\"nofollow noopener\" target=\"_blank\" data-ylk=\"slk:tentative de suicide;elm:context_link;itc:0;sec:content-canvas\" class=\"link \">tentative de suicide<\/a>.<\/p>\n<p>L\u2019accident avait paralys\u00e9 la circulation sur la rocade, occasionnant d\u2019importants ralentissements. Des automobilistes avaient d\u00fb faire demi-tour sur la rocade, afin de regagner la sortie la plus proche, le temps que l\u2019intervention se termine.<\/p>\n<p><a href=\"https:\/\/www.20minutes.fr\/faits_divers\/faits-divers-rennes\/4165242-20250725-rennes-pieton-fauche-rocade-volontairement-mis-route?at_medium=RSS%20feed&amp;at_campaign=ynews&amp;utm_source=yahoo&amp;utm_medium=rss&amp;utm_campaign=news_feed&amp;utm_content=read_more_link&quot;\" rel=\"nofollow noopener\" target=\"_blank\" data-ylk=\"slk:Lire la suite sur 20minutes;elm:context_link;itc:0;sec:content-canvas\" class=\"link \">Lire la suite sur 20minutes<\/a><\/p>\n<p>\u00c0 lire aussi :<br \/><a href=\"https:\/\/www.20minutes.fr\/faits_divers\/faits-divers-rennes\/4165240-20250725-ille-vilaine-cigarette-coincee-canape-provoque-incendie?at_medium=RSS%20feed&amp;at_campaign=ynews&amp;utm_source=yahoo&amp;utm_medium=rss&amp;utm_campaign=news_feed&amp;utm_content=related_content_link\" rel=\"nofollow noopener\" target=\"_blank\" data-ylk=\"slk:Ille-et-Vilaine\u00a0: Une cigarette coinc\u00e9e dans le canap\u00e9 provoque un incendie;elm:context_link;itc:0;sec:content-canvas\" class=\"link \">Ille-et-Vilaine\u00a0: Une cigarette coinc\u00e9e dans le canap\u00e9 provoque un incendie<\/a><br \/><a href=\"https:\/\/www.20minutes.fr\/faits_divers\/4164630-20250721-bretagne-incident-tres-rare-conducteur-tgv-oublie-arreter-laisse-80-personnes-quai?at_medium=RSS%20feed&amp;at_campaign=ynews&amp;utm_source=yahoo&amp;utm_medium=rss&amp;utm_campaign=news_feed&amp;utm_content=related_content_link\" rel=\"nofollow noopener\" target=\"_blank\" data-ylk=\"slk:Bretagne\u00a0: Un incident tr\u00e8s rare\u2026 Le conducteur du TGV oublie de s\u2019arr\u00eater et laisse 80 personnes \u00e0 quai;elm:context_link;itc:0;sec:content-canvas\" class=\"link \">Bretagne\u00a0: Un incident tr\u00e8s rare\u2026 Le conducteur du TGV oublie de s\u2019arr\u00eater et laisse 80 personnes \u00e0 quai<\/a><\/p>\n","protected":false},"excerpt":{"rendered":"acte d\u00e9sesp\u00e9r\u00e9 &#8211; Un homme a \u00e9t\u00e9 tu\u00e9 par un car mercredi soir sur la rocade sud de&hellip;\n","protected":false},"author":2,"featured_media":272406,"comment_status":"","ping_status":"","sticky":false,"template":"","format":"standard","meta":{"footnotes":""},"categories":[2821],"tags":[1111,11,829,1777,674,1011,27,20399,12,584,25,22128],"class_list":{"0":"post-272405","1":"post","2":"type-post","3":"status-publish","4":"format-standard","5":"has-post-thumbnail","7":"category-rennes","8":"tag-actu","9":"tag-actualites","10":"tag-bretagne","11":"tag-eu","12":"tag-europe","13":"tag-fr","14":"tag-france","15":"tag-laccident","16":"tag-news","17":"tag-rennes","18":"tag-republique-francaise","19":"tag-tentative-de-suicide"},"share_on_mastodon":{"url":"https:\/\/pubeurope.com\/@fr\/114913050759985543","error":""},"_links":{"self":[{"href":"https:\/\/www.europesays.com\/fr\/wp-json\/wp\/v2\/posts\/272405","targetHints":{"allow":["GET"]}}],"collection":[{"href":"https:\/\/www.europesays.com\/fr\/wp-json\/wp\/v2\/posts"}],"about":[{"href":"https:\/\/www.europesays.com\/fr\/wp-json\/wp\/v2\/types\/post"}],"author":[{"embeddable":true,"href":"https:\/\/www.europesays.com\/fr\/wp-json\/wp\/v2\/users\/2"}],"replies":[{"embeddable":true,"href":"https:\/\/www.europesays.com\/fr\/wp-json\/wp\/v2\/comments?post=272405"}],"version-history":[{"count":0,"href":"https:\/\/www.europesays.com\/fr\/wp-json\/wp\/v2\/posts\/272405\/revisions"}],"wp:featuredmedia":[{"embeddable":true,"href":"https:\/\/www.europesays.com\/fr\/wp-json\/wp\/v2\/media\/272406"}],"wp:attachment":[{"href":"https:\/\/www.europesays.com\/fr\/wp-json\/wp\/v2\/media?parent=272405"}],"wp:term":[{"taxonomy":"category","embeddable":true,"href":"https:\/\/www.europesays.com\/fr\/wp-json\/wp\/v2\/categories?post=272405"},{"taxonomy":"post_tag","embeddable":true,"href":"https:\/\/www.europesays.com\/fr\/wp-json\/wp\/v2\/tags?post=272405"}],"curies":[{"name":"wp","href":"https:\/\/api.w.org\/{rel}","templated":true}]}}