{"id":272407,"date":"2025-07-25T09:00:12","date_gmt":"2025-07-25T09:00:12","guid":{"rendered":"https:\/\/www.europesays.com\/fr\/272407\/"},"modified":"2025-07-25T09:00:12","modified_gmt":"2025-07-25T09:00:12","slug":"toute-lactu-top-music-la-grande-braderie-de-strasbourg-de-retour","status":"publish","type":"post","link":"https:\/\/www.europesays.com\/fr\/272407\/","title":{"rendered":"Toute l&rsquo;actu Top Music &#8211; La Grande Braderie de Strasbourg de retour !"},"content":{"rendered":"<p><img decoding=\"async\" class=\"\" style=\"width:100%\" src=\"https:\/\/www.europesays.com\/fr\/wp-content\/uploads\/2025\/07\/brraderie1753430224580.webp.webp\" alt=\"La Grande Braderie de Strasbourg revient ce samedi 26 juillet\"\/><\/p>\n<p>Pr\u00e9c\u00e9dente \u00e9dition de la Grande Braderie de Strasbourg<\/p>\n<p>Cr\u00e9dit : Jean Paul Munch<\/p>\n<p><a href=\"https:\/\/www.topmusic.fr\/strasbourg-une-derniere-braderie-d-affiches-pour-le-cinema-star-saint-exupery\" rel=\"noopener\" target=\"_blank\">Des affiches<\/a>, des v\u00eatements ou encore des produits artisanaux. <strong>Les Vitrines de Strasbourg<\/strong>, l\u2019association des commer\u00e7ants, organisent la grande braderie de Strasbourg, ce <strong>samedi 26 juillet<\/strong>. L\u2019occasion de faire de <strong>bonnes affaires <\/strong>aupr\u00e8s de <strong>commer\u00e7ants locaux <\/strong>mais aussi aupr\u00e8s <strong>d\u2019exposants nationaux<\/strong>, de <strong>7h30 \u00e0 19h<\/strong>.<\/p>\n<p><strong>Le retour de la Grande Braderie<\/strong><\/p>\n<p>L\u2019ann\u00e9e derni\u00e8re, la Grande Braderie \u00e9tait plut\u00f4t un grand d\u00e9ballage. La raison : les Jeux Olympiques. Le personnel de s\u00e9curit\u00e9 n&rsquo;\u00e9tait pas aussi nombreux que d&rsquo;habitude. Cette ann\u00e9e, <strong>pr\u00e8s de 400 commer\u00e7ants<\/strong> s\u00e9dentaires et non-s\u00e9dentaires participeront \u00e0 l\u2019\u00e9v\u00e9nement. \u00ab La Grande Braderie permet aux commer\u00e7ants de faire le vide dans leur stock et de refaire le plein de leur tr\u00e9sorerie \u00bb, explique \u00c9milie Dufour, directrice des Vitrines de Strasbourg. Les<strong> stands<\/strong> sont \u00e0 retrouver rue des <strong>Grandes-Arcades<\/strong>, du <strong>Vieux-March\u00e9-aux-Poissons<\/strong>, du <strong>Vieux-March\u00e9-aux-Vins<\/strong>, de la <strong>Haute-Mont\u00e9e<\/strong> ou encore <strong>Grand\u2019rue <\/strong>et <strong>rue des Tanneurs.<\/strong><\/p>\n<p><strong>Les nouveaut\u00e9s<\/strong><\/p>\n<p>Cette ann\u00e9e, ce n\u2019est pas une mais <strong>deux brocantes<\/strong> qui attendent les visiteurs. Deux fois plus de seconde main et de r\u00e9cup\u2019. \u00ab C\u2019est une journ\u00e9e de bonnes affaires \u00bb, affirme \u00c9milie Dufour. La <strong>place Broglie <\/strong>accueille l\u2019habituel <strong>vide-greniers avec les exposants professionnels et les particuliers<\/strong>. Et la place <strong>Saint-Thomas<\/strong> sera consacr\u00e9e \u00e0 une <strong>grande brocante de particuliers<\/strong>. Une autre nouveaut\u00e9 : la <strong>place Broglie et son parking seront accessibles en voiture par la rue de la Nu\u00e9e-Bleue.<\/strong><\/p>\n<p><strong>Perturbations des trams jusque 21h30 :<\/strong><\/p>\n<ul>\n<li>Les stations <strong>\u00c9toile Bourse<\/strong>, <strong>Porte de l\u2019H\u00f4pital<\/strong>, <strong>Langstross Grand\u2019Rue<\/strong> et <strong>Homme de Fe<\/strong>r ne sont <strong>pas desservies<\/strong>.<\/li>\n<li>\u00a0<strong>Les trams circulent \u00e0 nouveau entre Ancienne Synagogue Les Halles et Parc des Sports \/ Poteries <\/strong>(fin des travaux).<\/li>\n<li>\u00c0 \u00c9toile Polygone, <strong>le tram A venant d\u2019Illkirch devient un tram D vers Kehl <\/strong>et<strong> le tram D venant de Kehl devient un tram A vers Illkirch<\/strong>.<\/li>\n<li>Une<strong> navette partant d\u2019\u00c9toile Bourse permettra de rejoindre le centre-ville.<\/strong><\/li>\n<li><strong>\u00c9toile Polygone <\/strong>assure la<strong> correspondance <\/strong>entre les lignes<strong> A, D et E.<\/strong><\/li>\n<li>Les<strong> parkings relais<\/strong> seront <strong>gratuits d\u00e8s 20 \u20ac d\u2019achat dans le centre-ville<\/strong><\/li>\n<\/ul>\n<p>\u00a0<\/p>\n<\/p>\n<p>\u00a0<\/p>\n","protected":false},"excerpt":{"rendered":"Pr\u00e9c\u00e9dente \u00e9dition de la Grande Braderie de Strasbourg Cr\u00e9dit : Jean Paul Munch Des affiches, des v\u00eatements ou&hellip;\n","protected":false},"author":2,"featured_media":272408,"comment_status":"","ping_status":"","sticky":false,"template":"","format":"standard","meta":{"footnotes":""},"categories":[2820],"tags":[15718,1111,11,2389,2649,41191,17804,6961,7230,1777,674,1011,27,775,4555,12,25,640,4100,8128],"class_list":{"0":"post-272407","1":"post","2":"type-post","3":"status-publish","4":"format-standard","5":"has-post-thumbnail","7":"category-strasbourg","8":"tag-achat","9":"tag-actu","10":"tag-actualites","11":"tag-alsace","12":"tag-bas-rhin","13":"tag-bonnes-affaires","14":"tag-braderie","15":"tag-brocante","16":"tag-commercants","17":"tag-eu","18":"tag-europe","19":"tag-fr","20":"tag-france","21":"tag-grand-est","22":"tag-local","23":"tag-news","24":"tag-republique-francaise","25":"tag-strasbourg","26":"tag-vente","27":"tag-vitrines-de-strasbourg"},"share_on_mastodon":{"url":"https:\/\/pubeurope.com\/@fr\/114913058805180083","error":""},"_links":{"self":[{"href":"https:\/\/www.europesays.com\/fr\/wp-json\/wp\/v2\/posts\/272407","targetHints":{"allow":["GET"]}}],"collection":[{"href":"https:\/\/www.europesays.com\/fr\/wp-json\/wp\/v2\/posts"}],"about":[{"href":"https:\/\/www.europesays.com\/fr\/wp-json\/wp\/v2\/types\/post"}],"author":[{"embeddable":true,"href":"https:\/\/www.europesays.com\/fr\/wp-json\/wp\/v2\/users\/2"}],"replies":[{"embeddable":true,"href":"https:\/\/www.europesays.com\/fr\/wp-json\/wp\/v2\/comments?post=272407"}],"version-history":[{"count":0,"href":"https:\/\/www.europesays.com\/fr\/wp-json\/wp\/v2\/posts\/272407\/revisions"}],"wp:featuredmedia":[{"embeddable":true,"href":"https:\/\/www.europesays.com\/fr\/wp-json\/wp\/v2\/media\/272408"}],"wp:attachment":[{"href":"https:\/\/www.europesays.com\/fr\/wp-json\/wp\/v2\/media?parent=272407"}],"wp:term":[{"taxonomy":"category","embeddable":true,"href":"https:\/\/www.europesays.com\/fr\/wp-json\/wp\/v2\/categories?post=272407"},{"taxonomy":"post_tag","embeddable":true,"href":"https:\/\/www.europesays.com\/fr\/wp-json\/wp\/v2\/tags?post=272407"}],"curies":[{"name":"wp","href":"https:\/\/api.w.org\/{rel}","templated":true}]}}