{"id":272409,"date":"2025-07-25T09:01:10","date_gmt":"2025-07-25T09:01:10","guid":{"rendered":"https:\/\/www.europesays.com\/fr\/272409\/"},"modified":"2025-07-25T09:01:10","modified_gmt":"2025-07-25T09:01:10","slug":"un-champion-olympique-a-nice-un-champion-deurope-a-brive-de-nouveaux-transferts-officialises","status":"publish","type":"post","link":"https:\/\/www.europesays.com\/fr\/272409\/","title":{"rendered":"Un champion olympique \u00e0 Nice, un champion d&rsquo;Europe \u00e0 Brive&#8230; De nouveaux transferts officialis\u00e9s"},"content":{"rendered":"<p>            Par<br \/>\n        <strong><br \/>\n            <a href=\"https:\/\/actu.fr\/auteur\/anthony-assemat\" title=\"Consulter tous les articles de Anthony Assemat\" target=\"_blank\" rel=\"noopener\">Anthony Assemat<\/a><br \/>\n        <\/strong><\/p>\n<p>        Publi\u00e9 le<\/p>\n<p>            25 juil. 2025 \u00e0 10h18        <\/p>\n<p>La p\u00e9riode estivale est propice \u00e0 l\u2019officialisation de nouveaux transferts dans de nombreux clubs. Pas mal de ces mutations \u00e9taient d\u00e9j\u00e0 connues, avec des tractations qui se poursuivaient. Mais \u00e0 l\u2019heure o\u00f9 tous les clubs de Pro D2, par exemple, <a href=\"https:\/\/prod2.lnr.fr\/actualite\/le-programme-de-lintersaison-des-clubs-de-pro-d2\" target=\"_blank\" rel=\"noopener\">ont repris le chemin de l\u2019entra\u00eenement,<\/a> il est temps pour tout le monde d\u2019ajuster et de compl\u00e9ter son effectif.<\/p>\n<p class=\" wall-content\">Actu Rugby fait le point.<\/p>\n<p>Nissa Rugby attire un champion olympique\u2026<\/p>\n<p class=\" wall-content\">S\u2019il est un club qui ne masque pas ses ambitions, c\u2019est bien <a href=\"https:\/\/www.instagram.com\/stadenicois\/\" target=\"_blank\" rel=\"noopener\">Nissa Rugby<\/a> (le nouveau nom du club, qui a remplac\u00e9 Stade Ni\u00e7ois au 1er juillet 2025). Rel\u00e9gu\u00e9 en Nationale \u00e0 l\u2019issue de la saison, le club pr\u00e9sid\u00e9 par<strong> Jean-Baptiste Aldig\u00e9<\/strong> ne veut pas moisir dans la troisi\u00e8me division fran\u00e7aise et s\u2019est donn\u00e9 les moyens de remonter rapidement. Le club a ainsi officialis\u00e9 l\u2019arriv\u00e9e d\u2019un champion olympique \u00e0 7 2024 (rien que \u00e7a) en la personne de <strong>Jean-Pascal Barraque<\/strong>.<\/p>\n<p class=\" wall-content\">A 34 ans, l\u2019international tricolore (1 s\u00e9lection en 2020), qui peut jouer \u00e0 peu pr\u00e8s partout derri\u00e8re, surtout centre, quitte Perpignan pour amener toute son exp\u00e9rience. Il devrait former avec le Fidjien Waisea Nayacalevu une paire de haute vol\u00e9e !<\/p>\n<p class=\" wall-content\">\n<p class=\" wall-content\">Les Ni\u00e7ois ont \u00e9galement officialis\u00e9, ces derniers jours, l\u2019arriv\u00e9e de trois anciens pensionnaires du Top 14 : le Bayonnais <strong>Guillaume Rouet<\/strong> et le Parisien <strong>Jules Gimbert<\/strong> \u00e0 la m\u00eal\u00e9e, ainsi que le 2e ligne Christiaan Van der Merwe, qui d\u00e9barque de Vannes.<\/p>\n<p>\u2026 mais ne pourra pas compter sur Cassiem<\/p>\n<p class=\" wall-content\">C\u2019est l\u2019imbroglio de l\u2019\u00e9t\u00e9. D\u00e9but juillet, Nissa Rugby avait annonc\u00e9 l\u2019arriv\u00e9e de l\u2019ancien 3e ligne de Bayonne <strong>Uzair Cassiem<\/strong> (35 ans). Un beau coup\u2026 Sauf que trois semaines plus tard, c\u2019\u00e9tait au tour d\u2019Oyonnax d\u2019annoncer la venue du Sud-Africain, pour une saison.<\/p>\n<blockquote class=\"ac-article-quote wall-content\">\n<p>\u00ab\u00a0Je suis ravi de voir Uzair rejoindre notre club. A travers un recrutement ax\u00e9 sur la jeunesse, il sera pour sa part la touche d&rsquo;exp\u00e9rience qui compl\u00e9tera notre effectif. Il s&rsquo;agit d&rsquo;un joueur complet, puissant, capable \u00e0 la fois de casser des plaquages et de faire jouer autour de lui. Le tout am\u00e8nera, j&rsquo;en suis s\u00fbr, une plus-value et de la compl\u00e9mentarit\u00e9 \u00e0 notre \u00e9quipe\u00a0\u00bb.<\/p>\n<p>    <strong>Fabien Cibray<\/strong><br \/>\n        Manager sportif d&rsquo;Oyonnax    <\/p><\/blockquote>\n<p class=\" wall-content\">\n<p class=\" wall-content\">Contact\u00e9s pour avoir plus de pr\u00e9cisions sur le cas Cassiem, les clubs de Nice et Oyonnax n\u2019ont pas r\u00e9pondu \u00e0 notre sollicitation.<\/p>\n<p>B\u00e9ziers engage le fils de Dimitri Szarzewski<\/p>\n<p class=\" wall-content\">L\u2019ASBH, elle, a officialis\u00e9 trois recrues : l\u2019arri\u00e8re sud-africain <strong>Durant Koevort,<\/strong> le deuxi\u00e8me <strong>J\u00e9r\u00f4me Dufour<\/strong> et un jeune ouvreur, un certain<strong> Hugo Szarzewski,<\/strong> le fils de Dimitri Szarzewski (83 s\u00e9lections en \u00e9quipe de France, ancien entra\u00eeneur des avants du Racing 92).<\/p>\n<p class=\" wall-content\">\n<p>Carcassonne : avec un N\u00e9o-Z\u00e9landais\u2026 et un Taofifenua dans le moteur<\/p>\n<p class=\" wall-content\">Promu en Pro D2 apr\u00e8s une finale dantesque et irrespirable face \u00e0 Chamb\u00e9ry, Carcassonne a officialis\u00e9 l\u2019arriv\u00e9e de deux nouveaux joueurs. Au centre, le public audois va d\u00e9couvrir le centre n\u00e9o-z\u00e9landais<strong> Joe Wadman<\/strong>. M\u00eame s\u2019il n\u2019arrive pas avec l\u2019\u00e9tiquette d\u2019un All Black, voir jouer un N\u00e9o-Z\u00e9landais reste toujours une attraction.<\/p>\n<p class=\" wall-content\">En pilier, Carcassonne enregistre l\u2019arriv\u00e9e de <strong>Killian Taofifenua<\/strong> (25 ans), form\u00e9 \u00e0 Perpignan et pass\u00e9 par Nice et Biarritz. Dans la grande famille des \u00ab\u00a0Tao\u00a0\u00bb, il s\u2019agit du fr\u00e8re du 2e ligne Romain et du pilier S\u00e9bastien.<\/p>\n<p>Un champion d\u2019Europe d\u00e9barque \u00e0 Brive<\/p>\n<p class=\" wall-content\">Apr\u00e8s l\u2019immense d\u00e9ception de l\u2019\u00e9limination en demi-finale face au surprenant Montauban, Brive doit remettre le bleu de chauffe pour aller chercher son accession en Top 14. Au recrutement d\u00e9j\u00e0 all\u00e9chant d\u00e9j\u00e0 officialis\u00e9 (Tisseron, Shillcock, Cooney, Charcosset\u2026), vient de s\u2019ajouter l\u2019arriv\u00e9e du centre australien<strong> Ben Tapuai.<\/strong> Champion d\u2019Europe avec l\u2019UBB, il est apparu \u00e0 15 reprises (Top 14 et Coupe d\u2019Europe) la saison derni\u00e8re dans la rotation, lui qui \u00e9tait le 4e choix \u00e0 ce poste derri\u00e8re le duo Moefana-Depoort\u00e8re et le Sud-Africain Van Rensburg.<\/p>\n<p class=\" wall-content\">Suivez toute l\u2019actualit\u00e9 de vos villes et m\u00e9dias favoris en vous inscrivant \u00e0 <a href=\"https:\/\/moncompte.actu.fr\" title=\"D\u00e9couvez Mon Actu\" rel=\"nofollow noopener\" data-trk=\"{&quot;cta&quot;:{&quot;action&quot;:&quot;https:\\\/\\\/moncompte.actu.fr&quot;,&quot;category&quot;:&quot;mon compte&quot;,&quot;from&quot;:&quot;article footer&quot;,&quot;name&quot;:&quot;Mon actu&quot;,&quot;type&quot;:&quot;cta&quot;}}\" target=\"_blank\">Mon Actu<\/a>.<\/p>\n<ul class=\"ac-article-tag wall-content\">\n<li><a href=\"https:\/\/actu.fr\/tag\/nationale\" data-trk=\"{&quot;cta&quot;:{&quot;action&quot;:&quot;Nationale&quot;,&quot;category&quot;:&quot;tag&quot;,&quot;from&quot;:&quot;article footer&quot;,&quot;name&quot;:&quot;Nationale&quot;,&quot;type&quot;:&quot;cta&quot;}}\" target=\"_blank\" rel=\"noopener\">#Nationale<\/a><\/li>\n<li><a href=\"https:\/\/actu.fr\/tag\/transferts-rugby\" data-trk=\"{&quot;cta&quot;:{&quot;action&quot;:&quot;Transferts rugby&quot;,&quot;category&quot;:&quot;tag&quot;,&quot;from&quot;:&quot;article footer&quot;,&quot;name&quot;:&quot;Transferts rugby&quot;,&quot;type&quot;:&quot;cta&quot;}}\" target=\"_blank\" rel=\"noopener\">#Transferts rugby<\/a><\/li>\n<\/ul>\n<p>                    <script async src=\"\/\/www.instagram.com\/embed.js\"><\/script><\/p>\n","protected":false},"excerpt":{"rendered":"Par Anthony Assemat Publi\u00e9 le 25 juil. 2025 \u00e0 10h18 La p\u00e9riode estivale est propice \u00e0 l\u2019officialisation de&hellip;\n","protected":false},"author":2,"featured_media":272410,"comment_status":"","ping_status":"","sticky":false,"template":"","format":"standard","meta":{"footnotes":""},"categories":[2819],"tags":[1111,11,1777,674,1011,27,4361,12,2401,2308,882,25,479,60,477],"class_list":{"0":"post-272409","1":"post","2":"type-post","3":"status-publish","4":"format-standard","5":"has-post-thumbnail","7":"category-nice","8":"tag-actu","9":"tag-actualites","10":"tag-eu","11":"tag-europe","12":"tag-fr","13":"tag-france","14":"tag-nationale","15":"tag-news","16":"tag-nice","17":"tag-pro-d2","18":"tag-provence-alpes-cote-dazur","19":"tag-republique-francaise","20":"tag-rugby","21":"tag-sports","22":"tag-transferts-rugby"},"share_on_mastodon":{"url":"https:\/\/pubeurope.com\/@fr\/114913062715476367","error":""},"_links":{"self":[{"href":"https:\/\/www.europesays.com\/fr\/wp-json\/wp\/v2\/posts\/272409","targetHints":{"allow":["GET"]}}],"collection":[{"href":"https:\/\/www.europesays.com\/fr\/wp-json\/wp\/v2\/posts"}],"about":[{"href":"https:\/\/www.europesays.com\/fr\/wp-json\/wp\/v2\/types\/post"}],"author":[{"embeddable":true,"href":"https:\/\/www.europesays.com\/fr\/wp-json\/wp\/v2\/users\/2"}],"replies":[{"embeddable":true,"href":"https:\/\/www.europesays.com\/fr\/wp-json\/wp\/v2\/comments?post=272409"}],"version-history":[{"count":0,"href":"https:\/\/www.europesays.com\/fr\/wp-json\/wp\/v2\/posts\/272409\/revisions"}],"wp:featuredmedia":[{"embeddable":true,"href":"https:\/\/www.europesays.com\/fr\/wp-json\/wp\/v2\/media\/272410"}],"wp:attachment":[{"href":"https:\/\/www.europesays.com\/fr\/wp-json\/wp\/v2\/media?parent=272409"}],"wp:term":[{"taxonomy":"category","embeddable":true,"href":"https:\/\/www.europesays.com\/fr\/wp-json\/wp\/v2\/categories?post=272409"},{"taxonomy":"post_tag","embeddable":true,"href":"https:\/\/www.europesays.com\/fr\/wp-json\/wp\/v2\/tags?post=272409"}],"curies":[{"name":"wp","href":"https:\/\/api.w.org\/{rel}","templated":true}]}}