{"id":272428,"date":"2025-07-25T09:12:14","date_gmt":"2025-07-25T09:12:14","guid":{"rendered":"https:\/\/www.europesays.com\/fr\/272428\/"},"modified":"2025-07-25T09:12:14","modified_gmt":"2025-07-25T09:12:14","slug":"le-corps-dun-homme-decouvert-dans-un-parking-souterrain","status":"publish","type":"post","link":"https:\/\/www.europesays.com\/fr\/272428\/","title":{"rendered":"Le corps d\u2019un homme d\u00e9couvert dans un parking souterrain"},"content":{"rendered":"<p>Macabre d\u00e9couverte dans la cit\u00e9 Air Bel, \u00e0 l\u2019est de Marseille, <a href=\"https:\/\/www.20minutes.fr\/societe\/4018055-20230109-marseille-defend-batiment-habitants-mis-echec-reseau-trafiquants\" class=\"color-ultramarine c-link\" rel=\"nofollow noopener\" target=\"_blank\">dans le 11e\u00a0arrondissement<\/a>. Un homme d\u2019une quarantaine d\u2019ann\u00e9es, \u00ab\u00a0anciennement connu pour des faits de<a href=\"https:\/\/www.20minutes.fr\/dossier\/braquage\" class=\"color-ultramarine c-link\" rel=\"nofollow noopener\" target=\"_blank\"> braquage<\/a>\u00a0\u00bb, a \u00e9t\u00e9 d\u00e9couvert mort dans un parking souterrain, jeudi en d\u00e9but d\u2019apr\u00e8s-midi, a indiqu\u00e9 le parquet de <a href=\"https:\/\/www.20minutes.fr\/marseille\/\" class=\"color-ultramarine c-link\" rel=\"nofollow noopener\" target=\"_blank\">Marseille,<\/a> confirmant une information de <a href=\"https:\/\/www.laprovence.com\/article\/faits-divers-justice\/96715151236419\/info-la-provence-marseille-un-corps-retrouve-dans-un-parking-souterrain-a-air-bel\" target=\"_blank\" class=\"color-ultramarine c-link\" rel=\"nofollow noopener\">La Provence<\/a>.<\/p>\n<\/p>\n<p>La victime a \u00e9t\u00e9 retrouv\u00e9e inanim\u00e9e par un voisin, devant les boxes permettant aux r\u00e9sidents de se garer, pr\u00e9cise le quotidien r\u00e9gional. Ce dernier a donn\u00e9 l\u2019alerte, mais les secours n\u2019ont pas pu r\u00e9animer le bless\u00e9, en arr\u00eat cardio-respiratoire \u00e0 leur arriv\u00e9e.<\/p>\n<p>Une autopsie \u00e0 venir<\/p>\n<p>Une autopsie doit avoir lieu lundi afin de d\u00e9terminer pr\u00e9cis\u00e9ment les circonstances du d\u00e9c\u00e8s. En effet, rien n\u2019indique \u00e0 ce stade qu\u2019une arme \u00e0 feu ait \u00e9t\u00e9 utilis\u00e9e, selon le parquet. Il y avait \u00ab\u00a0beaucoup de sang\u00a0\u00bb sur les lieux, note cependant une source polici\u00e8re, cit\u00e9e par La Provence.<\/p>\n<p><a href=\"https:\/\/www.20minutes.fr\/marseille\/\" class=\"c-link c-btn c-btn--primary\" rel=\"nofollow noopener\" target=\"_blank\">Retrouvez ici tous nos articles sur l&rsquo;actualit\u00e9 \u00e0 Marseille<\/a><\/p>\n<p>Une enqu\u00eate pour les chefs d\u2019accusations d\u2019assassinat, confi\u00e9e \u00e0 la Division de la criminalit\u00e9 organis\u00e9e et sp\u00e9cialis\u00e9e (DCOS) de la police judiciaire, a \u00e9t\u00e9 ouverte.<\/p>\n<p>Quelques heures auparavant, <a href=\"https:\/\/www.20minutes.fr\/faits_divers\/faits-divers-marseille\/4165074-20250724-marseille-corps-homme-tue-balles-retrouve-coffre-voiture\" class=\"color-ultramarine c-link\" rel=\"nofollow noopener\" target=\"_blank\">le corps d\u2019un homme abattu avait \u00e9t\u00e9 retrouv\u00e9 dans le coffre d\u2019une voiture<\/a> dans le 14e\u00a0arrondissement, au nord de la ville.<\/p>\n","protected":false},"excerpt":{"rendered":"Macabre d\u00e9couverte dans la cit\u00e9 Air Bel, \u00e0 l\u2019est de Marseille, dans le 11e\u00a0arrondissement. Un homme d\u2019une quarantaine&hellip;\n","protected":false},"author":2,"featured_media":272429,"comment_status":"","ping_status":"","sticky":false,"template":"","format":"standard","meta":{"footnotes":""},"categories":[2814],"tags":[1111,47,11,6744,885,1174,1777,674,118,7505,1011,27,884,777,12,883,882,25],"class_list":{"0":"post-272428","1":"post","2":"type-post","3":"status-publish","4":"format-standard","5":"has-post-thumbnail","7":"category-marseille","8":"tag-actu","9":"tag-actualite","10":"tag-actualites","11":"tag-assassinat","12":"tag-bouches-du-rhone","13":"tag-cambriolage","14":"tag-eu","15":"tag-europe","16":"tag-faits-divers","17":"tag-faits-divers-marseille","18":"tag-fr","19":"tag-france","20":"tag-marseille","21":"tag-meurtre","22":"tag-news","23":"tag-paca","24":"tag-provence-alpes-cote-dazur","25":"tag-republique-francaise"},"share_on_mastodon":{"url":"https:\/\/pubeurope.com\/@fr\/114913105913347507","error":""},"_links":{"self":[{"href":"https:\/\/www.europesays.com\/fr\/wp-json\/wp\/v2\/posts\/272428","targetHints":{"allow":["GET"]}}],"collection":[{"href":"https:\/\/www.europesays.com\/fr\/wp-json\/wp\/v2\/posts"}],"about":[{"href":"https:\/\/www.europesays.com\/fr\/wp-json\/wp\/v2\/types\/post"}],"author":[{"embeddable":true,"href":"https:\/\/www.europesays.com\/fr\/wp-json\/wp\/v2\/users\/2"}],"replies":[{"embeddable":true,"href":"https:\/\/www.europesays.com\/fr\/wp-json\/wp\/v2\/comments?post=272428"}],"version-history":[{"count":0,"href":"https:\/\/www.europesays.com\/fr\/wp-json\/wp\/v2\/posts\/272428\/revisions"}],"wp:featuredmedia":[{"embeddable":true,"href":"https:\/\/www.europesays.com\/fr\/wp-json\/wp\/v2\/media\/272429"}],"wp:attachment":[{"href":"https:\/\/www.europesays.com\/fr\/wp-json\/wp\/v2\/media?parent=272428"}],"wp:term":[{"taxonomy":"category","embeddable":true,"href":"https:\/\/www.europesays.com\/fr\/wp-json\/wp\/v2\/categories?post=272428"},{"taxonomy":"post_tag","embeddable":true,"href":"https:\/\/www.europesays.com\/fr\/wp-json\/wp\/v2\/tags?post=272428"}],"curies":[{"name":"wp","href":"https:\/\/api.w.org\/{rel}","templated":true}]}}