{"id":272430,"date":"2025-07-25T09:13:10","date_gmt":"2025-07-25T09:13:10","guid":{"rendered":"https:\/\/www.europesays.com\/fr\/272430\/"},"modified":"2025-07-25T09:13:10","modified_gmt":"2025-07-25T09:13:10","slug":"rencontre-avec-la-lyonnaise-virginie-grossat","status":"publish","type":"post","link":"https:\/\/www.europesays.com\/fr\/272430\/","title":{"rendered":"rencontre avec la lyonnaise Virginie Grossat"},"content":{"rendered":"<p class=\"MsoNormal\">Sa vid\u00e9o publi\u00e9e sur TikTok a suscit\u00e9 de nombreuses r\u00e9actions, d\u00e9passant les 2,5 millions de vues. \u00ab\u00a0Prendre l\u2019avion quand on d\u00e9passe certains standards, \u00e7a peut \u00eatre tr\u00e8s complexant. Le but de ma vid\u00e9o, c\u2019\u00e9tait de dire aux gens que le monde leur appartient aussi, qu\u2019ils peuvent voyager, eux aussi. Donc je donne des petits tips : les extensions de ceinture, les bons plans pour les si\u00e8ges\u2026\u00a0\u00bb Un message fort dans une soci\u00e9t\u00e9 o\u00f9 les corps hors normes sont souvent invisibilis\u00e9s, et o\u00f9 les infrastructures elles-m\u00eames, avions, si\u00e8ges, \u00e9quipements m\u00e9dicaux, ne sont pas toujours adapt\u00e9es. \u00ab\u00a0Quand on sort un peu du moule, comme c\u2019est mon cas, \u00e7a peut vite devenir compliqu\u00e9 : les accoudoirs trop serr\u00e9s, les brassards de tension trop petits, les lits d\u2019h\u00f4pitaux inadapt\u00e9s\u2026 Certaines personnes n\u2019osent m\u00eame plus aller voir un m\u00e9decin. Moi, je suis l\u00e0 pour lib\u00e9rer la parole, pour leur donner confiance, pour qu\u2019ils prennent soin d\u2019eux.\u00a0\u00bb<\/p>\n<p class=\"MsoNormal\"><strong>\u00ab\u00a0Au d\u00e9part, je faisais juste la belle sur Instagram\u00a0\u00bb.\u00a0<\/strong><\/p>\n<p class=\"MsoNormal\">Tomb\u00e9e un peu par hasard dans le monde de l\u2019influence, Virginie Grossat est aujourd\u2019hui suivie par plus de 80 000 abonn\u00e9s sur Instagram. Avec un contenu qui a \u00e9volu\u00e9 au fil du temps. \u00ab\u00a0\u00c0 la base, je faisais juste la belle sur Instagram. Mais quand tu es grosse et visible, \u00e7a devient politique, m\u00eame si tu ne le cherches pas.\u00a0\u00bb De la mode grande taille \u00e0 la confiance en soi, elle partage d\u00e9sormais des conseils pratiques, des r\u00e9flexions, des r\u00e9cits personnels. Un contenu qui r\u00e9sonne pour beaucoup. \u00ab\u00a0Il y a toujours de la mode, de l\u2019ego et heureusement ! Mais maintenant, il y a aussi tout un volet sur la confiance en soi. Je re\u00e7ois des messages super touchants : des gens qui me disent \u00ab\u00a0J\u2019ai book\u00e9 mon billet pour la Martinique, j\u2019ose enfin !\u00a0\u00bb Certains s\u2019identifient \u00e0 moi. Ils se disent : si elle peut le faire, moi aussi.\u00a0\u00bb<\/p>\n<p class=\"MsoNormal\">Virginie a toujours \u00e9t\u00e9 en surpoids, mais elle reconna\u00eet avoir eu la chance d\u2019\u00e9voluer dans une famille aimante et bienveillante. Une base solide pour affronter le regard des autres. \u00ab\u00a0C\u2019est plus facile pour moi d\u2019accepter ce corps. J\u2019ai toujours eu celui-l\u00e0, je ne connais rien d\u2019autre.\u00a0\u00bb Mais tout le monde ne partage pas cette bienveillance. Sur les r\u00e9seaux sociaux, les commentaires violents se multiplient : moqueries, haine, jusqu\u2019\u00e0 des menaces de mort ou de viol. Certaines finissent en d\u00e9p\u00f4t de plainte.<\/p>\n<blockquote class=\"instagram-media\" style=\"background: #FFF; border: 0; border-radius: 3px; box-shadow: 0 0 1px 0 rgba(0,0,0,0.5),0 1px 10px 0 rgba(0,0,0,0.15); margin: 1px; max-width: 540px; min-width: 326px; padding: 0; width: calc(100% - 2px);\" data-instgrm-captioned=\"\" data-instgrm-permalink=\"https:\/\/www.instagram.com\/reel\/DLEyLMhKJoK\/?utm_source=ig_embed&amp;utm_campaign=loading\" data-instgrm-version=\"14\"><p>&#13;<br \/>\n&#13;\n<\/p><\/blockquote>\n<p class=\"MsoNormal\">\u00ab\u00a0On n\u2019a pas l\u2019habitude de voir des personnes grosses heureuses. Par exemple, r\u00e9cemment, je participais \u00e0 un \u00e9v\u00e9nement, un vide-dressing grande taille. Je cherchais une photo de groupe de femmes grosses en train de rigoler pour la communication.\u00a0J\u2019ai cherch\u00e9 dans les banques d\u2019images. Rien. Juste des femmes en surpoids qui pleurent ou montent sur une balance. Jamais de femmes grosses heureuses.\u00a0\u00bb Elle est souvent accus\u00e9e de \u00ab\u00a0faire la promotion de l\u2019ob\u00e9sit\u00e9\u00a0\u00bb. Une critique qu\u2019elle rejette fermement. \u00ab\u00a0Je ne fais pas la promo de l\u2019ob\u00e9sit\u00e9. Je fais la promo du bien-\u00eatre, de la confiance, du fait de vivre sa meilleure vie, peu importe sa taille.\u00a0\u00bb Un commentaire l\u2019a particuli\u00e8rement marqu\u00e9e : \u00ab\u00a0Quelqu\u2019un a \u00e9crit : \u201cElle, elle vit comme une mince.\u201d C\u2019est dingue, mais oui. Les gens sont tellement habitu\u00e9s \u00e0 voir les personnes grosses se cacher, se priver, \u00eatre discr\u00e8tes\u2026 que le simple fait que je vive normalement, \u00e7a choque.\u00a0\u00bb<\/p>\n<p class=\"MsoNormal\"><strong>Une visibilit\u00e9 assum\u00e9e, un avenir r\u00eav\u00e9<\/strong><\/p>\n<p class=\"MsoNormal\">Aujourd\u2019hui, Virginie vit de son activit\u00e9. Gr\u00e2ce \u00e0 TikTok, aux partenariats avec des marques qu\u2019elle aime, elle s\u2019est construit une place dans l\u2019univers de l\u2019influence. \u00ab\u00a0Mon but ultime ? Faire la couverture d\u2019un magazine de mode, pas parce que je suis grosse, mais juste parce que je suis l\u00e0. Parce que je suis une femme.\u00a0\u00bb Et pourquoi pas d\u00e9filer pour Savage Fenty, la marque inclusive de Rihanna ? \u00ab\u00a0C\u2019est vrai que je collabore d\u00e9j\u00e0 avec Savage Fenty. Si Rihanna m\u2019appelle pour un d\u00e9fil\u00e9\u2026 je prends ! AHAH\u00a0\u00bb<\/p>\n<p class=\"MsoNormal\"><strong>Une le\u00e7on\u00a0? <\/strong><\/p>\n<p class=\"MsoNormal\">\u00ab\u00a0Vraiment, s\u2019il y a un message que je veux faire passer, c\u2019est d&rsquo;oser.\u00a0Mon surpoids ne m\u2019a pas ferm\u00e9 de portes. Au contraire, il m\u2019a ouvert plein d\u2019opportunit\u00e9s. Si vous avez quelque chose qui vous rend unique, une passion, une diff\u00e9rence, quelle qu\u2019elle soit\u2026 c\u2019est une force. Cassez les codes, poussez les barri\u00e8res, et surtout, d\u00e9tachez-vous du regard des autres. Vous verrez, vous allez vivre votre meilleure vie !\u00a0\u00bb<\/p>\n<blockquote class=\"instagram-media\" style=\"background: #FFF; border: 0; border-radius: 3px; box-shadow: 0 0 1px 0 rgba(0,0,0,0.5),0 1px 10px 0 rgba(0,0,0,0.15); margin: 1px; max-width: 540px; min-width: 326px; padding: 0; width: calc(100% - 2px);\" data-instgrm-captioned=\"\" data-instgrm-permalink=\"https:\/\/www.instagram.com\/reel\/DMhmQjPIGzk\/?utm_source=ig_embed&amp;utm_campaign=loading\" data-instgrm-version=\"14\"><p>&#13;<br \/>\n&#13;\n<\/p><\/blockquote>\n<p>  \t\t\t\t\t<script async src=\"\/\/www.instagram.com\/embed.js\"><\/script><\/p>\n","protected":false},"excerpt":{"rendered":"Sa vid\u00e9o publi\u00e9e sur TikTok a suscit\u00e9 de nombreuses r\u00e9actions, d\u00e9passant les 2,5 millions de vues. \u00ab\u00a0Prendre l\u2019avion&hellip;\n","protected":false},"author":2,"featured_media":272431,"comment_status":"","ping_status":"","sticky":false,"template":"","format":"standard","meta":{"footnotes":""},"categories":[1889],"tags":[1111,11,2813,2190,2430,1109,251,1112,2811,1777,674,118,1294,4651,1011,27,1922,1110,1114,2428,4903,4902,12,241,316,25,2812,517,800],"class_list":{"0":"post-272430","1":"post","2":"type-post","3":"status-publish","4":"format-standard","5":"has-post-thumbnail","7":"category-lyon","8":"tag-actu","9":"tag-actualites","10":"tag-article","11":"tag-asvel","12":"tag-auvergne-rhone-alpes","13":"tag-breves","14":"tag-culture","15":"tag-depeches","16":"tag-economique","17":"tag-eu","18":"tag-europe","19":"tag-faits-divers","20":"tag-femme","21":"tag-femmes","22":"tag-fr","23":"tag-france","24":"tag-info","25":"tag-informations","26":"tag-infos","27":"tag-lyon","28":"tag-lyonfemme","29":"tag-lyonfemmes","30":"tag-news","31":"tag-ol","32":"tag-politique","33":"tag-republique-francaise","34":"tag-sociale","35":"tag-sport","36":"tag-transports"},"share_on_mastodon":{"url":"https:\/\/pubeurope.com\/@fr\/114913109909218692","error":""},"_links":{"self":[{"href":"https:\/\/www.europesays.com\/fr\/wp-json\/wp\/v2\/posts\/272430","targetHints":{"allow":["GET"]}}],"collection":[{"href":"https:\/\/www.europesays.com\/fr\/wp-json\/wp\/v2\/posts"}],"about":[{"href":"https:\/\/www.europesays.com\/fr\/wp-json\/wp\/v2\/types\/post"}],"author":[{"embeddable":true,"href":"https:\/\/www.europesays.com\/fr\/wp-json\/wp\/v2\/users\/2"}],"replies":[{"embeddable":true,"href":"https:\/\/www.europesays.com\/fr\/wp-json\/wp\/v2\/comments?post=272430"}],"version-history":[{"count":0,"href":"https:\/\/www.europesays.com\/fr\/wp-json\/wp\/v2\/posts\/272430\/revisions"}],"wp:featuredmedia":[{"embeddable":true,"href":"https:\/\/www.europesays.com\/fr\/wp-json\/wp\/v2\/media\/272431"}],"wp:attachment":[{"href":"https:\/\/www.europesays.com\/fr\/wp-json\/wp\/v2\/media?parent=272430"}],"wp:term":[{"taxonomy":"category","embeddable":true,"href":"https:\/\/www.europesays.com\/fr\/wp-json\/wp\/v2\/categories?post=272430"},{"taxonomy":"post_tag","embeddable":true,"href":"https:\/\/www.europesays.com\/fr\/wp-json\/wp\/v2\/tags?post=272430"}],"curies":[{"name":"wp","href":"https:\/\/api.w.org\/{rel}","templated":true}]}}