{"id":272432,"date":"2025-07-25T09:14:10","date_gmt":"2025-07-25T09:14:10","guid":{"rendered":"https:\/\/www.europesays.com\/fr\/272432\/"},"modified":"2025-07-25T09:14:10","modified_gmt":"2025-07-25T09:14:10","slug":"a-lyon-des-vacances-pour-ceux-qui-ne-partent-pas","status":"publish","type":"post","link":"https:\/\/www.europesays.com\/fr\/272432\/","title":{"rendered":"A Lyon, des vacances pour ceux qui ne partent pas"},"content":{"rendered":"<p>Un des visages de la pauvret\u00e9 est le renoncement aux vacances. Quatre Fran\u00e7ais sur dix ne partent pas en cong\u00e9s de toute l\u2019ann\u00e9e, selon le Credoc, et ce chiffre n\u2019a pas baiss\u00e9 depuis les ann\u00e9es 1980.<\/p>\n<p>Pour certains, l\u2019arriv\u00e9e de l\u2019\u00e9t\u00e9 n\u2019est donc pas une joie\u00a0: c\u2019est l\u2019angoisse de se retrouver seul, pendant deux mois, dans un quartier vid\u00e9 d\u2019une partie de ses habitants, o\u00f9 les commerces sont ferm\u00e9s, o\u00f9 les activit\u00e9s manquent et o\u00f9 il fait chaud. \u00ab\u00a0Pour les habitants des quartiers prioritaires, l\u2019\u00e9t\u00e9, c\u2019est la mort dans le quartier\u00a0\u00bb, estime Sandrine Sanchez, directrice adjointe \u00e0 la politique de la ville de la M\u00e9tropole de Lyon.<\/p>\n<p><strong>Cin\u00e9ma en plein air<\/strong><\/p>\n<p>Son constat remonte aux lendemains de la crise sanitaire. La collectivit\u00e9 lance alors l\u2019appel \u00e0 projets \u00ab\u00a0quartiers d\u2019\u00e9t\u00e9\u00a0\u00bb, qui vise \u00e0 financer &#8230;<\/p>\n<p class=\"blocCut__title\">\n\t\t\t\t\t\t\t\t\t[80% reste \u00e0 lire]\n\t\t\t\t\t\t\t<\/p>\n<p class=\"blocCut__title--type2\">Article r\u00e9serv\u00e9 aux abonn\u00e9s<\/p>\n<p class=\"blocCut__title--type3\">Club Pr\u00e9vention-S\u00e9curit\u00e9, Club Sant\u00e9 Social<\/p>\n<p class=\"blocCut__title--type2\">VOUS N&rsquo;\u00eaTES PAS ABONN\u00e9 ?<\/p>\n<p class=\"blocCut__title--type4\">Testez notre Offre D\u00e9couverte Club Sant\u00e9 Social pendant 15 jours<\/p>\n<p>\t\t\t\t\t\t\t\t<a href=\"https:\/\/www.abonnement.infopro-digital.com\/offre-decouverte-du-club-sante-social\/inscription\/623\/3423#xtor=CS5-330-[site_paywall]-[https:\/\/www.lagazettedescommunes.com\/995572\/a-lyon-des-vacances-pour-ceux-qui-ne-partent-pas\/]-[page_article]-[a]\" target=\"_blank\" class=\"btn__full buttonTypeA buttonTypeA--1\" rel=\"noopener\">J\u2019en profite<\/a><\/p>\n","protected":false},"excerpt":{"rendered":"Un des visages de la pauvret\u00e9 est le renoncement aux vacances. Quatre Fran\u00e7ais sur dix ne partent pas&hellip;\n","protected":false},"author":2,"featured_media":272433,"comment_status":"","ping_status":"","sticky":false,"template":"","format":"standard","meta":{"footnotes":""},"categories":[1889],"tags":[2342,1111,2344,15578,47,15576,2341,11,2430,15575,2340,1777,674,1011,27,30482,2428,12,6347,1306,25,2429,35530,15577,2343],"class_list":{"0":"post-272432","1":"post","2":"type-post","3":"status-publish","4":"format-standard","5":"has-post-thumbnail","7":"category-lyon","8":"tag-a-la-une-sante-social","9":"tag-actu","10":"tag-actu-expert-sante-social","11":"tag-actu-experts-prevention-securite","12":"tag-actualite","13":"tag-actualite-prevention-securite","14":"tag-actualite-sante-social","15":"tag-actualites","16":"tag-auvergne-rhone-alpes","17":"tag-club-prevention-securite","18":"tag-club-sante-social","19":"tag-eu","20":"tag-europe","21":"tag-fr","22":"tag-france","23":"tag-inegalites-sociales","24":"tag-lyon","25":"tag-news","26":"tag-politique-de-la-ville","27":"tag-regions","28":"tag-republique-francaise","29":"tag-rhone","30":"tag-rlazarova","31":"tag-toute-lactu-prevention-securite","32":"tag-toute-lactu-sante-social"},"share_on_mastodon":{"url":"https:\/\/pubeurope.com\/@fr\/114913113739815059","error":""},"_links":{"self":[{"href":"https:\/\/www.europesays.com\/fr\/wp-json\/wp\/v2\/posts\/272432","targetHints":{"allow":["GET"]}}],"collection":[{"href":"https:\/\/www.europesays.com\/fr\/wp-json\/wp\/v2\/posts"}],"about":[{"href":"https:\/\/www.europesays.com\/fr\/wp-json\/wp\/v2\/types\/post"}],"author":[{"embeddable":true,"href":"https:\/\/www.europesays.com\/fr\/wp-json\/wp\/v2\/users\/2"}],"replies":[{"embeddable":true,"href":"https:\/\/www.europesays.com\/fr\/wp-json\/wp\/v2\/comments?post=272432"}],"version-history":[{"count":0,"href":"https:\/\/www.europesays.com\/fr\/wp-json\/wp\/v2\/posts\/272432\/revisions"}],"wp:featuredmedia":[{"embeddable":true,"href":"https:\/\/www.europesays.com\/fr\/wp-json\/wp\/v2\/media\/272433"}],"wp:attachment":[{"href":"https:\/\/www.europesays.com\/fr\/wp-json\/wp\/v2\/media?parent=272432"}],"wp:term":[{"taxonomy":"category","embeddable":true,"href":"https:\/\/www.europesays.com\/fr\/wp-json\/wp\/v2\/categories?post=272432"},{"taxonomy":"post_tag","embeddable":true,"href":"https:\/\/www.europesays.com\/fr\/wp-json\/wp\/v2\/tags?post=272432"}],"curies":[{"name":"wp","href":"https:\/\/api.w.org\/{rel}","templated":true}]}}