{"id":272439,"date":"2025-07-25T09:21:11","date_gmt":"2025-07-25T09:21:11","guid":{"rendered":"https:\/\/www.europesays.com\/fr\/272439\/"},"modified":"2025-07-25T09:21:11","modified_gmt":"2025-07-25T09:21:11","slug":"comment-circuler-dans-paris-lors-de-letape-finale-dimanche-27-juillet","status":"publish","type":"post","link":"https:\/\/www.europesays.com\/fr\/272439\/","title":{"rendered":"comment circuler dans Paris lors de l\u2019\u00e9tape finale, dimanche 27 juillet ?"},"content":{"rendered":"<p class=\"article-p mdl\">Paris, ville de l&rsquo;amour, mais aussi du Tour ! Elle verra le dimanche 27 juillet les coureurs de la Grande Boucle pour la derni\u00e8re \u00e9tape. Ce jour marquera les 50 ans de l&rsquo;arriv\u00e9e sur les Champs \u00c9lys\u00e9es, mais avec une nouveaut\u00e9 : un passage in\u00e9dit \u00e0 la butte Montmartre.\u00a0<\/p>\n<p class=\"article-p mdl\">Mais qui dit \u00e9v\u00e9nement, dit restriction de circulations. D\u00e8s le vendredi 25 juillet \u00e0 18h, le stationnement et circulation de tout type de v\u00e9hicule est interdit dans certaines voies et portions de voies parisiennes. Cela va jusqu&rsquo;au 28 juillet \u00e0 6h du matin. Les zones concern\u00e9es <strong>se trouvent dans Paris centre,<\/strong> notamment le 7\u1d49, 8\u1d49, 9\u1d49 15\u1d49 et 18\u1d49. La liste est \u00e0 retrouver en d\u00e9tail sur les arr\u00eat\u00e9s pris par\u00a0<a class=\"link\" href=\"https:\/\/www.prefecturedepolice.interieur.gouv.fr\/actualites-et-presse\/arretes\/accueil-arretes\" target=\"_blank\" rel=\"nofollow noopener\">la pr\u00e9fecture de police.\u00a0<\/a><\/p>\n<p class=\"article-p mdl\">Si vous laissez votre v\u00e9hicule dans l&rsquo;une de ces rues pendant les p\u00e9riodes mentionn\u00e9es, il sera enlev\u00e9 et mis en fourri\u00e8re. Et si vous pensiez venir avec<a class=\"link\" href=\"https:\/\/www.rtl.fr\/sport\/autres-sports\/cyclisme-pourquoi-le-velo-est-il-surnomme-la-petite-reine-7900114322\" title=\"Cyclisme : pourquoi le v\u00e9lo est-il surnomm\u00e9 &quot;la petite reine&quot; ?\" target=\"_blank\" rel=\"nofollow noopener\"> votre petite reine,<\/a>\u00a0faites attention : les restrictions de stationnement s&rsquo;appliquent aussi \u00e0 vous. Les \u00e9quipes de la pr\u00e9fecture de<strong> <\/strong>police <strong>peuvent retirer les v\u00e9los <\/strong>et les garder dans un commissariat parisien.<\/p>\n<p>            Acc\u00e8s et contr\u00f4les renforc\u00e9s pour les pi\u00e9tons<\/p>\n<p class=\"article-p mdl\">Les pi\u00e9tons et les cyclistes peuvent se d\u00e9placer librement, sauf dans les zones SILT, qui concernent la partie finale de l&rsquo;\u00e9tape du<a class=\"link\" href=\"https:\/\/www.rtl.fr\/actu\/debats-societe\/les-infos-de-6h-tour-de-france-2025-inattendue-incroyable-grandiose-les-supporters-savourent-la-victoire-de-valentin-paret-peintre-sur-le-mont-ventoux-7900525288\" title=\"Les infos de 6h - Tour de France 2025 : &quot;Inattendue&quot; et &quot;grandiose&quot;, les supporters savourent la victoire de Valentin Paret-Peintre au Mont Ventoux\" target=\"_blank\" rel=\"nofollow noopener\"> Tour de France.<\/a>\u00a0Ces restrictions commencent \u00e0 7 h sur les Champs-\u00c9lys\u00e9es et \u00e0 9 h autour de la Madeleine. <strong>Plus contr\u00f4l\u00e9s qu&rsquo;ailleurs,<\/strong> l&rsquo;acc\u00e8s \u00e0 ces zones se fait uniquement par des points de filtrage.<\/p>\n<p class=\"article-p mdl\">Tout le monde peut entrer dans le p\u00e9rim\u00e8tre SILT, mais les pi\u00e9tons doivent passer <strong>par une fouille.<\/strong> Les espaces appel\u00e9s \u00ab\u00a0ASO\u00a0\u00bb, situ\u00e9s pr\u00e8s de la ligne d&rsquo;arriv\u00e9e, sont r\u00e9serv\u00e9s aux personnes munies d&rsquo;une invitation. Les cyclistes amateurs, quant \u00e0 eux, ne sont pas autoris\u00e9s dans ce p\u00e9rim\u00e8tre.<\/p>\n<p class=\"article-p mdl\">Pendant toute la course, <strong>le parcours est bord\u00e9 de barri\u00e8res,<\/strong> et les pi\u00e9tons ne peuvent le traverser qu&rsquo;\u00e0 certains endroits sp\u00e9cifiques, appel\u00e9s \u00ab\u00a0points de cisaillement\u00a0\u00bb.<\/p>\n<p class=\"article-p mdl\">Mais attention,<a class=\"link\" href=\"https:\/\/www.rtl.fr\/sport\/autres-sports\/tour-de-france-2025-le-passage-a-montmartre-un-vieux-reve-qui-devient-realite-7900504917\" title=\"Tour de France 2025 : le passage \u00e0 Montmartre, un vieux r\u00eave qui devient r\u00e9alit\u00e9\" target=\"_blank\" rel=\"nofollow noopener\"> \u00e0 Montmartre,\u00a0<\/a>dans le 18e arrondissement, trois rues sont interdites aux pi\u00e9tons durant la course : les rues Norvins, Puget et Coustou. Le passage Lamarck est aussi concern\u00e9 : aucun v\u00e9hicule, qu&rsquo;il soit motoris\u00e9 ou \u00e0 v\u00e9lo, n\u2019a le droit d\u2019y \u00eatre pr\u00e9sent.<\/p>\n<p>            Des stations ferm\u00e9es le jour de la course<\/p>\n<p class=\"article-p mdl\">Pour l\u2019occasion,\u00a0<a class=\"link\" href=\"https:\/\/www.rtl.fr\/actu\/debats-societe\/paris-pourquoi-la-ratp-va-interrompre-huit-lignes-de-metro-pour-des-travaux-cet-ete-7900500861\" target=\"_blank\" rel=\"nofollow noopener\">plusieurs stations\u00a0<\/a>sont ferm\u00e9es le jour de la course. Au total, <strong>neuf lignes de m\u00e9tro <\/strong>et le RER A sont touch\u00e9s.\u00a0<\/p>\n<p>Toute la journ\u00e9e du 27 juillet, les stations : Tuileries, Concorde, Cl\u00e9menceau, Franklin Roosevelt, George V, Charles de Gaulle-\u00c9toile, Madeleine, Villiers, Rome, Place de Clichy, Blanche seront ferm\u00e9s. <strong>Le funiculaire de Montmartre sera, lui aussi, inaccessible.\u00a0<\/strong><\/p>\n<p>    La r\u00e9daction vous recommande<\/p>\n<p class=\"s-newsletter__title\">\n                L\u2019actualit\u00e9 par la r\u00e9daction de RTL dans votre bo\u00eete mail.\n            <\/p>\n<p class=\"s-newsletter__subtitle\">\n                Gr\u00e2ce \u00e0 votre compte RTL abonnez-vous \u00e0 la newsletter RTL info pour suivre toute l&rsquo;actualit\u00e9 au quotidien\n            <\/p>\n<p>\n                                    Lire la suite\n                                <\/p>\n","protected":false},"excerpt":{"rendered":"Paris, ville de l&rsquo;amour, mais aussi du Tour ! Elle verra le dimanche 27 juillet les coureurs de&hellip;\n","protected":false},"author":2,"featured_media":272440,"comment_status":"","ping_status":"","sticky":false,"template":"","format":"standard","meta":{"footnotes":""},"categories":[1888],"tags":[11,207,1777,674,107,1011,27,12,626,25,210,800],"class_list":{"0":"post-272439","1":"post","2":"type-post","3":"status-publish","4":"format-standard","5":"has-post-thumbnail","7":"category-paris","8":"tag-actualites","9":"tag-cyclisme","10":"tag-eu","11":"tag-europe","12":"tag-fil-info","13":"tag-fr","14":"tag-france","15":"tag-news","16":"tag-paris","17":"tag-republique-francaise","18":"tag-tour-de-france","19":"tag-transports"},"share_on_mastodon":{"url":"https:\/\/pubeurope.com\/@fr\/114913141242462303","error":""},"_links":{"self":[{"href":"https:\/\/www.europesays.com\/fr\/wp-json\/wp\/v2\/posts\/272439","targetHints":{"allow":["GET"]}}],"collection":[{"href":"https:\/\/www.europesays.com\/fr\/wp-json\/wp\/v2\/posts"}],"about":[{"href":"https:\/\/www.europesays.com\/fr\/wp-json\/wp\/v2\/types\/post"}],"author":[{"embeddable":true,"href":"https:\/\/www.europesays.com\/fr\/wp-json\/wp\/v2\/users\/2"}],"replies":[{"embeddable":true,"href":"https:\/\/www.europesays.com\/fr\/wp-json\/wp\/v2\/comments?post=272439"}],"version-history":[{"count":0,"href":"https:\/\/www.europesays.com\/fr\/wp-json\/wp\/v2\/posts\/272439\/revisions"}],"wp:featuredmedia":[{"embeddable":true,"href":"https:\/\/www.europesays.com\/fr\/wp-json\/wp\/v2\/media\/272440"}],"wp:attachment":[{"href":"https:\/\/www.europesays.com\/fr\/wp-json\/wp\/v2\/media?parent=272439"}],"wp:term":[{"taxonomy":"category","embeddable":true,"href":"https:\/\/www.europesays.com\/fr\/wp-json\/wp\/v2\/categories?post=272439"},{"taxonomy":"post_tag","embeddable":true,"href":"https:\/\/www.europesays.com\/fr\/wp-json\/wp\/v2\/tags?post=272439"}],"curies":[{"name":"wp","href":"https:\/\/api.w.org\/{rel}","templated":true}]}}