{"id":272445,"date":"2025-07-25T09:24:12","date_gmt":"2025-07-25T09:24:12","guid":{"rendered":"https:\/\/www.europesays.com\/fr\/272445\/"},"modified":"2025-07-25T09:24:12","modified_gmt":"2025-07-25T09:24:12","slug":"liveblog-la-decision-francaise-de-reconnaitre-un-etat-palestinien-est-une-gifle-pour-les-victimes-du-7-octobre-estiment-les-usa","status":"publish","type":"post","link":"https:\/\/www.europesays.com\/fr\/272445\/","title":{"rendered":"LIVEBLOG | La D\u00e9cision Fran\u00e7aise De Reconna\u00eetre Un Etat Palestinien Est \u00ab\u00a0une Gifle Pour Les Victimes Du 7 Octobre\u00a0\u00bb, Estiment Les USA"},"content":{"rendered":"<p class=\"\" data-is=\"component-paragraph\"><b class=\"\" data-is=\"component-bold\">\u00ab\u00a0La situation \u00e0 Gaza a d\u00e9pass\u00e9 les pires craintes du monde\u00a0\u00bb, selon le Premier ministre australien<\/b><\/p>\n<p class=\"\" data-is=\"component-paragraph\">\u00ab\u00a0La position du gouvernement australien est claire : toute vie innocente compte.\u00a0Chaque Isra\u00e9lien. Chaque Palestinien.\u00a0Ce conflit a co\u00fbt\u00e9 trop de vies innocentes.\u00a0Des dizaines de milliers de civils ont \u00e9t\u00e9 tu\u00e9s, des enfants meurent de faim.\u00a0Gaza est en situation de catastrophe humanitaire. Le blocage de l\u2019aide par Isra\u00ebl et le meurtre de civils, y compris des enfants, qui cherchent \u00e0 acc\u00e9der \u00e0 l\u2019eau et \u00e0 la nourriture, sont injustifiables et inacceptables.\u00a0Nous appelons Isra\u00ebl \u00e0 respecter imm\u00e9diatement ses obligations en vertu du droit international.\u00a0Cela inclut l\u2019autorisation pour l\u2019ONU et les organisations humanitaires (ONG) d\u2019exercer en toute s\u00e9curit\u00e9 et sans entrave leur mission vitale.\u00a0Toute proposition de transfert forc\u00e9 et permanent de la population palestinienne doit \u00eatre abandonn\u00e9e\u00a0\u00bb, a d\u00e9clar\u00e9 Anthony Albanese.<\/p>\n<p class=\"\" data-is=\"component-paragraph\">\u00ab\u00a0L\u2019Australie condamne le terrorisme et la cruaut\u00e9 du Hamas, et nous r\u00e9it\u00e9rons notre appel \u00e0 la lib\u00e9ration imm\u00e9diate de tous les otages restants.\u00a0Nous continuons \u00e0 soutenir tous les efforts internationaux pour parvenir \u00e0 un cessez-le-feu, en reconnaissant qu\u2019un cessez-le-feu imm\u00e9diat et permanent est le meilleur espoir de ramener les otages chez eux et d\u2019att\u00e9nuer la souffrance de leurs proches.\u00a0L\u2019Australie est fi\u00e8re de son soutien ferme \u00e0 la cr\u00e9ation de l\u2019\u00c9tat moderne d\u2019Isra\u00ebl\u00a0\u00bb.<\/p>\n<p class=\"\" data-is=\"component-paragraph\">Alors, comme aujourd\u2019hui, la communaut\u00e9 internationale a envisag\u00e9 deux \u00c9tats : l\u2019\u00c9tat d\u2019Isra\u00ebl et l\u2019\u00c9tat de Palestine.\u00a0La reconnaissance des aspirations l\u00e9gitimes du peuple palestinien \u00e0 disposer de son propre \u00c9tat a longtemps constitu\u00e9 une position bipartisane en Australie.\u00a0La raison pour laquelle la solution \u00e0 deux \u00c9tats reste l\u2019objectif de la communaut\u00e9 internationale, c\u2019est qu\u2019une paix juste et durable en d\u00e9pend.\u00a0L\u2019Australie est engag\u00e9e en faveur d\u2019un avenir dans lequel les deux peuples \u2014 isra\u00e9lien et palestinien \u2014 vivent en paix et en s\u00e9curit\u00e9, dans des fronti\u00e8res reconnues et s\u00fbres.\u00a0D\u2019ici l\u00e0, tous les efforts doivent \u00eatre consacr\u00e9s, d\u00e8s maintenant, \u00e0 la protection des vies innocentes et \u00e0 la fin des souffrances et de la famine des habitants de Gaza\u00a0\u00bb, a-t-il conclu.<\/p>\n","protected":false},"excerpt":{"rendered":"\u00ab\u00a0La situation \u00e0 Gaza a d\u00e9pass\u00e9 les pires craintes du monde\u00a0\u00bb, selon le Premier ministre australien \u00ab\u00a0La position&hellip;\n","protected":false},"author":2,"featured_media":272446,"comment_status":"","ping_status":"","sticky":false,"template":"","format":"standard","meta":{"footnotes":""},"categories":[1589],"tags":[11,73,1866,12,1864,1865,1863,308],"class_list":{"0":"post-272445","1":"post","2":"type-post","3":"status-publish","4":"format-standard","5":"has-post-thumbnail","7":"category-etats-unis","8":"tag-actualites","9":"tag-etats-unis","10":"tag-etats-unis-damerique","11":"tag-news","12":"tag-united-states","13":"tag-united-states-of-america","14":"tag-us","15":"tag-usa"},"share_on_mastodon":{"url":"https:\/\/pubeurope.com\/@fr\/114913153071217840","error":""},"_links":{"self":[{"href":"https:\/\/www.europesays.com\/fr\/wp-json\/wp\/v2\/posts\/272445","targetHints":{"allow":["GET"]}}],"collection":[{"href":"https:\/\/www.europesays.com\/fr\/wp-json\/wp\/v2\/posts"}],"about":[{"href":"https:\/\/www.europesays.com\/fr\/wp-json\/wp\/v2\/types\/post"}],"author":[{"embeddable":true,"href":"https:\/\/www.europesays.com\/fr\/wp-json\/wp\/v2\/users\/2"}],"replies":[{"embeddable":true,"href":"https:\/\/www.europesays.com\/fr\/wp-json\/wp\/v2\/comments?post=272445"}],"version-history":[{"count":0,"href":"https:\/\/www.europesays.com\/fr\/wp-json\/wp\/v2\/posts\/272445\/revisions"}],"wp:featuredmedia":[{"embeddable":true,"href":"https:\/\/www.europesays.com\/fr\/wp-json\/wp\/v2\/media\/272446"}],"wp:attachment":[{"href":"https:\/\/www.europesays.com\/fr\/wp-json\/wp\/v2\/media?parent=272445"}],"wp:term":[{"taxonomy":"category","embeddable":true,"href":"https:\/\/www.europesays.com\/fr\/wp-json\/wp\/v2\/categories?post=272445"},{"taxonomy":"post_tag","embeddable":true,"href":"https:\/\/www.europesays.com\/fr\/wp-json\/wp\/v2\/tags?post=272445"}],"curies":[{"name":"wp","href":"https:\/\/api.w.org\/{rel}","templated":true}]}}