{"id":272448,"date":"2025-07-25T09:26:10","date_gmt":"2025-07-25T09:26:10","guid":{"rendered":"https:\/\/www.europesays.com\/fr\/272448\/"},"modified":"2025-07-25T09:26:10","modified_gmt":"2025-07-25T09:26:10","slug":"la-loi-qui-va-bouleverser-les-regles-dachat-militaire-en-allemagne","status":"publish","type":"post","link":"https:\/\/www.europesays.com\/fr\/272448\/","title":{"rendered":"la loi qui va bouleverser les r\u00e8gles d\u2019achat militaire en Allemagne"},"content":{"rendered":"<p>Le gouvernement f\u00e9d\u00e9ral allemand a approuv\u00e9, le\u00a0<strong>23 juillet 2025<\/strong>, un\u00a0<strong><a href=\"https:\/\/dserver.bundestag.de\/btd\/20\/075\/2007566.pdf\" target=\"_blank\" rel=\"noopener nofollow\">projet de loi<\/a><\/strong>\u00a0destin\u00e9 \u00e0\u00a0<strong>simplifier et acc\u00e9l\u00e9rer les acquisitions d\u2019armement<\/strong>. Cette r\u00e9forme marque un tournant dans la politique industrielle de d\u00e9fense d\u2019un pays longtemps critiqu\u00e9 pour sa lenteur bureaucratique. \u00c0 l\u2019heure o\u00f9 les tensions internationales s\u2019intensifient, Berlin mise sur la rapidit\u00e9 et l\u2019efficacit\u00e9 logistique.<\/p>\n<p>Une r\u00e9forme l\u00e9gislative strat\u00e9gique pour fluidifier l\u2019acquisition d\u2019armement<\/p>\n<p>\u00c0 travers ce projet, le minist\u00e8re de la D\u00e9fense entend <strong>contourner les freins syst\u00e9miques des<\/strong>\u00a0<strong>march\u00e9s publics<\/strong>, notamment dans les\u00a0<strong>appels d\u2019offres<\/strong>. Le texte vise directement plusieurs piliers du droit allemand : le\u00a0<strong>Gesetz gegen Wettbewerbsbeschr\u00e4nkungen<\/strong>\u00a0(loi contre les restrictions \u00e0 la concurrence) et le\u00a0<strong>Vergabeverordnung Verteidigung und Sicherheit<\/strong>\u00a0(r\u00e8glement sur les march\u00e9s publics dans la d\u00e9fense et la s\u00e9curit\u00e9).<\/p>\n<p>La mesure-phare ?\u00a0<strong>Relever les seuils de d\u00e9clenchement des appels d\u2019offres<\/strong>, permettant ainsi des\u00a0<strong>attributions plus directes<\/strong>\u00a0pour des contrats jug\u00e9s urgents. Le seuil pour les constructions militaires passe \u00e0\u00a0<strong>un million d\u2019euros<\/strong>, ce qui acc\u00e9l\u00e8re les projets de\u00a0casernes\u00a0ou d\u2019entrep\u00f4ts logistiques\u00a0sans examens complexes.<\/p>\n<p>Drones, blind\u00e9s, Taser : un arsenal \u00e9largi sans proc\u00e9dure<\/p>\n<p>Le champ d\u2019application est vaste :\u00a0<strong>v\u00e9hicules blind\u00e9s, drones, uniformes, munitions, pistolets Taser<\/strong>. Tous ces \u00e9quipements pourront \u00eatre command\u00e9s via des proc\u00e9dures simplifi\u00e9es. Le texte concerne \u00e9galement\u00a0<strong>la police f\u00e9d\u00e9rale<\/strong>, d\u00e9sormais habilit\u00e9e \u00e0 utiliser ces circuits d\u2019approvisionnement acc\u00e9l\u00e9r\u00e9s. \u00c0 titre d\u2019exemple, une commande de\u00a0<strong>10 000 pistolets Taser<\/strong>\u00a0est d\u00e9j\u00e0 \u00e9voqu\u00e9e dans les plans internes.<\/p>\n<p>Le ministre de la D\u00e9fense Boris Pistorius a qualifi\u00e9 la r\u00e9forme de\u00a0<strong>\u00ab r\u00e9volutionnaire \u00bb<\/strong>\u00a0et de\u00a0<strong>\u00ab saut quantique \u00bb<\/strong>, soulignant son potentiel de rupture avec la culture administrative traditionnelle, d\u2019apr\u00e8s les informations d\u2019<a href=\"https:\/\/insajderi.org\/fr\/Le-gouvernement-approuve-un-approvisionnement-plus-rapide-pour-l%27arm\u00e9e-allemande--voici-ce-que-cela-signifie\/\" target=\"_blank\" rel=\"noopener nofollow\">Insajderi<\/a>.<\/p>\n<p><img loading=\"lazy\" decoding=\"async\" width=\"1200\" height=\"800\" src=\"data:image\/svg+xml,%3Csvg%20xmlns=\" http:=\"\" alt=\"\" class=\"wp-image-107501\" style=\"width:577px;height:auto\" data-lazy- data-lazy- data-lazy-src=\"https:\/\/www.europesays.com\/fr\/wp-content\/uploads\/2025\/07\/bundespolizei-loi-1200x800.jpg\"\/><\/p>\n<p>D\u00e9rogations aux r\u00e8gles environnementales : une acc\u00e9l\u00e9ration controvers\u00e9e<\/p>\n<p>L\u2019autre versant du texte concerne l\u2019<strong>acc\u00e9l\u00e9ration des chantiers de modernisation<\/strong>\u00a0des infrastructures militaires, actuellement frein\u00e9s par des normes \u00e9cologiques strictes. En supprimant certaines\u00a0<strong>obligations d\u2019\u00e9valuation d\u2019impact environnemental<\/strong>, la loi permettra des r\u00e9novations express, notamment pour les\u00a0<strong>casernes vieillissantes<\/strong>.<\/p>\n<p>Ce volet a suscit\u00e9 des r\u00e9serves dans les milieux \u00e9cologistes, mais le gouvernement argue de la n\u00e9cessit\u00e9 absolue de gagner en agilit\u00e9.<\/p>\n<blockquote class=\"wp-block-quote is-layout-flow wp-block-quote-is-layout-flow\">\n<p>\u00ab <strong>Nous avons besoin de davantage d\u2019\u00e9quipements de protection, et ce, plus rapidement. Cela n\u2019est possible qu\u2019en augmentant la production<\/strong> \u00bb, a justifi\u00e9 la ministre de l\u2019\u00c9conomie\u00a0Katherina Reiche.<\/p>\n<\/blockquote>\n<p>Vers une industrie de d\u00e9fense plus souveraine et r\u00e9active<\/p>\n<p>La r\u00e9forme ne se contente pas d\u2019optimiser les d\u00e9lais. Elle ambitionne de renforcer\u00a0<strong>la base industrielle de d\u00e9fense allemande<\/strong>, en favorisant la\u00a0<strong>production locale<\/strong>, et notamment l\u2019\u00e9mergence de\u00a0<strong>PME et start-up<\/strong>\u00a0dans les cha\u00eenes de fabrication d\u2019armement.<\/p>\n<p>En lib\u00e9rant l\u2019acc\u00e8s aux march\u00e9s, Berlin cherche aussi \u00e0 \u00e9viter la d\u00e9pendance excessive aux fournisseurs \u00e9trangers. Cette orientation rejoint la strat\u00e9gie OTAN de souverainet\u00e9 capacitaire, notamment dans le domaine des\u00a0<strong>munitions intelligentes<\/strong>\u00a0et des\u00a0<strong>syst\u00e8mes interconnect\u00e9s<\/strong>.<\/p>\n<p>Le pari de la vitesse dans un monde instable<\/p>\n<p>Ce projet de loi, d\u00e9sormais transmis au Bundestag, s\u2019inscrit dans un\u00a0<strong>calendrier d\u2019urgence strat\u00e9gique<\/strong>. Depuis 2022, l\u2019Allemagne a doubl\u00e9 son budget d\u00e9fense, avec un fonds sp\u00e9cial de\u00a0<strong>cent milliards d\u2019euros<\/strong>. Mais l\u2019ex\u00e9cution a tard\u00e9, frein\u00e9e par un\u00a0<strong>syst\u00e8me d\u2019achat trop rigide<\/strong>. Ce nouveau texte, en supprimant les d\u00e9lais inutiles, vise \u00e0\u00a0<strong>r\u00e9armer l\u2019arm\u00e9e allemande sans d\u00e9lai<\/strong>.<\/p>\n","protected":false},"excerpt":{"rendered":"Le gouvernement f\u00e9d\u00e9ral allemand a approuv\u00e9, le\u00a023 juillet 2025, un\u00a0projet de loi\u00a0destin\u00e9 \u00e0\u00a0simplifier et acc\u00e9l\u00e9rer les acquisitions d\u2019armement.&hellip;\n","protected":false},"author":2,"featured_media":272449,"comment_status":"","ping_status":"","sticky":false,"template":"","format":"standard","meta":{"footnotes":""},"categories":[1587],"tags":[11,672,1804,1805,1803,1777,674,1801,12,1802],"class_list":{"0":"post-272448","1":"post","2":"type-post","3":"status-publish","4":"format-standard","5":"has-post-thumbnail","7":"category-allemagne","8":"tag-actualites","9":"tag-allemagne","10":"tag-bundesrepublik-deutschland","11":"tag-de","12":"tag-deutschland","13":"tag-eu","14":"tag-europe","15":"tag-germany","16":"tag-news","17":"tag-republique-federale-dallemagne"},"share_on_mastodon":{"url":"https:\/\/pubeurope.com\/@fr\/114913160954018304","error":""},"_links":{"self":[{"href":"https:\/\/www.europesays.com\/fr\/wp-json\/wp\/v2\/posts\/272448","targetHints":{"allow":["GET"]}}],"collection":[{"href":"https:\/\/www.europesays.com\/fr\/wp-json\/wp\/v2\/posts"}],"about":[{"href":"https:\/\/www.europesays.com\/fr\/wp-json\/wp\/v2\/types\/post"}],"author":[{"embeddable":true,"href":"https:\/\/www.europesays.com\/fr\/wp-json\/wp\/v2\/users\/2"}],"replies":[{"embeddable":true,"href":"https:\/\/www.europesays.com\/fr\/wp-json\/wp\/v2\/comments?post=272448"}],"version-history":[{"count":0,"href":"https:\/\/www.europesays.com\/fr\/wp-json\/wp\/v2\/posts\/272448\/revisions"}],"wp:featuredmedia":[{"embeddable":true,"href":"https:\/\/www.europesays.com\/fr\/wp-json\/wp\/v2\/media\/272449"}],"wp:attachment":[{"href":"https:\/\/www.europesays.com\/fr\/wp-json\/wp\/v2\/media?parent=272448"}],"wp:term":[{"taxonomy":"category","embeddable":true,"href":"https:\/\/www.europesays.com\/fr\/wp-json\/wp\/v2\/categories?post=272448"},{"taxonomy":"post_tag","embeddable":true,"href":"https:\/\/www.europesays.com\/fr\/wp-json\/wp\/v2\/tags?post=272448"}],"curies":[{"name":"wp","href":"https:\/\/api.w.org\/{rel}","templated":true}]}}