{"id":272456,"date":"2025-07-25T09:30:15","date_gmt":"2025-07-25T09:30:15","guid":{"rendered":"https:\/\/www.europesays.com\/fr\/272456\/"},"modified":"2025-07-25T09:30:15","modified_gmt":"2025-07-25T09:30:15","slug":"bouches-du-rhone-deux-hommes-qui-tiraient-en-lair-depuis-un-scooter-percutes-par-un-vehicule-un-mort-et-un-blesse","status":"publish","type":"post","link":"https:\/\/www.europesays.com\/fr\/272456\/","title":{"rendered":"Bouches-du-Rh\u00f4ne\u00a0: deux hommes, qui tiraient en l\u2019air depuis un scooter, percut\u00e9s par un v\u00e9hicule, un mort et un bless\u00e9"},"content":{"rendered":"<p class=\"paragraph text_align_left lp-f-body-02\">Deux hommes, qui tiraient en l\u2019air depuis un scooter dans les rues de Tarascon (<a href=\"https:\/\/www.leparisien.fr\/bouches-du-rhone-13\/\" target=\"_blank\" rel=\"noreferrer nofollow noopener\">Bouches-du-Rh\u00f4ne<\/a>), ce jeudi soir, ont \u00e9t\u00e9 percut\u00e9s quelques minutes plus tard, \u00e0 hauteur de Boulbon, par un v\u00e9hicule qui a ensuite pris la fuite, a appris Le Parisien de source polici\u00e8re, confirmant <a href=\"https:\/\/www.bfmtv.com\/marseille\/info-bfmtv-bouches-du-rhone-deux-hommes-qui-tiraient-en-l-air-depuis-un-scooter-percutes-un-mort_AN-202507240567.html?at_brand=BFMTV&amp;at_compte=BFMTV&amp;at_plateforme=twitter&amp;at_campaign=Fan_pages&amp;at_medium=Community_Management\" target=\"_blank\" rel=\"noreferrer nofollow noopener\">une information de BFMTV<\/a>.<\/p>\n<p class=\"paragraph text_align_left lp-f-body-02\">Un accident, qui pourrait \u00eatre volontaire, dans lequel le conducteur du scooter a \u00e9t\u00e9 gri\u00e8vement bless\u00e9. Il a \u00e9t\u00e9 transport\u00e9 en urgence absolue \u00e0 l\u2019h\u00f4pital de Marseille, selon nos informations.<\/p>\n<p>Le v\u00e9hicule retrouv\u00e9 incendi\u00e9<\/p>\n<p class=\"paragraph text_align_left lp-f-body-02\">Ce jeudi soir, il est environ 19h15 quand deux hommes, circulant \u00e0 bord d\u2019un scooter TMax, \u00ab\u00a0rentrent dans la cit\u00e9 des Ferrages\u00a0\u00bb, <a href=\"https:\/\/www.leparisien.fr\/faits-divers\/prisons-attaquees-trois-nouvelles-voitures-incendiees-devant-le-centre-penitentiaire-de-tarascon-16-04-2025-G35FJD4JYZEHJF6GBSIZRDWWKU.php\" target=\"_blank\" rel=\"noreferrer nofollow noopener\">\u00e0 Tarascon<\/a>, un quartier connu pour son trafic de drogue. Le passager brandi une arme de poing et \u00ab\u00a0tire en l\u2019air \u00e0 plusieurs reprises\u00a0\u00bb, avant de repartir, selon nos informations.<\/p>\n<p class=\"paragraph text_align_left lp-f-body-02\">Mais quelques minutes plus tard, le scooter est violemment percut\u00e9 par un v\u00e9hicule, \u00ab\u00a0sur la commune de Boulbon \u00e0 environ dix kilom\u00e8tres\u00a0\u00bb de Tarascon, qui prend la fuite. Selon nos confr\u00e8res de BFMTV, l\u2019accident pourrait \u00eatre volontaire, selon les premiers \u00e9l\u00e9ments de l\u2019enqu\u00eate. Gri\u00e8vement bless\u00e9, le conducteur du scooter a \u00e9t\u00e9 \u00ab\u00a0h\u00e9liport\u00e9\u00a0\u00bb vers l\u2019h\u00f4pital de Marseille. Son pronostic vital n\u2019est pas engag\u00e9, selon nos informations. Le passager, lui, connu des services de police, a \u00e9t\u00e9 tu\u00e9 sur le coup.<\/p>\n<p class=\"lp-card-podcast-highlighting__title  lp-f-subtitle-05\">[4\/4] L\u2019attentat du \u00ab\u00a0Rainbow Warrior\u00a0\u00bb\u00a0: un scandale d\u2019\u00c9tat<\/p>\n<p class=\"lp-card-podcast-highlighting__description lp-f-ui-05\">Crime story raconte chaque semaine les grandes affaires criminelles.<\/p>\n<p><a class=\"lp-card-podcast-highlighting__call-to-action\" data-page-type=\"HP\" data-block-name=\"podcast-highlight\">\u00c9couter<\/a><\/p>\n<p class=\"paragraph text_align_left lp-f-body-02\">Sur le lieu de la collision, les enqu\u00eateurs ont retrouv\u00e9 une arme de poing, pouvant correspondre avec celle utilis\u00e9e par les passagers du scooter pour tirer dans la cit\u00e9 des Ferrages. Une douille de 9\u00a0mm a \u00e9galement \u00e9t\u00e9 d\u00e9couverte dans la cit\u00e9 des Ferrages, rue des Halles, selon une source polici\u00e8re.<\/p>\n<p class=\"paragraph text_align_left lp-f-body-02\">Le v\u00e9hicule impliqu\u00e9 dans la collision, signal\u00e9 vol\u00e9, a pris feu. Le conducteur, qui a pris la fuite, est recherch\u00e9, selon nos informations.<\/p>\n","protected":false},"excerpt":{"rendered":"Deux hommes, qui tiraient en l\u2019air depuis un scooter dans les rues de Tarascon (Bouches-du-Rh\u00f4ne), ce jeudi soir,&hellip;\n","protected":false},"author":2,"featured_media":21381,"comment_status":"","ping_status":"","sticky":false,"template":"","format":"standard","meta":{"footnotes":""},"categories":[2],"tags":[11,459,118,1011,27,12,25],"class_list":{"0":"post-272456","1":"post","2":"type-post","3":"status-publish","4":"format-standard","5":"has-post-thumbnail","7":"category-actualites","8":"tag-actualites","9":"tag-departements-horsidfo","10":"tag-faits-divers","11":"tag-fr","12":"tag-france","13":"tag-news","14":"tag-republique-francaise"},"share_on_mastodon":{"url":"https:\/\/pubeurope.com\/@fr\/114913176859617774","error":""},"_links":{"self":[{"href":"https:\/\/www.europesays.com\/fr\/wp-json\/wp\/v2\/posts\/272456","targetHints":{"allow":["GET"]}}],"collection":[{"href":"https:\/\/www.europesays.com\/fr\/wp-json\/wp\/v2\/posts"}],"about":[{"href":"https:\/\/www.europesays.com\/fr\/wp-json\/wp\/v2\/types\/post"}],"author":[{"embeddable":true,"href":"https:\/\/www.europesays.com\/fr\/wp-json\/wp\/v2\/users\/2"}],"replies":[{"embeddable":true,"href":"https:\/\/www.europesays.com\/fr\/wp-json\/wp\/v2\/comments?post=272456"}],"version-history":[{"count":0,"href":"https:\/\/www.europesays.com\/fr\/wp-json\/wp\/v2\/posts\/272456\/revisions"}],"wp:featuredmedia":[{"embeddable":true,"href":"https:\/\/www.europesays.com\/fr\/wp-json\/wp\/v2\/media\/21381"}],"wp:attachment":[{"href":"https:\/\/www.europesays.com\/fr\/wp-json\/wp\/v2\/media?parent=272456"}],"wp:term":[{"taxonomy":"category","embeddable":true,"href":"https:\/\/www.europesays.com\/fr\/wp-json\/wp\/v2\/categories?post=272456"},{"taxonomy":"post_tag","embeddable":true,"href":"https:\/\/www.europesays.com\/fr\/wp-json\/wp\/v2\/tags?post=272456"}],"curies":[{"name":"wp","href":"https:\/\/api.w.org\/{rel}","templated":true}]}}