{"id":272463,"date":"2025-07-25T09:35:10","date_gmt":"2025-07-25T09:35:10","guid":{"rendered":"https:\/\/www.europesays.com\/fr\/272463\/"},"modified":"2025-07-25T09:35:10","modified_gmt":"2025-07-25T09:35:10","slug":"us-open-deja-un-gros-forfait-a-new-york","status":"publish","type":"post","link":"https:\/\/www.europesays.com\/fr\/272463\/","title":{"rendered":"US Open > D\u00e9j\u00e0 un gros forfait \u00e0 New-York !"},"content":{"rendered":"<p>M\u00eame si on s\u2019y atten\u00addait un peu, c\u2019est main\u00adte\u00adnant offi\u00adciel, Hubert Hurkacz ne sera pas \u00e0 l\u2019US\u00a0Open.\u00a0<\/p>\n<blockquote class=\"twitter-tweet\">\n<p lang=\"pl\" dir=\"ltr\">Hubert Hurkacz wycofa\u0142 si\u0119 z US Open.<\/p>\n<p>\ud83d\udcf8 Getty Images | <a href=\"https:\/\/twitter.com\/hashtag\/USOpen?src=hash&amp;ref_src=twsrc%5Etfw\" data-wpel-link=\"external\" target=\"_blank\" rel=\"nofollow external noopener\">#USOpen<\/a> | <a href=\"https:\/\/twitter.com\/hashtag\/czasnatenis?src=hash&amp;ref_src=twsrc%5Etfw\" data-wpel-link=\"external\" target=\"_blank\" rel=\"nofollow external noopener\">#czas\u00adna\u00adtenis<\/a> <a href=\"https:\/\/t.co\/3lg8xVjjrm\" data-wpel-link=\"external\" target=\"_blank\" rel=\"nofollow external noopener\">https:\/\/t.co\/3lg8xVjjrm<\/a> <a href=\"https:\/\/t.co\/w7frcVoqkV\" data-wpel-link=\"external\" target=\"_blank\" rel=\"nofollow external noopener\">pic.twitter.com\/w7frcVoqkV<\/a><\/p>\n<p>\u2014 Z kortu \u2013 infor\u00admacje teni\u00adsowe (@z_kortu) <a href=\"https:\/\/twitter.com\/z_kortu\/status\/1948436137099538547?ref_src=twsrc%5Etfw\" data-wpel-link=\"external\" target=\"_blank\" rel=\"nofollow external noopener\">July 24,\u00a02025<\/a><\/p><\/blockquote>\n<p>Toujours emb\u00eat\u00e9 par la bles\u00adsure au m\u00e9nisque du genou droit subie en 2024 \u00e0 Wimbledon, et pour laquelle il a d\u00fb \u00eatre op\u00e9r\u00e9, Hubert a d\u00e9grin\u00adgol\u00e9 au clas\u00adse\u00adment ATP, il est\u00a036\u00e8me.\u00a0<\/p>\n<p>Forfait au tournoi de Bois\u2010le\u2010Duc en d\u00e9but juin. Hurkacz ne s\u2019en sort pas et on ne connait pas la date de son retour.<\/p>\n<p class=\"post-published-date\" style=\"color: silver; font-size: 75%; text-align: left;\">Publi\u00e9 le vendredi 25 juillet 2025 \u00e0 10:23<\/p>\n<p><script async src=\"https:\/\/platform.twitter.com\/widgets.js\" charset=\"utf-8\"><\/script><\/p>\n","protected":false},"excerpt":{"rendered":"M\u00eame si on s\u2019y atten\u00addait un peu, c\u2019est main\u00adte\u00adnant offi\u00adciel, Hubert Hurkacz ne sera pas \u00e0 l\u2019US\u00a0Open.\u00a0 Hubert&hellip;\n","protected":false},"author":2,"featured_media":272464,"comment_status":"","ping_status":"","sticky":false,"template":"","format":"standard","meta":{"footnotes":""},"categories":[1415],"tags":[1011,27,60,1467],"class_list":{"0":"post-272463","1":"post","2":"type-post","3":"status-publish","4":"format-standard","5":"has-post-thumbnail","7":"category-tennis","8":"tag-fr","9":"tag-france","10":"tag-sports","11":"tag-tennis"},"share_on_mastodon":{"url":"https:\/\/pubeurope.com\/@fr\/114913196283601880","error":""},"_links":{"self":[{"href":"https:\/\/www.europesays.com\/fr\/wp-json\/wp\/v2\/posts\/272463","targetHints":{"allow":["GET"]}}],"collection":[{"href":"https:\/\/www.europesays.com\/fr\/wp-json\/wp\/v2\/posts"}],"about":[{"href":"https:\/\/www.europesays.com\/fr\/wp-json\/wp\/v2\/types\/post"}],"author":[{"embeddable":true,"href":"https:\/\/www.europesays.com\/fr\/wp-json\/wp\/v2\/users\/2"}],"replies":[{"embeddable":true,"href":"https:\/\/www.europesays.com\/fr\/wp-json\/wp\/v2\/comments?post=272463"}],"version-history":[{"count":0,"href":"https:\/\/www.europesays.com\/fr\/wp-json\/wp\/v2\/posts\/272463\/revisions"}],"wp:featuredmedia":[{"embeddable":true,"href":"https:\/\/www.europesays.com\/fr\/wp-json\/wp\/v2\/media\/272464"}],"wp:attachment":[{"href":"https:\/\/www.europesays.com\/fr\/wp-json\/wp\/v2\/media?parent=272463"}],"wp:term":[{"taxonomy":"category","embeddable":true,"href":"https:\/\/www.europesays.com\/fr\/wp-json\/wp\/v2\/categories?post=272463"},{"taxonomy":"post_tag","embeddable":true,"href":"https:\/\/www.europesays.com\/fr\/wp-json\/wp\/v2\/tags?post=272463"}],"curies":[{"name":"wp","href":"https:\/\/api.w.org\/{rel}","templated":true}]}}